{"id":14926,"date":"2020-03-12T19:44:21","date_gmt":"2020-03-12T19:44:21","guid":{"rendered":"http:\/\/www.iceagetv.com\/radiosite\/?p=14926"},"modified":"2020-03-12T19:44:21","modified_gmt":"2020-03-12T19:44:21","slug":"coronavirus-des-lundi-les-creches-ecoles-colleges-lycees-et-universites-resteront-fermes-jusqua-nouvel-ordre-annonce-emmanuel-macron","status":"publish","type":"post","link":"https:\/\/www.iceagetv.com\/radiosite\/coronavirus-des-lundi-les-creches-ecoles-colleges-lycees-et-universites-resteront-fermes-jusqua-nouvel-ordre-annonce-emmanuel-macron\/","title":{"rendered":"Coronavirus : D\u00e8s lundi, les cr\u00e8ches, \u00e9coles, coll\u00e8ges, lyc\u00e9es et universit\u00e9s resteront ferm\u00e9s \u00ab\u00a0jusqu&rsquo;\u00e0 nouvel ordre\u00a0\u00bb, annonce Emmanuel Macron"},"content":{"rendered":"\n<p>Il va&nbsp;<em>\u00ab\u00a0sans doute s&#8217;employer \u00e0 rassurer les Fran\u00e7ais\u00a0\u00bb<\/em>, selon la porte-parole du gouvernement. Emmanuel Macron prend la parole, jeudi 12&nbsp;mars, pour une d\u00e9claration solennelle, la premi\u00e8re du pr\u00e9sident de la R\u00e9publique depuis le d\u00e9but de&nbsp;<a href=\"https:\/\/www.francetvinfo.fr\/sante\/maladie\/coronavirus\/coronavirus-pourquoi-la-gestion-de-l-epidemie-par-la-france-est-elle-critiquee_3862885.html\" target=\"_blank\" rel=\"noreferrer noopener\">l&rsquo;\u00e9pid\u00e9mie de coronavirus qui touche la France<\/a>.&nbsp;Une allocution \u00e0 suivre en direct sur franceinfo \u00e0 partir de 20&nbsp;heures.&nbsp;<\/p>\n\n\n\n<p><strong>&nbsp;Les personnes de plus de 70 ans appel\u00e9es \u00e0 rester chez elles<\/strong><em><strong>.<\/strong>&nbsp;\u00ab\u00a0Je demande ce soir \u00e0 toutes les perosnnes \u00e2g\u00e9es de plus de 70 ans, aux personnes atteintes de maladies chroniques ou respiratoires et en sitation de handicap de rester autant que possible \u00e0 leur domiciles\u00a0\u00bb<\/em>, a annonc\u00e9 Emmanuel Macron.&nbsp;<\/p>\n\n\n\n<p><strong>&nbsp;Les \u00e9lections&nbsp;municipales sont maintenues<\/strong>.&nbsp;<\/p>\n\n\n\n<p><strong>\u00a0Des consultations toute la journ\u00e9e.<\/strong>\u00a0<a rel=\"noreferrer noopener\" href=\"https:\/\/www.francetvinfo.fr\/sante\/maladie\/coronavirus\/coronavirus-que-se-passera-t-il-si-emmanuel-macron-est-contamine_3861561.html\" target=\"_blank\">Emmanuel Macron<\/a>\u00a0a r\u00e9uni autour de lui\u00a0un Conseil de d\u00e9fense\u00a0consacr\u00e9 \u00e0 l&rsquo;\u00e9pid\u00e9mie de Covid-19, afin de pr\u00e9parer les d\u00e9cisions qu&rsquo;il doit annoncer pour tenter de freiner la propagation du virus. Il a\u00a0\u00e9galement consult\u00e9\u00a0les membres d&rsquo;un conseil scientifique. Dans la matin\u00e9e, le Premier ministre Edouard Philippe a de son c\u00f4t\u00e9 r\u00e9uni \u00e0 Matignon, en pr\u00e9sence des ministres concern\u00e9s, les pr\u00e9sidents des Assembl\u00e9es, les pr\u00e9sidents des groupes parlementaires, les chefs de partis et les pr\u00e9sidents des associations d&rsquo;\u00e9lus. Emmanuel Macron conclut sont discours :\u00a0<em>\u00ab\u00a0nous tiendrons tous ensemble. Vive la R\u00e9publique et vive la France\u00a0\u00bb.<\/em>  <\/p>\n\n\n\n<p><strong>CORONAVIRUS<\/strong><em>\u00ab\u00a0Je vous appelle solennellement \u00e0 les adopter. Chacun d&rsquo;entre nous d\u00e9tient une part de la protection des autres.\u00a0\u00bb<\/em>  <strong>CORONAVIRUS\u00a0<em>\u00ab\u00a0<\/em><\/strong><em>Il y aura sans doute des mesures de fermeture de fronti\u00e8res \u00e0 prendre, mais il faudra les prendre quand elles seront pertinentes.\u00a0\u00bb<\/em>  <strong>CORONAVIRUS\u00a0<em>\u00ab\u00a0Rien ne s&rsquo;oppose \u00e0 ce que les Fran\u00e7ais, m\u00eame les plus vuln\u00e9rables, se rendent aux urnes\u00a0\u00bb<\/em>, affirme Emmanuel Macron, excluant ainsi un report des \u00e9lections municipales<\/strong>  <strong>CORONAVIRUS<em>\u00ab\u00a0La tr\u00eave hivernale sera report\u00e9e de deux mois\u00a0\u00bb<\/em>, annonce Emmanuel Macron.<\/strong> <strong>CORONAVIRUS\u00a0<em>\u00ab\u00a0Je demande ce soir \u00e0 toutes les personnes \u00e2g\u00e9es de plus de 70 ans, aux personnes atteintes de maladies chroniques ou respiratoires et en situation de handicap de rester autant que possible \u00e0 leur domicile\u00a0\u00bb<\/em>, affirme Emmanuel Macron<em>.<\/em><\/strong><\/p>\n","protected":false},"excerpt":{"rendered":"<p>Il va&nbsp;\u00ab\u00a0sans doute s&#8217;employer \u00e0 rassurer les Fran\u00e7ais\u00a0\u00bb, selon la porte-parole du gouvernement. Emmanuel Macron prend la parole, jeudi 12&nbsp;mars, pour une d\u00e9claration solennelle, la premi\u00e8re du pr\u00e9sident de la R\u00e9publique depuis le d\u00e9but de&nbsp;l&rsquo;\u00e9pid\u00e9mie de coronavirus qui touche la France.&nbsp;Une allocution \u00e0 suivre en direct sur franceinfo \u00e0 partir de 20&nbsp;heures.&nbsp; &nbsp;Les personnes de [&hellip;]<\/p>\n","protected":false},"author":2,"featured_media":14927,"comment_status":"open","ping_status":"open","sticky":false,"template":"","format":"standard","meta":{"_jetpack_memberships_contains_paid_content":false,"footnotes":"","jetpack_publicize_message":"","jetpack_publicize_feature_enabled":true,"jetpack_social_post_already_shared":true,"jetpack_social_options":{"image_generator_settings":{"template":"highway","default_image_id":0,"font":"","enabled":false},"version":2},"_wpas_customize_per_network":false},"categories":[405],"tags":[2753,2750,2751,2752],"class_list":["post-14926","post","type-post","status-publish","format-standard","has-post-thumbnail","hentry","category-actu-france-monde","tag-colleges","tag-des-lundi","tag-ecoles","tag-les-creches"],"jetpack_publicize_connections":[],"jetpack_featured_media_url":"https:\/\/i0.wp.com\/www.iceagetv.com\/radiosite\/wp-content\/uploads\/2020\/03\/D%C3%A8s-lundi-les-cr%C3%A8ches-%C3%A9coles-coll%C3%A8ges-lyc%C3%A9es-et-universit%C3%A9s-resteront-ferm%C3%A9s-jusqu%C3%A0-nouvel-ordre-annonce-Emmanuel-Macron.jpg?fit=770%2C433&ssl=1","jetpack_sharing_enabled":true,"_links":{"self":[{"href":"https:\/\/www.iceagetv.com\/radiosite\/wp-json\/wp\/v2\/posts\/14926","targetHints":{"allow":["GET"]}}],"collection":[{"href":"https:\/\/www.iceagetv.com\/radiosite\/wp-json\/wp\/v2\/posts"}],"about":[{"href":"https:\/\/www.iceagetv.com\/radiosite\/wp-json\/wp\/v2\/types\/post"}],"author":[{"embeddable":true,"href":"https:\/\/www.iceagetv.com\/radiosite\/wp-json\/wp\/v2\/users\/2"}],"replies":[{"embeddable":true,"href":"https:\/\/www.iceagetv.com\/radiosite\/wp-json\/wp\/v2\/comments?post=14926"}],"version-history":[{"count":1,"href":"https:\/\/www.iceagetv.com\/radiosite\/wp-json\/wp\/v2\/posts\/14926\/revisions"}],"predecessor-version":[{"id":14928,"href":"https:\/\/www.iceagetv.com\/radiosite\/wp-json\/wp\/v2\/posts\/14926\/revisions\/14928"}],"wp:featuredmedia":[{"embeddable":true,"href":"https:\/\/www.iceagetv.com\/radiosite\/wp-json\/wp\/v2\/media\/14927"}],"wp:attachment":[{"href":"https:\/\/www.iceagetv.com\/radiosite\/wp-json\/wp\/v2\/media?parent=14926"}],"wp:term":[{"taxonomy":"category","embeddable":true,"href":"https:\/\/www.iceagetv.com\/radiosite\/wp-json\/wp\/v2\/categories?post=14926"},{"taxonomy":"post_tag","embeddable":true,"href":"https:\/\/www.iceagetv.com\/radiosite\/wp-json\/wp\/v2\/tags?post=14926"}],"curies":[{"name":"wp","href":"https:\/\/api.w.org\/{rel}","templated":true}]}}