{"id":14929,"date":"2020-03-13T10:29:32","date_gmt":"2020-03-13T10:29:32","guid":{"rendered":"http:\/\/www.iceagetv.com\/radiosite\/?p=14929"},"modified":"2020-03-13T10:29:32","modified_gmt":"2020-03-13T10:29:32","slug":"la-l1-a-larret-jusqua-nouvel-ordre","status":"publish","type":"post","link":"https:\/\/www.iceagetv.com\/radiosite\/la-l1-a-larret-jusqua-nouvel-ordre\/","title":{"rendered":"La L1 \u00e0 l&rsquo;arr\u00eat jusqu&rsquo;\u00e0 nouvel ordre"},"content":{"rendered":"\n<h2 class=\"wp-block-heading\">LIGUE 1 &#8211; Comme attendu, la LFP a annonc\u00e9, ce vendredi, la suspension imm\u00e9diate et jusqu&rsquo;\u00e0 nouvel ordre de la Ligue 1 et Ligue 2 en raison de la pand\u00e9mie du coronavirus. La 29e journ\u00e9e, qui devait commencer ce vendredi soir avec OL-Reims, est donc report\u00e9e.<\/h2>\n\n\n\n<p>La LFP a d\u00e9cid\u00e9 de dire stop. \u00c0 l&rsquo;instar de la Liga, la Serie A ou encore la Bundesliga (<em>\u00e0 partir de mardi, ndlr<\/em>), la Ligue 1 est officiellement suspendue \u00e0 partir de ce vendredi en raison de la pand\u00e9mie du coronavirus. Et ce jusqu&rsquo;\u00e0 nouvel ordre. Cette d\u00e9cision a \u00e9t\u00e9 prise \u00e0 l&rsquo;issue d&rsquo;un conseil d&rsquo;administration r\u00e9uni d&rsquo;urgence ce vendredi matin pour faire le point sur la situation. Les 29es journ\u00e9es de L1 et L2, pr\u00e9vues ce week-end, sont donc officiellement report\u00e9es.<\/p>\n\n\n\n<p>\u00ab\u00a0<em>Comme l\u2019a soulign\u00e9 hier le Pr\u00e9sident de la R\u00e9publique, il faut placer l\u2019int\u00e9r\u00eat collectif au-dessus de tout. L\u2019urgence est aujourd\u2019hui de freiner l\u2019\u00e9pid\u00e9mie, de prot\u00e9ger les plus vuln\u00e9rables, et d\u2019\u00e9viter les d\u00e9placements<\/em>\u00ab\u00a0, explique le communiqu\u00e9. \u00ab\u00a0<em>A l\u2019issue de la r\u00e9union programm\u00e9e par l\u2019UEFA le 17 mars prochain, le Conseil d\u2019Administration de la LFP se r\u00e9unira<\/em>\u00ab\u00a0, annonce \u00e9galement la LFP, en pr\u00e9vision d&rsquo;une possible suspension de la Ligue des champions et Ligue Europa.<\/p>\n\n\n\n<h2 class=\"wp-block-heading\">L&rsquo;UNFP avait demand\u00e9 un report<\/h2>\n\n\n\n<p>Plus t\u00f4t dans la semaine, la LFP avait, dans un premier temps, annonc\u00e9 des matches \u00e0 huis clos jusqu&rsquo;au 15 avril prochain. Au vu de l&rsquo;\u00e9volution de cette pand\u00e9mie, il a finalement \u00e9t\u00e9 d\u00e9cid\u00e9 de reporter purement et simplement le championnat de France. L&rsquo;UNFP (Union nationale des footballeurs professionnels), de son c\u00f4t\u00e9, avait d&rsquo;ores et d\u00e9j\u00e0 annonc\u00e9 son souhait de voir les matches report\u00e9s. Jeudi soir, la F\u00e9d\u00e9ration fran\u00e7aise de football avait d\u00e9cid\u00e9 de stopper tous les matches des championnats amateurs et la D1 f\u00e9minine. \u00ab\u00a0<em>Les annonces du Pr\u00e9sident de la R\u00e9publique conduisent la F\u00e9d\u00e9ration fran\u00e7aise de football \u00e0 prendre ses responsabilit\u00e9s pour contribuer sans ambigu\u00eft\u00e9 \u00e0 endiguer la crise sanitaire qui frappe notre pays. En cons\u00e9quence, je souhaite annoncer d\u00e8s ce soir (jeudi) la suspension de l\u2019ensemble des activit\u00e9s et comp\u00e9titions g\u00e9r\u00e9es par la F\u00e9d\u00e9ration, ses ligues et ses districts, sur l&rsquo;ensemble du territoire<\/em>\u00ab\u00a0, avait expliqu\u00e9 No\u00ebl Le Graet, le pr\u00e9sident de la FFF. <\/p>\n","protected":false},"excerpt":{"rendered":"<p>LIGUE 1 &#8211; Comme attendu, la LFP a annonc\u00e9, ce vendredi, la suspension imm\u00e9diate et jusqu&rsquo;\u00e0 nouvel ordre de la Ligue 1 et Ligue 2 en raison de la pand\u00e9mie du coronavirus. La 29e journ\u00e9e, qui devait commencer ce vendredi soir avec OL-Reims, est donc report\u00e9e. La LFP a d\u00e9cid\u00e9 de dire stop. \u00c0 l&rsquo;instar [&hellip;]<\/p>\n","protected":false},"author":2,"featured_media":14930,"comment_status":"open","ping_status":"open","sticky":false,"template":"","format":"standard","meta":{"_jetpack_memberships_contains_paid_content":false,"footnotes":"","jetpack_publicize_message":"","jetpack_publicize_feature_enabled":true,"jetpack_social_post_already_shared":true,"jetpack_social_options":{"image_generator_settings":{"template":"highway","default_image_id":0,"font":"","enabled":false},"version":2},"_wpas_customize_per_network":false},"categories":[18],"tags":[],"class_list":["post-14929","post","type-post","status-publish","format-standard","has-post-thumbnail","hentry","category-actu-sport"],"jetpack_publicize_connections":[],"jetpack_featured_media_url":"https:\/\/i0.wp.com\/www.iceagetv.com\/radiosite\/wp-content\/uploads\/2020\/03\/La-L1-%C3%A0-larr%C3%AAt-jusqu%C3%A0-nouvel-ordre.jpg?fit=1950%2C1096&ssl=1","jetpack_sharing_enabled":true,"_links":{"self":[{"href":"https:\/\/www.iceagetv.com\/radiosite\/wp-json\/wp\/v2\/posts\/14929","targetHints":{"allow":["GET"]}}],"collection":[{"href":"https:\/\/www.iceagetv.com\/radiosite\/wp-json\/wp\/v2\/posts"}],"about":[{"href":"https:\/\/www.iceagetv.com\/radiosite\/wp-json\/wp\/v2\/types\/post"}],"author":[{"embeddable":true,"href":"https:\/\/www.iceagetv.com\/radiosite\/wp-json\/wp\/v2\/users\/2"}],"replies":[{"embeddable":true,"href":"https:\/\/www.iceagetv.com\/radiosite\/wp-json\/wp\/v2\/comments?post=14929"}],"version-history":[{"count":1,"href":"https:\/\/www.iceagetv.com\/radiosite\/wp-json\/wp\/v2\/posts\/14929\/revisions"}],"predecessor-version":[{"id":14931,"href":"https:\/\/www.iceagetv.com\/radiosite\/wp-json\/wp\/v2\/posts\/14929\/revisions\/14931"}],"wp:featuredmedia":[{"embeddable":true,"href":"https:\/\/www.iceagetv.com\/radiosite\/wp-json\/wp\/v2\/media\/14930"}],"wp:attachment":[{"href":"https:\/\/www.iceagetv.com\/radiosite\/wp-json\/wp\/v2\/media?parent=14929"}],"wp:term":[{"taxonomy":"category","embeddable":true,"href":"https:\/\/www.iceagetv.com\/radiosite\/wp-json\/wp\/v2\/categories?post=14929"},{"taxonomy":"post_tag","embeddable":true,"href":"https:\/\/www.iceagetv.com\/radiosite\/wp-json\/wp\/v2\/tags?post=14929"}],"curies":[{"name":"wp","href":"https:\/\/api.w.org\/{rel}","templated":true}]}}