{"id":14935,"date":"2020-03-13T10:36:10","date_gmt":"2020-03-13T10:36:10","guid":{"rendered":"http:\/\/www.iceagetv.com\/radiosite\/?p=14935"},"modified":"2020-03-13T10:36:10","modified_gmt":"2020-03-13T10:36:10","slug":"municipales-2020-bienvenue-a-pont-dain-la-plus-grosse-commune-de-france-qui-ne-votera-pas-dimanche","status":"publish","type":"post","link":"https:\/\/www.iceagetv.com\/radiosite\/municipales-2020-bienvenue-a-pont-dain-la-plus-grosse-commune-de-france-qui-ne-votera-pas-dimanche\/","title":{"rendered":"Municipales 2020 : bienvenue \u00e0 Pont-d&rsquo;Ain, la plus grosse commune de France qui ne votera pas dimanche"},"content":{"rendered":"\n<p><em>Alors, on\u00a0m&rsquo;a dit que c&rsquo;\u00e9tait toi le nouveau maire\u00a0\u00bb<\/em>, lance un habitu\u00e9 du\u00a0caf\u00e9 du Champ de foire de Pont-d&rsquo;Ain en levant son verre de pastis.\u00a0<em>\u00ab\u00a0Ah, bah \u00e7a va \u00eatre un beau bordel\u00a0\u00bb<\/em>, r\u00e9pond son acolyte, accoud\u00e9 au comptoir. A\u00a0l&rsquo;heure de l&rsquo;ap\u00e9ro, lundi 9 mars, les\u00a0Pondinoises et les Pondinois pr\u00e9f\u00e8rent rire de l<a href=\"https:\/\/www.francetvinfo.fr\/elections\/municipales\/elections-municipales-des-communes-sans-candidat_3851937.html\">a situation<\/a>. Leur ville, qui compte environ 3\u00a0000 habitants, n&rsquo;est pas parvenue \u00e0 trouver de candidat pour les\u00a0<a href=\"https:\/\/www.francetvinfo.fr\/elections\/\">\u00e9lections municipales<\/a>. Les habitants de ce chef-lieu de canton de\u00a0<a href=\"https:\/\/www.francetvinfo.fr\/france\/auvergne-rhone-alpes\/ain\/\">l&rsquo;Ain<\/a>\u00a0feront partie des rares\u00a0Fran\u00e7ais \u00e0 ne pas pouvoir se d\u00e9placer dans un bureau de vote les 15 et les 22 mars.<br> Si l&rsquo;absence de\u00a0liste concerne une\u00a0<a href=\"https:\/\/www.francetvinfo.fr\/elections\/municipales\/carte-je-ne-pensais-pas-qu-il-n-y-aurait-personne-decouvrez-les-106-communes-de-france-sans-candidat-aux-municipales_3853281.html\">centaine de communes fran\u00e7aises<\/a>, Pont-d&rsquo;Ain est la ville la plus peupl\u00e9e \u00e0 se trouver dans cette situation.\u00a0<em>\u00ab\u00a0C&rsquo;est un \u00e9lectrochoc. Tout le monde ne parle que de \u00e7a et du\u00a0<a href=\"https:\/\/www.francetvinfo.fr\/sante\/maladie\/coronavirus\/https:\/\/www.francetvinfo.fr\/sante\/maladie\/coronavirus\/\">coronavirus<\/a><\/em>, t\u00e9moigne Karima Rabehi, une conseill\u00e8re municipale sortante.\u00a0<em>Il y a un sentiment \u00e9trange. On est tous un petit peu dans l&rsquo;expectative, dans l&rsquo;attente de ce qu&rsquo;il va se passer.\u00a0\u00bb\u00a0<\/em>Dans les jours suivants le second tour, la pr\u00e9fecture de l&rsquo;Ain va d\u00e9signer une d\u00e9l\u00e9gation sp\u00e9ciale de trois personnes, compos\u00e9e d&rsquo;anciens \u00e9lus ou d&rsquo;anciens fonctionnaires, afin\u00a0de g\u00e9rer les affaires courantes. Cette d\u00e9l\u00e9gation doit \u00e9galement organiser dans les trois mois une nouvelle \u00e9lection. <\/p>\n","protected":false},"excerpt":{"rendered":"<p>Alors, on\u00a0m&rsquo;a dit que c&rsquo;\u00e9tait toi le nouveau maire\u00a0\u00bb, lance un habitu\u00e9 du\u00a0caf\u00e9 du Champ de foire de Pont-d&rsquo;Ain en levant son verre de pastis.\u00a0\u00ab\u00a0Ah, bah \u00e7a va \u00eatre un beau bordel\u00a0\u00bb, r\u00e9pond son acolyte, accoud\u00e9 au comptoir. A\u00a0l&rsquo;heure de l&rsquo;ap\u00e9ro, lundi 9 mars, les\u00a0Pondinoises et les Pondinois pr\u00e9f\u00e8rent rire de la situation. Leur ville, [&hellip;]<\/p>\n","protected":false},"author":2,"featured_media":14936,"comment_status":"open","ping_status":"open","sticky":false,"template":"","format":"standard","meta":{"_jetpack_memberships_contains_paid_content":false,"footnotes":"","jetpack_publicize_message":"","jetpack_publicize_feature_enabled":true,"jetpack_social_post_already_shared":true,"jetpack_social_options":{"image_generator_settings":{"template":"highway","default_image_id":0,"font":"","enabled":false},"version":2},"_wpas_customize_per_network":false},"categories":[405],"tags":[],"class_list":["post-14935","post","type-post","status-publish","format-standard","has-post-thumbnail","hentry","category-actu-france-monde"],"jetpack_publicize_connections":[],"jetpack_featured_media_url":"https:\/\/i0.wp.com\/www.iceagetv.com\/radiosite\/wp-content\/uploads\/2020\/03\/bienvenue-%C3%A0-Pont-dAin.jpg?fit=1197%2C450&ssl=1","jetpack_sharing_enabled":true,"_links":{"self":[{"href":"https:\/\/www.iceagetv.com\/radiosite\/wp-json\/wp\/v2\/posts\/14935","targetHints":{"allow":["GET"]}}],"collection":[{"href":"https:\/\/www.iceagetv.com\/radiosite\/wp-json\/wp\/v2\/posts"}],"about":[{"href":"https:\/\/www.iceagetv.com\/radiosite\/wp-json\/wp\/v2\/types\/post"}],"author":[{"embeddable":true,"href":"https:\/\/www.iceagetv.com\/radiosite\/wp-json\/wp\/v2\/users\/2"}],"replies":[{"embeddable":true,"href":"https:\/\/www.iceagetv.com\/radiosite\/wp-json\/wp\/v2\/comments?post=14935"}],"version-history":[{"count":1,"href":"https:\/\/www.iceagetv.com\/radiosite\/wp-json\/wp\/v2\/posts\/14935\/revisions"}],"predecessor-version":[{"id":14937,"href":"https:\/\/www.iceagetv.com\/radiosite\/wp-json\/wp\/v2\/posts\/14935\/revisions\/14937"}],"wp:featuredmedia":[{"embeddable":true,"href":"https:\/\/www.iceagetv.com\/radiosite\/wp-json\/wp\/v2\/media\/14936"}],"wp:attachment":[{"href":"https:\/\/www.iceagetv.com\/radiosite\/wp-json\/wp\/v2\/media?parent=14935"}],"wp:term":[{"taxonomy":"category","embeddable":true,"href":"https:\/\/www.iceagetv.com\/radiosite\/wp-json\/wp\/v2\/categories?post=14935"},{"taxonomy":"post_tag","embeddable":true,"href":"https:\/\/www.iceagetv.com\/radiosite\/wp-json\/wp\/v2\/tags?post=14935"}],"curies":[{"name":"wp","href":"https:\/\/api.w.org\/{rel}","templated":true}]}}