{"id":14946,"date":"2020-03-14T08:27:36","date_gmt":"2020-03-14T08:27:36","guid":{"rendered":"http:\/\/www.iceagetv.com\/radiosite\/?p=14946"},"modified":"2020-03-14T16:31:17","modified_gmt":"2020-03-14T16:31:17","slug":"virus-la-region-de-madrid-ferme-tous-ses-commerces-sauf-lalimentation-les-etats-unis-ont-decrete-letat-durgence-dans-tout-le-pays-contrairement-a-la-france-le-royaume-uni-reporte-ses-elec","status":"publish","type":"post","link":"https:\/\/www.iceagetv.com\/radiosite\/virus-la-region-de-madrid-ferme-tous-ses-commerces-sauf-lalimentation-les-etats-unis-ont-decrete-letat-durgence-dans-tout-le-pays-contrairement-a-la-france-le-royaume-uni-reporte-ses-elec\/","title":{"rendered":"VIRUS &#8211; La secr\u00e9taire d&rsquo;Etat Brune Poirson a \u00e9t\u00e9 test\u00e9e positive &#8211; Les colonies de vacances, l&rsquo;accueil p\u00e9riscolaire ou extra-scolaire annul\u00e9s pour les vacances de printemps (Ministre)"},"content":{"rendered":"\n<p>La secr\u00e9taire d&rsquo;Etat Brune Poirson a \u00e9t\u00e9 test\u00e9e positive &#8211; Les colonies de vacances, l&rsquo;accueil p\u00e9riscolaire ou extra-scolaire annul\u00e9s pour les vacances de printemps (Ministre)<\/p>\n\n\n\n<p>C8 vient de prendre la d\u00e9cision d&rsquo;annuler imm\u00e9diatement les tournages de toutes ses \u00e9missions en raisons de l&rsquo;\u00e9pid\u00e9mie de coronavirus avec comme objectif de prot\u00e9ger au maximum le personnel de la cha\u00eene mais aussi le public. D\u00e8s lundi, les tournages de Direct Auto, Gym Direct, les animaux de la 8, mais aussi l&rsquo;\u00e9mission de Eric Naulleau \u00ab\u00a0De quoi j&rsquo;me m\u00eale\u00a0\u00bb sont mis sur pause. De m\u00eame l&rsquo;\u00e9mission de William Leymergie r\u00e9alis\u00e9e en direct est \u00e9galement suspendue d\u00e8s lundi dans le cadre de ces mesures de s\u00e9curit\u00e9.<\/p>\n\n\n\n<p>A cette heure, C8 d\u00e9cide de ne maintenir que les \u00e9missions pr\u00e9sent\u00e9es par Cyril Hanouna en access et celle de Val\u00e9rie Bena\u00efm \u00ab\u00a0C&rsquo;est que de la t\u00e9l\u00e9\u00a0\u00bb. Autre exception, \u00ab\u00a0Balance ton post\u00a0\u00bb qui est \u00e9galement maintenue pour l&rsquo;instant le jeudi soir avec les chroniqueurs mais sans public \u00e9galement<em>close<\/em><em>volume_off<\/em><br><\/p>\n\n\n\n<p>VIRUS &#8211; Le Ministre de la Sant\u00e9 annonce que \u00ab\u00a0la prise d&rsquo;anti-inflammatoires (ibuprof\u00e8ne, cortisone, &#8230;) pourrait \u00eatre un facteur d&rsquo;aggravation de l\u2019infection\u00a0\u00bb<\/p>\n\n\n\n<p> <strong>La r\u00e9gion de Madrid ordonne la fermeture de tous les commerces \u00e0 l&rsquo;exception des magasins alimentaires<\/strong>, des pharmacies, des stations-service et des bureaux de tabac \u00e0 partir de ce samedi.  Toute personne entrant en Nouvelle-Z\u00e9lande \u00e0 partir de dimanche devra s&rsquo;isoler pendant 14 jours, a annonc\u00e9 samedi la Premi\u00e8re ministre locale Jacinda Ardern, parmi plusieurs autres mesures visant \u00e0 freiner la propagation du coronavirus dans le pays. Seuls les voyageurs en provenance des \u00eeles du Pacifique sont exempt\u00e9s de cette mesure. \u00ab\u00a0Cette d\u00e9cision signifie que la Nouvelle-Z\u00e9lande disposera des mesures les plus larges et des restrictions frontali\u00e8res les plus s\u00e9v\u00e8res de tous les pays du monde\u00a0\u00bb, a d\u00e9clar\u00e9 Jacinda Ardern lors d&rsquo;une conf\u00e9rence de presse. \u00ab\u00a0Nous encourageons \u00e9galement les N\u00e9o-Z\u00e9landais \u00e0 \u00e9viter tout les voyages \u00e0 l&rsquo;\u00e9tranger non essentiels &#8211; cela permet de r\u00e9duire le risque qu&rsquo;un N\u00e9o-Z\u00e9landais ram\u00e8ne avec lui le Covid-19\u00a0\u00bb, a-t-elle ajout\u00e9. <\/p>\n\n\n\n<p><strong>&nbsp;Le point dans le monde:&nbsp;Les Etats-Unis ont instaur\u00e9 vendredi l&rsquo;\u00e9tat d&rsquo;urgence tandis que l&rsquo;Organisation mondiale de la sant\u00e9 d\u00e9clarait l&rsquo;Europe nouvel \u00ab\u00a0\u00e9picentre\u00a0\u00bb de la pand\u00e9mie de coronavirus et que de nombreux pays continuaient de se replier sur eux-m\u00eames en fermant leurs fronti\u00e8res.<\/strong>&nbsp;Diff\u00e9rentes m\u00e9thodes ont \u00e9t\u00e9 choisies \u00e0 travers la plan\u00e8te pour enrayer la propagation d&rsquo;une \u00e9pid\u00e9mie qui a d\u00e9j\u00e0 fait plus de 5.300 morts dans le monde et dont le pic est \u00ab\u00a0impossible\u00a0\u00bb \u00e0 pr\u00e9voir, a averti l&rsquo;OMS. La pand\u00e9mie a contamin\u00e9 plus de 141.000 personnes dans plus de 124 pays et territoires. Derni\u00e8res mesures en date samedi: l&rsquo;Uruguay, apr\u00e8s ses quatre premiers cas, ferme partiellement ses fronti\u00e8res et impose une quarantaine aux voyageurs de neuf pays.<\/p>\n\n\n\n<p>A Rio de Janeiro, au Br\u00e9sil, les portes resteront closes pendant sept jours dans les \u00e9coles et pendant deux semaines dans les th\u00e9\u00e2tres, stades et salles de concert. La Mauritanie r\u00e9duit ses liaisons a\u00e9riennes avec la France, le Gabon limite les visas touristiques, les cin\u00e9mas nord-am\u00e9ricains r\u00e9duisent la capacit\u00e9 de leurs salles, la Colombie limite les entr\u00e9es d&rsquo;\u00e9trangers et ferme sa fronti\u00e8re avec le Venezuela, qui a d\u00e9clar\u00e9 l&rsquo;\u00e9tat d&rsquo;alerte apr\u00e8s ses premiers cas et ferm\u00e9 tous ses \u00e9tablissements d&rsquo;enseignement. Et la Nouvelle-Z\u00e9lande a annul\u00e9 l&rsquo;hommage national aux victimes de l&rsquo;attaque il y a un an des mosqu\u00e9es de Christchurch.<\/p>\n\n\n\n<p>Aux Etats-Unis, avec plus de 2.000 cas et au moins 47 morts, le pr\u00e9sident Donald Trump a d\u00e9clar\u00e9 l&rsquo;\u00e9tat d&rsquo;urgence au niveau national, permettant \u00e0 l&rsquo;Etat f\u00e9d\u00e9ral de d\u00e9bloquer jusqu&rsquo;\u00e0 50 milliards de dollars. En Europe, nouvel \u00ab\u00a0\u00e9picentre\u00a0\u00bb de la maladie selon l&rsquo;OMS, de nombreux pays et r\u00e9gions fermaient aussi totalement ou partiellement leurs fronti\u00e8res aux \u00e9trangers, comme la Pologne et Chypre. Le pr\u00e9sident fran\u00e7ais Emmanuel Macron a propos\u00e9 vendredi \u00e0 l&rsquo;Union europ\u00e9enne la mise en place de contr\u00f4les renforc\u00e9s aux fronti\u00e8res autour de l&rsquo;espace Schengen &#8211;26 pays europ\u00e9ens membres ou non de l&rsquo;UE&#8211; voire de les fermer dans des zones \u00e0 risques.<\/p>\n\n\n\n<p>L&rsquo;Espagne et le Portugal ont d\u00e9cr\u00e9t\u00e9 l&rsquo;\u00e9tat d&rsquo;alerte, ce qui permet la mobilisation de moyens exceptionnels. Le chef du gouvernement espagnol Pedro Sanchez n&rsquo;a pas exclu que la barre des 10.000 cas soit franchie en Espagne dans la semaine \u00e0 venir. Hors UE, l&rsquo;Ukraine a aussi ferm\u00e9 ses fronti\u00e8res et le Pakistan celles avec l&rsquo;Iran et l&rsquo;Afghanistan.<\/p>\n\n\n\n<p>La Russie compte diminuer d\u00e8s lundi ses liaisons a\u00e9riennes avec l&rsquo;UE. Apr\u00e8s l&rsquo;Italie, qui a enregistr\u00e9 250 d\u00e9c\u00e8s en 24 heures &#8211;un record&#8211; pour un total de 1.266 morts, l&rsquo;Autriche puis la Bulgarie et la Gr\u00e8ce ont annonc\u00e9 aussi vendredi la fermeture des commerces non essentiels.<\/p>\n\n\n\n<p>En Gr\u00e8ce, seuls les supermarch\u00e9s, pharmacies, dispensaires et cabinets m\u00e9dicaux resteront ouverts. \u00ab\u00a0A partir de lundi, nous devons r\u00e9duire notre vie sociale au minimum\u00a0\u00bb, a d\u00e9clar\u00e9 le chancelier autrichien Sebastian Kurz. Comme la France la veille, la Suisse a ferm\u00e9 vendredi les \u00e9coles et interdit les rassemblements de plus de 100 personnes. Les \u00e9l\u00e8ves restent d\u00e9j\u00e0 chez eux en Italie, au Liechtenstein et dans la majorit\u00e9 des r\u00e9gions allemandes.<\/p>\n\n\n\n<p>Capitale de l&rsquo;Irlande o\u00f9 \u00e9coles, cr\u00e8ches, universit\u00e9s et institutions culturelles sont ferm\u00e9es, Dublin avait vendredi des airs de ville fant\u00f4me avec des rues d\u00e9sertes.<\/p>\n\n\n\n<p><\/p>\n","protected":false},"excerpt":{"rendered":"<p>La secr\u00e9taire d&rsquo;Etat Brune Poirson a \u00e9t\u00e9 test\u00e9e positive &#8211; Les colonies de vacances, l&rsquo;accueil p\u00e9riscolaire ou extra-scolaire annul\u00e9s pour les vacances de printemps (Ministre) C8 vient de prendre la d\u00e9cision d&rsquo;annuler imm\u00e9diatement les tournages de toutes ses \u00e9missions en raisons de l&rsquo;\u00e9pid\u00e9mie de coronavirus avec comme objectif de prot\u00e9ger au maximum le personnel de [&hellip;]<\/p>\n","protected":false},"author":2,"featured_media":14906,"comment_status":"open","ping_status":"open","sticky":false,"template":"","format":"standard","meta":{"_jetpack_memberships_contains_paid_content":false,"footnotes":"","jetpack_publicize_message":"","jetpack_publicize_feature_enabled":true,"jetpack_social_post_already_shared":true,"jetpack_social_options":{"image_generator_settings":{"template":"highway","default_image_id":0,"font":"","enabled":false},"version":2},"_wpas_customize_per_network":false},"categories":[405],"tags":[],"class_list":["post-14946","post","type-post","status-publish","format-standard","has-post-thumbnail","hentry","category-actu-france-monde"],"jetpack_publicize_connections":[],"jetpack_featured_media_url":"https:\/\/i0.wp.com\/www.iceagetv.com\/radiosite\/wp-content\/uploads\/2020\/03\/LOMS-d%C3%A9clare-pour-la-premi%C3%A8re-fois-l%C3%A9pid%C3%A9mie-du-Covid-19.jpg?fit=627%2C272&ssl=1","jetpack_sharing_enabled":true,"_links":{"self":[{"href":"https:\/\/www.iceagetv.com\/radiosite\/wp-json\/wp\/v2\/posts\/14946","targetHints":{"allow":["GET"]}}],"collection":[{"href":"https:\/\/www.iceagetv.com\/radiosite\/wp-json\/wp\/v2\/posts"}],"about":[{"href":"https:\/\/www.iceagetv.com\/radiosite\/wp-json\/wp\/v2\/types\/post"}],"author":[{"embeddable":true,"href":"https:\/\/www.iceagetv.com\/radiosite\/wp-json\/wp\/v2\/users\/2"}],"replies":[{"embeddable":true,"href":"https:\/\/www.iceagetv.com\/radiosite\/wp-json\/wp\/v2\/comments?post=14946"}],"version-history":[{"count":4,"href":"https:\/\/www.iceagetv.com\/radiosite\/wp-json\/wp\/v2\/posts\/14946\/revisions"}],"predecessor-version":[{"id":14956,"href":"https:\/\/www.iceagetv.com\/radiosite\/wp-json\/wp\/v2\/posts\/14946\/revisions\/14956"}],"wp:featuredmedia":[{"embeddable":true,"href":"https:\/\/www.iceagetv.com\/radiosite\/wp-json\/wp\/v2\/media\/14906"}],"wp:attachment":[{"href":"https:\/\/www.iceagetv.com\/radiosite\/wp-json\/wp\/v2\/media?parent=14946"}],"wp:term":[{"taxonomy":"category","embeddable":true,"href":"https:\/\/www.iceagetv.com\/radiosite\/wp-json\/wp\/v2\/categories?post=14946"},{"taxonomy":"post_tag","embeddable":true,"href":"https:\/\/www.iceagetv.com\/radiosite\/wp-json\/wp\/v2\/tags?post=14946"}],"curies":[{"name":"wp","href":"https:\/\/api.w.org\/{rel}","templated":true}]}}