{"id":14948,"date":"2020-03-14T08:30:06","date_gmt":"2020-03-14T08:30:06","guid":{"rendered":"http:\/\/www.iceagetv.com\/radiosite\/?p=14948"},"modified":"2020-03-14T08:30:06","modified_gmt":"2020-03-14T08:30:06","slug":"le-braqueur-multirecidiviste-redoine-faid-a-ete-condamne-en-appel-a-28-ans-de-reclusion-criminelle-par-la-cour-dassises-du-pas-de-calais","status":"publish","type":"post","link":"https:\/\/www.iceagetv.com\/radiosite\/le-braqueur-multirecidiviste-redoine-faid-a-ete-condamne-en-appel-a-28-ans-de-reclusion-criminelle-par-la-cour-dassises-du-pas-de-calais\/","title":{"rendered":"Le braqueur multir\u00e9cidiviste Redoine Fa\u00efd a \u00e9t\u00e9 condamn\u00e9 en appel \u00e0 28 ans de r\u00e9clusion criminelle par la cour d&rsquo;assises du Pas-de-Calais"},"content":{"rendered":"\n<p>Le braqueur multir\u00e9cidiviste Redoine Fa\u00efd a \u00e9t\u00e9 condamn\u00e9&nbsp; en appel \u00e0 28 ans de r\u00e9clusion criminelle par la cour d&rsquo;assises du Pas-de-Calais pour l&rsquo;attaque d&rsquo;un fourgon blind\u00e9 en 2011, soit dix ans de plus qu&rsquo;en premi\u00e8re instance. Le minist\u00e8re public avait requis jeudi 25 ans de r\u00e9clusion \u00e0 l&rsquo;encontre de Fa\u00efd, \u00e2g\u00e9 de 47 ans, jug\u00e9 notamment pour vol en bande organis\u00e9e avec menace d&rsquo;une arme, destruction de biens d&rsquo;autrui, violences en r\u00e9union et association de malfaiteurs.<\/p>\n\n\n\n<p>Absent depuis le d\u00e9but de son proc\u00e8s, Redoine Fa\u00efd, qui avait entam\u00e9 une gr\u00e8ve de la faim le 20 f\u00e9vrier pour protester contre ses conditions de d\u00e9tention, a de nouveau refus\u00e9 vendredi d&rsquo;\u00eatre extrait de sa cellule pour se pr\u00e9senter au tribunal.<em>close<\/em><em>volume_off<\/em><\/p>\n\n\n\n<p>Le 19 octobre 2017, la cour d&rsquo;assises du Nord l&rsquo;avait condamn\u00e9 \u00e0 18 ans de r\u00e9clusion criminelle, le reconnaissant coupable, avec quatre autres complices, d&rsquo;avoir attaqu\u00e9 \u00e0 l&rsquo;explosif un fourgon blind\u00e9 de la soci\u00e9t\u00e9 Loomis sur une route nationale du Pas-de-Calais le 17 mars 2011, d\u00e9robant plus de deux millions d&rsquo;euros. Fa\u00efd, Sa\u00efd Agouni (tenu pour le logisticien), et un autre complice avaient \u00e9t\u00e9 arr\u00eat\u00e9s dans un snack pr\u00e8s de Lille en juin 2011.<\/p>\n\n\n\n<p>Sa\u00efd Agouni a pour sa part \u00e9t\u00e9 condamn\u00e9 vendredi \u00e0 15 ans de r\u00e9clusion criminelle, la m\u00eame peine qu&rsquo;en premi\u00e8re instance, alors que l&rsquo;avocat g\u00e9n\u00e9ral Jean-Francis Cr\u00e9on avait requis jeudi 18 ans de r\u00e9clusion criminelle \u00e0 son encontre. Fahri Berisa, troisi\u00e8me accus\u00e9 de ce proc\u00e8s, contre lequel deux ans d&#8217;emprisonnement avaient \u00e9t\u00e9 requis, a quant \u00e0 lui \u00e9t\u00e9 acquitt\u00e9.<\/p>\n","protected":false},"excerpt":{"rendered":"<p>Le braqueur multir\u00e9cidiviste Redoine Fa\u00efd a \u00e9t\u00e9 condamn\u00e9&nbsp; en appel \u00e0 28 ans de r\u00e9clusion criminelle par la cour d&rsquo;assises du Pas-de-Calais pour l&rsquo;attaque d&rsquo;un fourgon blind\u00e9 en 2011, soit dix ans de plus qu&rsquo;en premi\u00e8re instance. Le minist\u00e8re public avait requis jeudi 25 ans de r\u00e9clusion \u00e0 l&rsquo;encontre de Fa\u00efd, \u00e2g\u00e9 de 47 ans, [&hellip;]<\/p>\n","protected":false},"author":2,"featured_media":14949,"comment_status":"open","ping_status":"open","sticky":false,"template":"","format":"standard","meta":{"_jetpack_memberships_contains_paid_content":false,"footnotes":"","jetpack_publicize_message":"","jetpack_publicize_feature_enabled":true,"jetpack_social_post_already_shared":true,"jetpack_social_options":{"image_generator_settings":{"template":"highway","default_image_id":0,"font":"","enabled":false},"version":2},"_wpas_customize_per_network":false},"categories":[405],"tags":[],"class_list":["post-14948","post","type-post","status-publish","format-standard","has-post-thumbnail","hentry","category-actu-france-monde"],"jetpack_publicize_connections":[],"jetpack_featured_media_url":"https:\/\/i0.wp.com\/www.iceagetv.com\/radiosite\/wp-content\/uploads\/2020\/03\/redoine-faid.jpg?fit=612%2C265&ssl=1","jetpack_sharing_enabled":true,"_links":{"self":[{"href":"https:\/\/www.iceagetv.com\/radiosite\/wp-json\/wp\/v2\/posts\/14948","targetHints":{"allow":["GET"]}}],"collection":[{"href":"https:\/\/www.iceagetv.com\/radiosite\/wp-json\/wp\/v2\/posts"}],"about":[{"href":"https:\/\/www.iceagetv.com\/radiosite\/wp-json\/wp\/v2\/types\/post"}],"author":[{"embeddable":true,"href":"https:\/\/www.iceagetv.com\/radiosite\/wp-json\/wp\/v2\/users\/2"}],"replies":[{"embeddable":true,"href":"https:\/\/www.iceagetv.com\/radiosite\/wp-json\/wp\/v2\/comments?post=14948"}],"version-history":[{"count":1,"href":"https:\/\/www.iceagetv.com\/radiosite\/wp-json\/wp\/v2\/posts\/14948\/revisions"}],"predecessor-version":[{"id":14950,"href":"https:\/\/www.iceagetv.com\/radiosite\/wp-json\/wp\/v2\/posts\/14948\/revisions\/14950"}],"wp:featuredmedia":[{"embeddable":true,"href":"https:\/\/www.iceagetv.com\/radiosite\/wp-json\/wp\/v2\/media\/14949"}],"wp:attachment":[{"href":"https:\/\/www.iceagetv.com\/radiosite\/wp-json\/wp\/v2\/media?parent=14948"}],"wp:term":[{"taxonomy":"category","embeddable":true,"href":"https:\/\/www.iceagetv.com\/radiosite\/wp-json\/wp\/v2\/categories?post=14948"},{"taxonomy":"post_tag","embeddable":true,"href":"https:\/\/www.iceagetv.com\/radiosite\/wp-json\/wp\/v2\/tags?post=14948"}],"curies":[{"name":"wp","href":"https:\/\/api.w.org\/{rel}","templated":true}]}}