{"id":14982,"date":"2020-03-16T19:32:03","date_gmt":"2020-03-16T19:32:03","guid":{"rendered":"http:\/\/www.iceagetv.com\/radiosite\/?p=14982"},"modified":"2020-03-16T19:32:03","modified_gmt":"2020-03-16T19:32:03","slug":"emmanuel-macron-nous-sommes-en-guerre-pour-15-jours-les-reunions-amicales-et-familiales-seront-interdites-seuls-les-trajets-necessaires-sont-autorises-le-second-tour-des-municipales-est-report","status":"publish","type":"post","link":"https:\/\/www.iceagetv.com\/radiosite\/emmanuel-macron-nous-sommes-en-guerre-pour-15-jours-les-reunions-amicales-et-familiales-seront-interdites-seuls-les-trajets-necessaires-sont-autorises-le-second-tour-des-municipales-est-report\/","title":{"rendered":"Emmanuel Macron: \u00ab\u00a0Nous sommes en guerre ! Pour 15 jours, les r\u00e9unions amicales et familiales seront interdites. Seuls les trajets n\u00e9cessaires sont autoris\u00e9s. Le second tour des municipales est report\u00e9\u00a0\u00bb"},"content":{"rendered":"\n<p><strong>Emmanuel Macron prend la parole en direct sur les chaines de t\u00e9l\u00e9 pour la deuxi\u00e8me fois en 4 jours:<\/strong><\/p>\n\n\n\n<p>\u00ab\u00a0Jeudi soir j&rsquo;ai \u00e9voqu\u00e9 la crise sanitaire que traversait notre pays. C&rsquo;est devenu une r\u00e9alit\u00e9 imm\u00e9diate. Le gouvernement a pris des dispositions fermes pour freiner la propagation. Jamais la France n&rsquo;a pris de telles d\u00e9cisions en temps de paix. Un seul objectif, nous prot\u00e9ger. Les op\u00e9rations de vote ont pu se tenir pour le 1er tour comme me l&rsquo;avait demand\u00e9 le Conseil scientifique. 30.000 communes ont d\u00e9j\u00e0 un conseil municipal. Mais dans le m\u00eame temps les gens se sont rassembl\u00e9s dans des parcs, des march\u00e9s&#8230; A tout ceux qui ont brav\u00e9 les consignes, je veux dire que non seulement vous ne vous vous prot\u00e9gez mais vous risquez de contaminer les autres. Dans le Grand Est, les Hauts de France, en Ile de France, la situation se d\u00e9grade et l&rsquo;\u00e9pid\u00e9mie progresse. Faisons preuve de sens des responsabilit\u00e9s.<em>close<\/em><em>volume_off<\/em><\/p>\n\n\n\n<p><strong>Chacun doit limiter le nombre de personnes avec qui il est en contact.&nbsp;<\/strong><strong>D\u00e8s demain midi et pour 15 jours, les r\u00e9unions amicales et familiales seront interdites. Seuls les trajets n\u00e9cessaires sont autoris\u00e9s. Toute infraction sera sanctionn\u00e9e.<\/strong><\/p>\n\n\n\n<p><strong>Le second tour des \u00e9lections municipales est report\u00e9.<\/strong><\/p>\n\n\n\n<p><strong>Gardez votre calme et restez chez vous en vous occupant des proches. Et retrouvez le sens de l&rsquo;essentiel comme la lecture. Ne croyez pas dans les rumeurs. Nous sommes en guerre. Une guerre sanitaire mais l&rsquo;ennemi est l\u00e0.&nbsp;<\/strong>J&rsquo;appelle tous les acteurs politiques, \u00e9conomiques, sociaux, associatifs, \u00e0 s&rsquo;inscrire dans cette union nationale. Nous sommes en guerre.<\/p>\n\n\n\n<p><strong>Toutes les reformes en cours sont suspendues dont la r\u00e9forme des retraites.<\/strong><\/p>\n\n\n\n<p><strong>D\u00e8s demain taxis et h\u00f4tels pourront \u00eatre mobilis\u00e9 pour les soignants et l&rsquo;Etat paiera. Un h\u00f4pital de campagne de l&rsquo;arm\u00e9e va \u00eatre construit en Alsace.&nbsp;<\/strong>Nous avons d\u00e9cid\u00e9 de r\u00e9server les masques pour l&rsquo;h\u00f4pital et la m\u00e9decine de ville. Des masques seront livr\u00e9s d\u00e8s demain dans les 25 d\u00e9partements les plus touch\u00e9s. Mercredi dans le reste du territoire.&nbsp;J&rsquo;ai vu des ph\u00e9nom\u00e8nes de panique en tous sens, nous devons avoir un esprit de responsabilit\u00e9.<\/p>\n\n\n\n<p><strong>L&rsquo;Europe va fermer ses fronti\u00e8res et tous les voyages hors Europe sont suspendus.&nbsp;<\/strong>Les fronti\u00e8res de l&rsquo;espace Schengen seront ferm\u00e9es pendant 30 jours.<\/p>\n\n\n\n<p><strong>Je vous demande des sacrifices mais ils ne doivent jamais mettre en p\u00e9ril les plus pr\u00e9caires, les plus fragiles, les PME. Aucune entreprise quelque soit sa taille ne sera livr\u00e9 au risque de faillite. Les charges fiscales et sociales sont repouss\u00e9es.<\/strong><\/p>\n\n\n\n<p>Nous allons continuer \u00e0 travailler sur le traitement et les vaccins. Je m&rsquo;adresserai \u00e0 vous de fa\u00e7on r\u00e9guli\u00e8re. plus nous agirons ensemble et vite, plus nous surmonterons cette \u00e9preuve. Ne c\u00e9dez \u00e0 aucune panique, acceptez ces contraintes sans d\u00e9sordre.<\/p>\n\n\n\n<p>Nous gagnerons mais cette p\u00e9riode nous aura beaucoup appris. Beaucoup de choses que nous pensions impossibles adviennent.<\/p>\n\n\n\n<p>Le jour d&rsquo;apr\u00e8s quand nous aurons gagn\u00e9 nous serons plus fort. Je serai en tirer toutes les cons\u00e9quences&#8230; toutes les cons\u00e9quences.<\/p>\n\n\n\n<p>Vive la R\u00e9publique, Vive la France\u00a0\u00bb<\/p>\n","protected":false},"excerpt":{"rendered":"<p>Emmanuel Macron prend la parole en direct sur les chaines de t\u00e9l\u00e9 pour la deuxi\u00e8me fois en 4 jours: \u00ab\u00a0Jeudi soir j&rsquo;ai \u00e9voqu\u00e9 la crise sanitaire que traversait notre pays. C&rsquo;est devenu une r\u00e9alit\u00e9 imm\u00e9diate. Le gouvernement a pris des dispositions fermes pour freiner la propagation. Jamais la France n&rsquo;a pris de telles d\u00e9cisions en [&hellip;]<\/p>\n","protected":false},"author":2,"featured_media":14983,"comment_status":"open","ping_status":"open","sticky":false,"template":"","format":"standard","meta":{"_jetpack_memberships_contains_paid_content":false,"footnotes":"","jetpack_publicize_message":"","jetpack_publicize_feature_enabled":true,"jetpack_social_post_already_shared":true,"jetpack_social_options":{"image_generator_settings":{"template":"highway","default_image_id":0,"font":"","enabled":false},"version":2},"_wpas_customize_per_network":false},"categories":[405],"tags":[],"class_list":["post-14982","post","type-post","status-publish","format-standard","has-post-thumbnail","hentry","category-actu-france-monde"],"jetpack_publicize_connections":[],"jetpack_featured_media_url":"https:\/\/i0.wp.com\/www.iceagetv.com\/radiosite\/wp-content\/uploads\/2020\/03\/Macron-annonce-une-limitation-des-d%C3%A9placements-et-le-report-des-%C3%A9lections-municipales.jpg?fit=960%2C768&ssl=1","jetpack_sharing_enabled":true,"_links":{"self":[{"href":"https:\/\/www.iceagetv.com\/radiosite\/wp-json\/wp\/v2\/posts\/14982","targetHints":{"allow":["GET"]}}],"collection":[{"href":"https:\/\/www.iceagetv.com\/radiosite\/wp-json\/wp\/v2\/posts"}],"about":[{"href":"https:\/\/www.iceagetv.com\/radiosite\/wp-json\/wp\/v2\/types\/post"}],"author":[{"embeddable":true,"href":"https:\/\/www.iceagetv.com\/radiosite\/wp-json\/wp\/v2\/users\/2"}],"replies":[{"embeddable":true,"href":"https:\/\/www.iceagetv.com\/radiosite\/wp-json\/wp\/v2\/comments?post=14982"}],"version-history":[{"count":1,"href":"https:\/\/www.iceagetv.com\/radiosite\/wp-json\/wp\/v2\/posts\/14982\/revisions"}],"predecessor-version":[{"id":14984,"href":"https:\/\/www.iceagetv.com\/radiosite\/wp-json\/wp\/v2\/posts\/14982\/revisions\/14984"}],"wp:featuredmedia":[{"embeddable":true,"href":"https:\/\/www.iceagetv.com\/radiosite\/wp-json\/wp\/v2\/media\/14983"}],"wp:attachment":[{"href":"https:\/\/www.iceagetv.com\/radiosite\/wp-json\/wp\/v2\/media?parent=14982"}],"wp:term":[{"taxonomy":"category","embeddable":true,"href":"https:\/\/www.iceagetv.com\/radiosite\/wp-json\/wp\/v2\/categories?post=14982"},{"taxonomy":"post_tag","embeddable":true,"href":"https:\/\/www.iceagetv.com\/radiosite\/wp-json\/wp\/v2\/tags?post=14982"}],"curies":[{"name":"wp","href":"https:\/\/api.w.org\/{rel}","templated":true}]}}