{"id":14995,"date":"2020-03-17T14:53:33","date_gmt":"2020-03-17T14:53:33","guid":{"rendered":"http:\/\/www.iceagetv.com\/radiosite\/?p=14995"},"modified":"2020-03-17T14:53:33","modified_gmt":"2020-03-17T14:53:33","slug":"leuro-naura-pas-lieu-en-2020","status":"publish","type":"post","link":"https:\/\/www.iceagetv.com\/radiosite\/leuro-naura-pas-lieu-en-2020\/","title":{"rendered":"L&rsquo;Euro n&rsquo;aura pas lieu en 2020"},"content":{"rendered":"\n<h2 class=\"wp-block-heading\">EURO 2020 &#8211; La F\u00e9d\u00e9ration norv\u00e9gienne a annonc\u00e9 sur Twitter que le Championnat d&rsquo;Europe des Nations qui devait se tenir du 12 juin au 12 juillet \u00e9tait report\u00e9 d&rsquo;un an. Il serait programm\u00e9 entre le 11 juin et le 11 juillet de l&rsquo;ann\u00e9e prochaine.<\/h2>\n\n\n\n<p>La solution attendue mais surtout la plus sage. Ce mardi, l\u2019UEFA a annonc\u00e9 le report de l\u2019Euro 2020 \u00e0 l\u2019\u00e9t\u00e9 suivant. D\u00e8s lors, le grand raout europ\u00e9en se d\u00e9roulera du 11 juin au 11 juillet 2021 comme l\u2019a r\u00e9v\u00e9l\u00e9 en premier lieu la F\u00e9d\u00e9ration Norv\u00e9gienne. Une d\u00e9cision approuv\u00e9e par l\u2019unanimit\u00e9 des votants selon les premiers retours m\u00e9diatiques.<\/p>\n\n\n\n<p>L\u2019id\u00e9e de ce report est simple : permettre aux clubs europ\u00e9ens de terminer les championnats et coupes domestiques cet \u00e9t\u00e9 ainsi que les comp\u00e9titions europ\u00e9ennes. Dans ce sens, l\u2019UEFA a annonc\u00e9 la suspension de la Ligue des champions et de la Ligue Europa jusqu\u2019\u00e0 nouvel ordre, laissant une opportunit\u00e9 de reprise lorsque la situation sanitaire le permettra.<\/p>\n\n\n\n<h2 class=\"wp-block-heading\">Priorit\u00e9 aux clubs<\/h2>\n\n\n\n<p>La priorit\u00e9 va donc aux clubs et aux saisons en cours. Confirmant l\u2019hypoth\u00e8se qui semblait se dessiner ces derniers jours, les dirigeants de l\u2019UEFA r\u00e9unis ce mardi en visioconf\u00e9rence ont valid\u00e9 comme un seul homme le report de l\u2019Euro pour ainsi laisser la main libre aux ligues nationales de s\u2019organiser en fonction. Cette proposition doit cependant encore \u00eatre formellement adopt\u00e9e par le Comit\u00e9 ex\u00e9cutif de l&rsquo;instance europ\u00e9enne r\u00e9uni dans l&rsquo;apr\u00e8s-midi mais devrait l\u00e0 encore recevoir un soutien fourni.<\/p>\n\n\n\n<p>Selon&nbsp;<em>L\u2019Equipe<\/em>, l\u2019UEFA a \u00e9galement d\u00e9cid\u00e9 de cr\u00e9er deux groupes de travail distincts destin\u00e9s \u00e0 r\u00e9soudre d\u00e9sormais deux probl\u00e8mes majeurs : un planchant sur le calendrier \u00e0 venir, l\u2019autre sur les cons\u00e9quences \u00e9conomiques d\u2019une telle d\u00e9cision. Une chose est s\u00fbre d\u00e9sormais : la grande f\u00eate europ\u00e9enne, r\u00e9partie sur douze villes et douze pays d\u2019Europe, dessin\u00e9e par&nbsp;<a href=\"https:\/\/www.eurosport.fr\/football\/michel-platini_prs191994\/person.shtml\">Michel Platini<\/a>&nbsp;n\u2019aura pas lieu en 2020.<\/p>\n\n\n\n<p><\/p>\n","protected":false},"excerpt":{"rendered":"<p>EURO 2020 &#8211; La F\u00e9d\u00e9ration norv\u00e9gienne a annonc\u00e9 sur Twitter que le Championnat d&rsquo;Europe des Nations qui devait se tenir du 12 juin au 12 juillet \u00e9tait report\u00e9 d&rsquo;un an. Il serait programm\u00e9 entre le 11 juin et le 11 juillet de l&rsquo;ann\u00e9e prochaine. La solution attendue mais surtout la plus sage. Ce mardi, l\u2019UEFA [&hellip;]<\/p>\n","protected":false},"author":2,"featured_media":14996,"comment_status":"open","ping_status":"open","sticky":false,"template":"","format":"standard","meta":{"_jetpack_memberships_contains_paid_content":false,"footnotes":"","jetpack_publicize_message":"","jetpack_publicize_feature_enabled":true,"jetpack_social_post_already_shared":true,"jetpack_social_options":{"image_generator_settings":{"template":"highway","default_image_id":0,"font":"","enabled":false},"version":2},"_wpas_customize_per_network":false},"categories":[18],"tags":[],"class_list":["post-14995","post","type-post","status-publish","format-standard","has-post-thumbnail","hentry","category-actu-sport"],"jetpack_publicize_connections":[],"jetpack_featured_media_url":"https:\/\/i0.wp.com\/www.iceagetv.com\/radiosite\/wp-content\/uploads\/2020\/03\/l-euro-2021.jpg?fit=1950%2C1096&ssl=1","jetpack_sharing_enabled":true,"_links":{"self":[{"href":"https:\/\/www.iceagetv.com\/radiosite\/wp-json\/wp\/v2\/posts\/14995","targetHints":{"allow":["GET"]}}],"collection":[{"href":"https:\/\/www.iceagetv.com\/radiosite\/wp-json\/wp\/v2\/posts"}],"about":[{"href":"https:\/\/www.iceagetv.com\/radiosite\/wp-json\/wp\/v2\/types\/post"}],"author":[{"embeddable":true,"href":"https:\/\/www.iceagetv.com\/radiosite\/wp-json\/wp\/v2\/users\/2"}],"replies":[{"embeddable":true,"href":"https:\/\/www.iceagetv.com\/radiosite\/wp-json\/wp\/v2\/comments?post=14995"}],"version-history":[{"count":1,"href":"https:\/\/www.iceagetv.com\/radiosite\/wp-json\/wp\/v2\/posts\/14995\/revisions"}],"predecessor-version":[{"id":14997,"href":"https:\/\/www.iceagetv.com\/radiosite\/wp-json\/wp\/v2\/posts\/14995\/revisions\/14997"}],"wp:featuredmedia":[{"embeddable":true,"href":"https:\/\/www.iceagetv.com\/radiosite\/wp-json\/wp\/v2\/media\/14996"}],"wp:attachment":[{"href":"https:\/\/www.iceagetv.com\/radiosite\/wp-json\/wp\/v2\/media?parent=14995"}],"wp:term":[{"taxonomy":"category","embeddable":true,"href":"https:\/\/www.iceagetv.com\/radiosite\/wp-json\/wp\/v2\/categories?post=14995"},{"taxonomy":"post_tag","embeddable":true,"href":"https:\/\/www.iceagetv.com\/radiosite\/wp-json\/wp\/v2\/tags?post=14995"}],"curies":[{"name":"wp","href":"https:\/\/api.w.org\/{rel}","templated":true}]}}