{"id":15001,"date":"2020-03-17T20:06:29","date_gmt":"2020-03-17T20:06:29","guid":{"rendered":"http:\/\/www.iceagetv.com\/radiosite\/?p=15001"},"modified":"2020-03-17T20:06:29","modified_gmt":"2020-03-17T20:06:29","slug":"le-coup-de-gueule-surrealiste-de-tf1-qui-refuse-que-canal-passe-en-clair-et-offre-ses-programmes-aux-abonnes-des-box-pendant-le-confinement","status":"publish","type":"post","link":"https:\/\/www.iceagetv.com\/radiosite\/le-coup-de-gueule-surrealiste-de-tf1-qui-refuse-que-canal-passe-en-clair-et-offre-ses-programmes-aux-abonnes-des-box-pendant-le-confinement\/","title":{"rendered":"Le coup de gueule surr\u00e9aliste de TF1 qui refuse que Canal+ passe en clair et offre ses programmes aux abonn\u00e9s des box pendant le confinement !"},"content":{"rendered":"\n<p>Ce lundi, Maxime Saada, le pr\u00e9sident du directoire du Groupe Canal Plus, a annonc\u00e9 que Canal+ passait en clair pour tous sur toutes les box et allait ainsi offrir ses programmes pendant le confinement pour aider les Fran\u00e7ais \u00e0 tenir le coup pendant cette p\u00e9riode difficile de confinement. Une nouvelle qui n&rsquo;a pas \u00e9t\u00e9 vue d&rsquo;un bon oeil par les dirigeants du groupe TF1, comme l&rsquo;a r\u00e9v\u00e9l\u00e9 Franck Appietto,&nbsp;Directeur G\u00e9n\u00e9ral de C8, Directeur G\u00e9n\u00e9ral des Programmes de Flux Canal +, ce mardi soir dans TPMP: \u00ab\u00a0Il disent que normalement on est une cha\u00eene crypt\u00e9e et que seuls les abonn\u00e9s ont acc\u00e8s \u00e0 nos programmes. Ils r\u00e2lent en mena\u00e7ant les distributeurs de films de payer les films moins chers.\u00a0\u00bb&nbsp;a affirm\u00e9 le pr\u00e9sident de C8.<\/p>\n\n\n\n<p>Cyril Hanouna a ajout\u00e9 :&nbsp;\u00ab\u00a0On est dans une guerre sans savoir ce qui va arriver demain. Qu&rsquo;est-ce qu&rsquo;on en a faire ?&nbsp;On est pas l\u00e0 pour faire de l&rsquo;argent en ce moment. On veut accompagner les gens.\u00a0\u00bb<em>close<\/em><em>volume_off<\/em><\/p>\n\n\n\n<p>TF1 ne veut donc pas que les t\u00e9l\u00e9spectateurs puissent voir canal+ en clair estimant que cela leur ferait de la concurrence et que Canal doit rester une cha\u00eene payante.<\/p>\n\n\n\n<p>De son c\u00f4t\u00e9,&nbsp;<strong>selon nos informations<\/strong>, Canal + estime&nbsp; que ce passage en clair s\u2019inscrit dans un v\u00e9ritable objectif de suret\u00e9 nationale afin de favoriser le confinement des Fran\u00e7ais chez eux. De plus, seuls&nbsp;les abonn\u00e9s TV des fournisseurs d\u2019acc\u00e8s \u00e0 internet sont concern\u00e9s (qui payent donc d\u00e9j\u00e0 un abonnement pour une offre de contenus). Cela reste donc de la t\u00e9l\u00e9vision payante.<\/p>\n\n\n\n<p>Enfin il faut noter que cette action est limit\u00e9e \u00e0 15 jours (jusqu\u2019au 31 mars) et se fait sans aucune d\u00e9marche commerciale.<\/p>\n\n\n\n<p>En clair Canal Plus d\u00e9cide de faire un cadeau \u00e0 des dizaines de milliers de personnes, mais TF1 refuse et veut s&rsquo;opposer \u00e0 cette d\u00e9cision pr\u00e9f\u00e9rant privil\u00e9gier le commerce et ses affaires dans ce moment d&rsquo;unit\u00e9 nationale.<\/p>\n\n\n\n<p><\/p>\n","protected":false},"excerpt":{"rendered":"<p>Ce lundi, Maxime Saada, le pr\u00e9sident du directoire du Groupe Canal Plus, a annonc\u00e9 que Canal+ passait en clair pour tous sur toutes les box et allait ainsi offrir ses programmes pendant le confinement pour aider les Fran\u00e7ais \u00e0 tenir le coup pendant cette p\u00e9riode difficile de confinement. Une nouvelle qui n&rsquo;a pas \u00e9t\u00e9 vue [&hellip;]<\/p>\n","protected":false},"author":2,"featured_media":15002,"comment_status":"open","ping_status":"open","sticky":false,"template":"","format":"standard","meta":{"_jetpack_memberships_contains_paid_content":false,"footnotes":"","jetpack_publicize_message":"","jetpack_publicize_feature_enabled":true,"jetpack_social_post_already_shared":true,"jetpack_social_options":{"image_generator_settings":{"template":"highway","default_image_id":0,"font":"","enabled":false},"version":2},"_wpas_customize_per_network":false},"categories":[68],"tags":[],"class_list":["post-15001","post","type-post","status-publish","format-standard","has-post-thumbnail","hentry","category-actu-culturelle"],"jetpack_publicize_connections":[],"jetpack_featured_media_url":"https:\/\/i0.wp.com\/www.iceagetv.com\/radiosite\/wp-content\/uploads\/2020\/03\/Le-coup-de-gueule-surr%C3%A9aliste-de-TF1-qui-refuse-que-Canal.jpg?fit=639%2C277&ssl=1","jetpack_sharing_enabled":true,"_links":{"self":[{"href":"https:\/\/www.iceagetv.com\/radiosite\/wp-json\/wp\/v2\/posts\/15001","targetHints":{"allow":["GET"]}}],"collection":[{"href":"https:\/\/www.iceagetv.com\/radiosite\/wp-json\/wp\/v2\/posts"}],"about":[{"href":"https:\/\/www.iceagetv.com\/radiosite\/wp-json\/wp\/v2\/types\/post"}],"author":[{"embeddable":true,"href":"https:\/\/www.iceagetv.com\/radiosite\/wp-json\/wp\/v2\/users\/2"}],"replies":[{"embeddable":true,"href":"https:\/\/www.iceagetv.com\/radiosite\/wp-json\/wp\/v2\/comments?post=15001"}],"version-history":[{"count":1,"href":"https:\/\/www.iceagetv.com\/radiosite\/wp-json\/wp\/v2\/posts\/15001\/revisions"}],"predecessor-version":[{"id":15003,"href":"https:\/\/www.iceagetv.com\/radiosite\/wp-json\/wp\/v2\/posts\/15001\/revisions\/15003"}],"wp:featuredmedia":[{"embeddable":true,"href":"https:\/\/www.iceagetv.com\/radiosite\/wp-json\/wp\/v2\/media\/15002"}],"wp:attachment":[{"href":"https:\/\/www.iceagetv.com\/radiosite\/wp-json\/wp\/v2\/media?parent=15001"}],"wp:term":[{"taxonomy":"category","embeddable":true,"href":"https:\/\/www.iceagetv.com\/radiosite\/wp-json\/wp\/v2\/categories?post=15001"},{"taxonomy":"post_tag","embeddable":true,"href":"https:\/\/www.iceagetv.com\/radiosite\/wp-json\/wp\/v2\/tags?post=15001"}],"curies":[{"name":"wp","href":"https:\/\/api.w.org\/{rel}","templated":true}]}}