{"id":15009,"date":"2020-03-18T15:22:27","date_gmt":"2020-03-18T15:22:27","guid":{"rendered":"http:\/\/www.iceagetv.com\/radiosite\/?p=15009"},"modified":"2020-03-18T15:22:27","modified_gmt":"2020-03-18T15:22:27","slug":"le-concours-de-leurovision-qui-devait-avoir-lieu-en-mai-prochain-aux-pays-bas-est-annule-annoncent-les-organisateurs","status":"publish","type":"post","link":"https:\/\/www.iceagetv.com\/radiosite\/le-concours-de-leurovision-qui-devait-avoir-lieu-en-mai-prochain-aux-pays-bas-est-annule-annoncent-les-organisateurs\/","title":{"rendered":"Le concours de l\u2019Eurovision qui devait avoir lieu en mai prochain aux Pays-Bas est annul\u00e9, annoncent les organisateurs"},"content":{"rendered":"\n<p>e concours Eurovision de la chanson, qui devait se d\u00e9rouler en mai aux Pays-Bas, est annul\u00e9 pour la premi\u00e8re fois dans l&rsquo;histoire de la comp\u00e9tition en raison de la pand\u00e9mie du nouveau coronavirus, ont annonc\u00e9 mercredi les organisateurs. \u00ab\u00a0C&rsquo;est avec un profond regret que nous annon\u00e7ons l&rsquo;annulation du concours Eurovision de la chanson 2020 qui devait avoir lieu \u00e0 Rotterdam\u00a0\u00bb, a d\u00e9clar\u00e9 dans un communiqu\u00e9 l&rsquo;Union europ\u00e9enne de radio-t\u00e9l\u00e9vision (UER), coproducteur de l&rsquo;\u00e9v\u00e8nement avec cette ann\u00e9e le service public n\u00e9erlandais de radio-t\u00e9l\u00e9vision NPO. L&rsquo;UER a assur\u00e9 \u00ab\u00a0poursuivre ses discussions\u00a0\u00bb avec les radiodiffuseurs participants et la ville de Rotterdam concernant l&rsquo;organisation de l&rsquo;Eurovision 2021.<\/p>\n\n\n\n<p>C&rsquo;est la premi\u00e8re fois que ce concours musical majeur, cr\u00e9\u00e9 en 1946 et suivi chaque ann\u00e9e par des millions de t\u00e9l\u00e9spectateurs dans le monde, est annul\u00e9. \u00ab\u00a0Compte tenu de l&rsquo;incertitude caus\u00e9e par la propagation du Covid-19 dans toute l&rsquo;Europe, et \u00e0 la lumi\u00e8re des restrictions mises en place par les autorit\u00e9s n\u00e9erlandaises et les pays des radiodiffuseurs participants, l&rsquo;UER juge impossible d&rsquo;organiser cette \u00e9mission en direct dans les conditions pr\u00e9vues\u00a0\u00bb, ont indiqu\u00e9 les organisateurs. \u00ab\u00a0Nous allons maintenant nous attacher \u00e0 \u00e9valuer les r\u00e9percussions de cette d\u00e9cision sans pr\u00e9c\u00e9dent\u00a0\u00bb, ont-ils pr\u00e9cis\u00e9, ajoutant qu&rsquo;ils communiqueraient \u00ab\u00a0de nouvelles informations au cours des prochains jours et des prochaines semaines\u00a0\u00bb.<\/p>\n\n\n\n<p>Les Pays-Bas ont gagn\u00e9 le droit d&rsquo;organiser l&rsquo;\u00e9dition 2020 de l&rsquo;Eurovision apr\u00e8s la victoire du chanteur n\u00e9erlandais Duncan Laurence au pr\u00e9c\u00e9dent concours, en 2019 \u00e0 Tel Aviv. Un total de 65.000 spectateurs \u00e9taient attendus aux neuf diff\u00e9rents concerts, y compris \u00e0 la finale initialement pr\u00e9vue le 16 mai. Selon le dernier comptage des autorit\u00e9s, 2.051 cas de contamination au Covid-19 ont \u00e9t\u00e9 d\u00e9tect\u00e9s aux Pays-Bas, dont 58 d\u00e9c\u00e8s.<\/p>\n","protected":false},"excerpt":{"rendered":"<p>e concours Eurovision de la chanson, qui devait se d\u00e9rouler en mai aux Pays-Bas, est annul\u00e9 pour la premi\u00e8re fois dans l&rsquo;histoire de la comp\u00e9tition en raison de la pand\u00e9mie du nouveau coronavirus, ont annonc\u00e9 mercredi les organisateurs. \u00ab\u00a0C&rsquo;est avec un profond regret que nous annon\u00e7ons l&rsquo;annulation du concours Eurovision de la chanson 2020 qui [&hellip;]<\/p>\n","protected":false},"author":2,"featured_media":15010,"comment_status":"open","ping_status":"open","sticky":false,"template":"","format":"standard","meta":{"_jetpack_memberships_contains_paid_content":false,"footnotes":"","jetpack_publicize_message":"","jetpack_publicize_feature_enabled":true,"jetpack_social_post_already_shared":true,"jetpack_social_options":{"image_generator_settings":{"template":"highway","default_image_id":0,"font":"","enabled":false},"version":2},"_wpas_customize_per_network":false},"categories":[68],"tags":[],"class_list":["post-15009","post","type-post","status-publish","format-standard","has-post-thumbnail","hentry","category-actu-culturelle"],"jetpack_publicize_connections":[],"jetpack_featured_media_url":"https:\/\/i0.wp.com\/www.iceagetv.com\/radiosite\/wp-content\/uploads\/2020\/03\/Le-concours-de-l%E2%80%99Eurovision.jpg?fit=873%2C382&ssl=1","jetpack_sharing_enabled":true,"_links":{"self":[{"href":"https:\/\/www.iceagetv.com\/radiosite\/wp-json\/wp\/v2\/posts\/15009","targetHints":{"allow":["GET"]}}],"collection":[{"href":"https:\/\/www.iceagetv.com\/radiosite\/wp-json\/wp\/v2\/posts"}],"about":[{"href":"https:\/\/www.iceagetv.com\/radiosite\/wp-json\/wp\/v2\/types\/post"}],"author":[{"embeddable":true,"href":"https:\/\/www.iceagetv.com\/radiosite\/wp-json\/wp\/v2\/users\/2"}],"replies":[{"embeddable":true,"href":"https:\/\/www.iceagetv.com\/radiosite\/wp-json\/wp\/v2\/comments?post=15009"}],"version-history":[{"count":1,"href":"https:\/\/www.iceagetv.com\/radiosite\/wp-json\/wp\/v2\/posts\/15009\/revisions"}],"predecessor-version":[{"id":15011,"href":"https:\/\/www.iceagetv.com\/radiosite\/wp-json\/wp\/v2\/posts\/15009\/revisions\/15011"}],"wp:featuredmedia":[{"embeddable":true,"href":"https:\/\/www.iceagetv.com\/radiosite\/wp-json\/wp\/v2\/media\/15010"}],"wp:attachment":[{"href":"https:\/\/www.iceagetv.com\/radiosite\/wp-json\/wp\/v2\/media?parent=15009"}],"wp:term":[{"taxonomy":"category","embeddable":true,"href":"https:\/\/www.iceagetv.com\/radiosite\/wp-json\/wp\/v2\/categories?post=15009"},{"taxonomy":"post_tag","embeddable":true,"href":"https:\/\/www.iceagetv.com\/radiosite\/wp-json\/wp\/v2\/tags?post=15009"}],"curies":[{"name":"wp","href":"https:\/\/api.w.org\/{rel}","templated":true}]}}