{"id":15012,"date":"2020-03-18T16:15:40","date_gmt":"2020-03-18T16:15:40","guid":{"rendered":"http:\/\/www.iceagetv.com\/radiosite\/?p=15012"},"modified":"2020-03-18T17:25:45","modified_gmt":"2020-03-18T17:25:45","slug":"virus-christophe-castaner-sera-ce-soir-en-duplex-dans-le-20h-de-tf1-non-presenter-lattestation-de-deplacement-sur-son-telephone-nest-pas-valable","status":"publish","type":"post","link":"https:\/\/www.iceagetv.com\/radiosite\/virus-christophe-castaner-sera-ce-soir-en-duplex-dans-le-20h-de-tf1-non-presenter-lattestation-de-deplacement-sur-son-telephone-nest-pas-valable\/","title":{"rendered":"VIRUS &#8211; VIRUS &#8211; Edouard Philippe: \u00ab\u00a0Nous allons instaurer un \u00e9tat d&rsquo;urgence sanitaire dans le code de la sant\u00e9 publique\u00a0\u00bb &#8211; Italie: Record de morts pour un pays en 24 heures, avec 475 morts en une seule journ\u00e9e"},"content":{"rendered":"\n<p><strong>Ce soir, Christophe Castaner, le Ministre de l\u2019Int\u00e9rieur sera, en duplex, l\u2019invit\u00e9 exceptionnel du JT de 20H.<\/strong><\/p>\n\n\n\n<p><strong>Il fera le bilan du 1er jour de confinement et r\u00e9pondra aux questions de Gilles Bouleau.<\/strong> La pr\u00e9fecture du Morbihan annonce que jusqu&rsquo;au 31 mars, les locations d&rsquo;h\u00e9bergement dans quatre \u00eeles seront interdites, dont Groix et Belle-Ile, afin de lutter contre la propagation du coronavirus.&nbsp; <\/p>\n\n\n\n<p>Le pr\u00e9sident am\u00e9ricain Donald Trump annonce la fermeture temporaire de la fronti\u00e8re entre les \u00c9tats-Unis et le Canada pour tous les d\u00e9placements \u00ab\u00a0non-essentiels\u00a0\u00bb.<\/p>\n\n\n\n<blockquote class=\"wp-block-quote is-layout-flow wp-block-quote-is-layout-flow\"><p>\u00ab\u00a0Sur la base d&rsquo;un accord mutuel, nous allons temporairement fermer notre fronti\u00e8re nord avec le Canada pour tous les d\u00e9placements non-essentiels\u00a0\u00bb, a tweet\u00e9 le locataire de la Maison Blanche. \u00ab\u00a0Les \u00e9changes commerciaux ne seront pas touch\u00e9s\u00a0\u00bb, a-t-il ajout\u00e9.<\/p><cite> Selon une estimation de&nbsp;l&rsquo;Organisation internationale du travail (OIT), jusqu&rsquo;\u00e0 25 millions d&#8217;emplois pourraient \u00eatre perdus dans le monde \u00e0 cause de la pand\u00e9mie de coronavirus.&nbsp; <\/cite><\/blockquote>\n\n\n\n<p>La Chine a fait parvenir un million de masques destin\u00e9s \u00e0 la France pour combattre la pand\u00e9mie de Covid-19 au moment o\u00f9 le pays europ\u00e9en fait face \u00e0 une p\u00e9nurie.<\/p>\n\n\n\n<p>Un lot d&rsquo;un million de masques m\u00e9dicaux a \u00e9t\u00e9 achemin\u00e9 par avion en Belgique. Il s&rsquo;agit de dons de deux organisations caritatives chinoises destin\u00e9s \u00e0 la France pour l&rsquo;aider \u00e0 combattre la propagation du nouveau coronavirus, a pr\u00e9cis\u00e9 l&rsquo;agence officielle Chine nouvelle.<\/p>\n\n\n\n<p>Le groupe Alibaba, g\u00e9ant chinois du e-commerce, a pour sa part annonc\u00e9 dans un communiqu\u00e9 l&rsquo;atterrissage \u00e0 Li\u00e8ge (Belgique) d&rsquo;un avion cargo transportant des masques pour plusieurs pays europ\u00e9ens dont la France. Aucun chiffre n&rsquo;a toutefois \u00e9t\u00e9 pr\u00e9cis\u00e9. Le Ministre des Affaires \u00c9trang\u00e8res, Jean-Yves Le Drian, indique \u00e0 BFMTV que \u00ab\u00a0un avion chinois s&rsquo;est pos\u00e9 avec du mat\u00e9riel m\u00e9dical\u00a0\u00bb en France  La chanceli\u00e8re Angela Merkel va s&rsquo;adresser mercredi soir pour la premi\u00e8re fois aux Allemands \u00e0 la t\u00e9l\u00e9vision, pour leur demander de respecter les consignes sanitaires mises en place. Aucune nouvelle mesure ne devrait toutefois \u00eatre annonc\u00e9e \u00e0 cette occasion, alors que les \u00e9coles sont ferm\u00e9es et que la plupart des magasins \u00ab\u00a0non essentiels\u00a0\u00bb doivent l&rsquo;\u00eatre progressivement.  La pr\u00e9sidente de la Commission europ\u00e9enne Ursula von der Leyen a admis que les responsables politiques avaient tous \u00ab\u00a0sous-estim\u00e9\u00a0\u00bb l&rsquo;ampleur du danger repr\u00e9sent\u00e9 par l&rsquo;\u00e9pid\u00e9mie du nouveau coronavirus, dans une interview publi\u00e9e mercredi par le quotidien allemand Bild.  Le bilan monte en Espagne, avec plus de 13.700 cas et 558 morts. Plus de 2.500 nouveaux cas et 67 morts ont \u00e9t\u00e9 enregistr\u00e9s en 24 heures. Le chef du gouvernement Pedro Sanchez avertit que \u00ab\u00a0le plus dur restait \u00e0 venir\u00a0\u00bb. <\/p>\n\n\n\n<p>L\u2019Europe a d\u00e9pass\u00e9 aujourd&rsquo;hui l\u2019Asie en nombre de morts dus au coronavirus, selon un comptage r\u00e9alis\u00e9 par l\u2019AFP \u00e0 partir de donn\u00e9es officielles.<\/p>\n\n\n\n<p>Mercredi \u00e0 11h00, l\u2019Europe recensait au moins 3.421 morts, soit plus qu\u2019en Asie (3.384) o\u00f9 la Chine est le berceau de la pand\u00e9mie. L\u2019Italie, pays europ\u00e9en le plus touch\u00e9, enregistrait 2.503 morts.<\/p>\n\n\n\n<p>Le projet de loi d&rsquo;urgence pour faire face \u00e0 l&rsquo;\u00e9pid\u00e9mie de coronavirus pr\u00e9voit d&rsquo;autoriser le gouvernement \u00e0 prolonger par ordonnance la validit\u00e9 des titres de s\u00e9jour, selon ce texte obtenu mercredi par l&rsquo;AFP de source parlementaire.<\/p>\n\n\n\n<p>Le texte qui doit \u00eatre pr\u00e9sent\u00e9 dans l&rsquo;apr\u00e8s-midi en Conseil des ministres, indique que le gouvernement \u00ab\u00a0est autoris\u00e9 \u00e0 prolonger par ordonnance la dur\u00e9e de validit\u00e9 des visas de long s\u00e9jour, titres de s\u00e9jour, autorisations provisoires de s\u00e9jour, r\u00e9c\u00e9piss\u00e9s de demande de titre de s\u00e9jour ainsi que des attestations de demande d\u2019asile qui ont expir\u00e9 entre le 16 mars et le 15 mai 2020, dans la limite de cent quatre-vingt jours\u00a0\u00bb.<\/p>\n\n\n\n<p> L&rsquo;Afrique subsaharienne annonce&nbsp;le premier mort de l&rsquo;\u00e9pid\u00e9mie. Le Burkina Faso enregistre un d\u00e9c\u00e8s li\u00e9 au coronavirus. Il s&rsquo;agit d&rsquo;une patiente de 62 ans, diab\u00e9tique, qui \u00e9tait en r\u00e9animation. <\/p>\n\n\n\n<p>Le minist\u00e8re de la Culture annonce le d\u00e9blocage d&rsquo;une \u00ab\u00a0aide d&rsquo;urgence\u00a0\u00bb de 22 millions pour tous les secteurs culturels touch\u00e9s.<\/p>\n\n\n\n<p>Le ministre de la Culture Franck Riester a annonc\u00e9 mercredi une \u00ab\u00a0aide d&rsquo;urgence\u00a0\u00bb de 22 millions d&rsquo;euros pour plusieurs secteurs culturels \u00ab\u00a0frapp\u00e9s de plein fouet\u00a0\u00bb par la crise du coronavirus.<\/p>\n\n\n\n<p>Ce \u00ab\u00a0premier volet d\u2019aides d\u2019urgence\u00a0\u00bb (10 millions d&rsquo;euros pour la musique, 5 millions pour le spectacle, 5 millions pour le livre et 2 millions pour les arts plastiques) sera suivi par \u00ab\u00a0d&rsquo;autres mesures sp\u00e9cifiques\u00a0\u00bb, a indiqu\u00e9 le minist\u00e8re qui veut \u00ab\u00a0r\u00e9pondre au risque de disparition des structures culturelles, notamment les plus fragiles\u00a0\u00bb.<\/p>\n\n\n\n<p> <strong>Pr\u00e8s de 7.900 morts recens\u00e9s dans le monde, selon un nouveau bilan de l&rsquo;AFP&nbsp;de sources officielles.&nbsp;<\/strong>Plus de 194 000 cas d&rsquo;infection ont \u00e9t\u00e9 d\u00e9nombr\u00e9s dans 150 pays et territoires depuis le d\u00e9but de l&rsquo;\u00e9pid\u00e9mie. Ce nombre de cas diagnostiqu\u00e9s ne refl\u00e8te toutefois qu&rsquo;imparfaitement la r\u00e9alit\u00e9, un grand nombre de pays ne testant d\u00e9sormais plus que les cas n\u00e9cessitant une prise en charge hospitali\u00e8re.&nbsp;Depuis le comptage r\u00e9alis\u00e9 la veille \u00e0 18 heures, 60 nouveaux d\u00e9c\u00e8s et 4 321 nouveaux cas ont \u00e9t\u00e9 recens\u00e9s dans le monde. <\/p>\n\n\n\n<p><\/p>\n","protected":false},"excerpt":{"rendered":"<p>Ce soir, Christophe Castaner, le Ministre de l\u2019Int\u00e9rieur sera, en duplex, l\u2019invit\u00e9 exceptionnel du JT de 20H. Il fera le bilan du 1er jour de confinement et r\u00e9pondra aux questions de Gilles Bouleau. La pr\u00e9fecture du Morbihan annonce que jusqu&rsquo;au 31 mars, les locations d&rsquo;h\u00e9bergement dans quatre \u00eeles seront interdites, dont Groix et Belle-Ile, afin [&hellip;]<\/p>\n","protected":false},"author":2,"featured_media":15013,"comment_status":"open","ping_status":"open","sticky":false,"template":"","format":"standard","meta":{"_jetpack_memberships_contains_paid_content":false,"footnotes":"","jetpack_publicize_message":"","jetpack_publicize_feature_enabled":true,"jetpack_social_post_already_shared":true,"jetpack_social_options":{"image_generator_settings":{"template":"highway","default_image_id":0,"font":"","enabled":false},"version":2},"_wpas_customize_per_network":false},"categories":[405],"tags":[],"class_list":["post-15012","post","type-post","status-publish","format-standard","has-post-thumbnail","hentry","category-actu-france-monde"],"jetpack_publicize_connections":[],"jetpack_featured_media_url":"https:\/\/i0.wp.com\/www.iceagetv.com\/radiosite\/wp-content\/uploads\/2020\/03\/Christophe-Castaner-sera-ce-soir-en-duplex-dans-le-20h-de-TF1.jpg?fit=622%2C272&ssl=1","jetpack_sharing_enabled":true,"_links":{"self":[{"href":"https:\/\/www.iceagetv.com\/radiosite\/wp-json\/wp\/v2\/posts\/15012","targetHints":{"allow":["GET"]}}],"collection":[{"href":"https:\/\/www.iceagetv.com\/radiosite\/wp-json\/wp\/v2\/posts"}],"about":[{"href":"https:\/\/www.iceagetv.com\/radiosite\/wp-json\/wp\/v2\/types\/post"}],"author":[{"embeddable":true,"href":"https:\/\/www.iceagetv.com\/radiosite\/wp-json\/wp\/v2\/users\/2"}],"replies":[{"embeddable":true,"href":"https:\/\/www.iceagetv.com\/radiosite\/wp-json\/wp\/v2\/comments?post=15012"}],"version-history":[{"count":2,"href":"https:\/\/www.iceagetv.com\/radiosite\/wp-json\/wp\/v2\/posts\/15012\/revisions"}],"predecessor-version":[{"id":15015,"href":"https:\/\/www.iceagetv.com\/radiosite\/wp-json\/wp\/v2\/posts\/15012\/revisions\/15015"}],"wp:featuredmedia":[{"embeddable":true,"href":"https:\/\/www.iceagetv.com\/radiosite\/wp-json\/wp\/v2\/media\/15013"}],"wp:attachment":[{"href":"https:\/\/www.iceagetv.com\/radiosite\/wp-json\/wp\/v2\/media?parent=15012"}],"wp:term":[{"taxonomy":"category","embeddable":true,"href":"https:\/\/www.iceagetv.com\/radiosite\/wp-json\/wp\/v2\/categories?post=15012"},{"taxonomy":"post_tag","embeddable":true,"href":"https:\/\/www.iceagetv.com\/radiosite\/wp-json\/wp\/v2\/tags?post=15012"}],"curies":[{"name":"wp","href":"https:\/\/api.w.org\/{rel}","templated":true}]}}