{"id":15016,"date":"2020-03-19T08:00:16","date_gmt":"2020-03-19T08:00:16","guid":{"rendered":"http:\/\/www.iceagetv.com\/radiosite\/?p=15016"},"modified":"2020-03-19T08:00:16","modified_gmt":"2020-03-19T08:00:16","slug":"coronavirus-en-italie-les-mesures-de-confinement-seront-prolongees-au-dela-du-3-avril-annonce-le-chef-du-gouvernement","status":"publish","type":"post","link":"https:\/\/www.iceagetv.com\/radiosite\/coronavirus-en-italie-les-mesures-de-confinement-seront-prolongees-au-dela-du-3-avril-annonce-le-chef-du-gouvernement\/","title":{"rendered":"Coronavirus : en Italie, les mesures de confinement seront prolong\u00e9es au-del\u00e0 du 3 avril, annonce le chef du gouvernement"},"content":{"rendered":"\n<p>Le&nbsp;confinement historique d\u00e9cr\u00e9t\u00e9 face&nbsp;au&nbsp;<a href=\"https:\/\/www.francetvinfo.fr\/sante\/maladie\/coronavirus\/\" target=\"_blank\" rel=\"noreferrer noopener\">coronavirus<\/a>&nbsp;se poursuit en Italie. Le chef du gouvernement italien, Giuseppe Conte, a annonc\u00e9, jeudi 19 mars, que les mesures de confinement prises depuis une semaine en Italie, pays d&rsquo;Europe le plus durement touch\u00e9 par la pand\u00e9mie, seraient&nbsp;<em>\u00ab\u00a0prolong\u00e9es \u00e0 leur \u00e9ch\u00e9ance\u00a0\u00bb<\/em>, le 3 avril.&nbsp;<em>\u00ab\u00a0Les mesures que nous avons prises, tant celle qui a entra\u00een\u00e9 la fermeture d&rsquo;une grande partie des entreprises et des activit\u00e9s individuelles dans le pays, que celle concernant l&rsquo;\u00e9cole, ne peuvent \u00eatre que prolong\u00e9es \u00e0 leur \u00e9ch\u00e9ance\u00a0\u00bb<\/em>, a d\u00e9clar\u00e9 Giuseppe Conte dans le quotidien<em>&nbsp;<a href=\"https:\/\/www.corriere.it\/politica\/20_marzo_19\/coronavirus-conte-blocco-totale-chiusura-scuole-saranno-prorogati-tutela-le-aziende-strategiche-33d5ea34-695a-11ea-913c-55c2df06d574.shtml\" target=\"_blank\" rel=\"noreferrer noopener\">Il Corriere della Sera<\/a>&nbsp;(en italien)<\/em>.<\/p>\n\n\n\n<p>En France, pays confin\u00e9 depuis mardi midi, le Parlement doit voter, jeudi et vendredi,&nbsp;<em>\u00ab\u00a0l&rsquo;\u00e9tat d&rsquo;urgence sanitaire\u00a0\u00bb,<\/em>&nbsp;alors que le nombre de malades augmente de fa\u00e7on exponentielle. Cet \u00e9tat d&rsquo;urgence&nbsp;sera d\u00e9clar\u00e9 par d\u00e9cret apr\u00e8s l&rsquo;adoption du projet de loi. L&rsquo;Assembl\u00e9e nationale et le S\u00e9nat seront inform\u00e9s&nbsp;<em>\u00ab\u00a0sans d\u00e9lai\u00a0\u00bb<\/em>&nbsp;des mesures prises pendant cette p\u00e9riode.&nbsp;Suivez notre direct.<\/p>\n\n\n\n<p><strong>&nbsp;Le coronavirus se propage de plus en plus rapidement.<\/strong>&nbsp;Le bilan des victimes s&rsquo;est alourdi mercredi, au deuxi\u00e8me jour du confinement ordonn\u00e9 par le gouvernement, avec un risque de saturation de certains services d&rsquo;urgence. Les h\u00f4pitaux accueillent 931 patients en r\u00e9animation. Parmi ces cas les plus graves, la moiti\u00e9 sont \u00e2g\u00e9s de&nbsp;<em>\u00ab\u00a0moins de 60 ans\u00a0\u00bb<\/em>, a insist\u00e9 le directeur g\u00e9n\u00e9ral de la sant\u00e9, J\u00e9r\u00f4me Salomon.<\/p>\n\n\n\n<p><strong>&nbsp;La crainte d&rsquo;une saturation des urgences.<\/strong>&nbsp;L&rsquo;\u00e9tat des lieux est d\u00e9j\u00e0 dramatique dans les Ehpad, a alert\u00e9 Ga\u00ebl Durel, pr\u00e9sident de l&rsquo;Association des m\u00e9decins coordinateurs et du secteur m\u00e9dico-social :&nbsp;<em>\u00ab\u00a0Lorsque le virus rentre dans (un) \u00e9tablissement, on assiste \u00e0 des taux de 75% de r\u00e9sidents atteints par le virus et des taux de mortalit\u00e9 catastrophiques, au-del\u00e0 de 20 \u00e0 30%\u00a0\u00bb<\/em>, a-t-il dit sur RTL.&nbsp;<em>\u00ab\u00a0Il n&rsquo;y a pas de place pour eux \u00e0 l&rsquo;h\u00f4pital, ils sont trop vuln\u00e9rables (&#8230;) on va privil\u00e9gier, ce qui est tout \u00e0 fait compr\u00e9hensible, des personnes qui ont plus de chances de pouvoir s&rsquo;en sortir\u00a0\u00bb,<\/em>&nbsp;a-t-il ajout\u00e9.&nbsp;Une situation qu&rsquo;a connue l&rsquo;Italie, entr\u00e9e en confinement depuis pr\u00e8s de deux semaines.<\/p>\n\n\n\n<p><strong>\u00a0Plus de 4\u00a0000 amendes pour non-respect du confinement.<\/strong>\u00a0Cent mille membres des forces de l&rsquo;ordre ont \u00e9t\u00e9 d\u00e9ploy\u00e9s sur tout le territoire fran\u00e7ais et ont inflig\u00e9 une amende forfaitaire de 135 euros en cas\u00a0<em>\u00ab\u00a0violation des interdictions de se d\u00e9placer hors de son domicile\u00a0\u00bb<\/em>. En 24 heures, 4\u00a0095 amendes ont \u00e9t\u00e9 dress\u00e9es, selon le ministre de l&rsquo;Int\u00e9rieur. <strong>En Italie, les mesures de confinement seront \u00ab\u00a0prolong\u00e9es\u00a0\u00bb, annonce le gouvernement.<\/strong> <\/p>\n","protected":false},"excerpt":{"rendered":"<p>Le&nbsp;confinement historique d\u00e9cr\u00e9t\u00e9 face&nbsp;au&nbsp;coronavirus&nbsp;se poursuit en Italie. Le chef du gouvernement italien, Giuseppe Conte, a annonc\u00e9, jeudi 19 mars, que les mesures de confinement prises depuis une semaine en Italie, pays d&rsquo;Europe le plus durement touch\u00e9 par la pand\u00e9mie, seraient&nbsp;\u00ab\u00a0prolong\u00e9es \u00e0 leur \u00e9ch\u00e9ance\u00a0\u00bb, le 3 avril.&nbsp;\u00ab\u00a0Les mesures que nous avons prises, tant celle qui a [&hellip;]<\/p>\n","protected":false},"author":2,"featured_media":14999,"comment_status":"open","ping_status":"open","sticky":false,"template":"","format":"standard","meta":{"_jetpack_memberships_contains_paid_content":false,"footnotes":"","jetpack_publicize_message":"","jetpack_publicize_feature_enabled":true,"jetpack_social_post_already_shared":true,"jetpack_social_options":{"image_generator_settings":{"template":"highway","default_image_id":0,"font":"","enabled":false},"version":2},"_wpas_customize_per_network":false},"categories":[405],"tags":[2755],"class_list":["post-15016","post","type-post","status-publish","format-standard","has-post-thumbnail","hentry","category-actu-france-monde","tag-en-italie"],"jetpack_publicize_connections":[],"jetpack_featured_media_url":"https:\/\/i0.wp.com\/www.iceagetv.com\/radiosite\/wp-content\/uploads\/2020\/03\/J%C3%A9r%C3%B4me-Salomon-DG-de-la-sant%C3%A9.jpg?fit=889%2C370&ssl=1","jetpack_sharing_enabled":true,"_links":{"self":[{"href":"https:\/\/www.iceagetv.com\/radiosite\/wp-json\/wp\/v2\/posts\/15016","targetHints":{"allow":["GET"]}}],"collection":[{"href":"https:\/\/www.iceagetv.com\/radiosite\/wp-json\/wp\/v2\/posts"}],"about":[{"href":"https:\/\/www.iceagetv.com\/radiosite\/wp-json\/wp\/v2\/types\/post"}],"author":[{"embeddable":true,"href":"https:\/\/www.iceagetv.com\/radiosite\/wp-json\/wp\/v2\/users\/2"}],"replies":[{"embeddable":true,"href":"https:\/\/www.iceagetv.com\/radiosite\/wp-json\/wp\/v2\/comments?post=15016"}],"version-history":[{"count":1,"href":"https:\/\/www.iceagetv.com\/radiosite\/wp-json\/wp\/v2\/posts\/15016\/revisions"}],"predecessor-version":[{"id":15017,"href":"https:\/\/www.iceagetv.com\/radiosite\/wp-json\/wp\/v2\/posts\/15016\/revisions\/15017"}],"wp:featuredmedia":[{"embeddable":true,"href":"https:\/\/www.iceagetv.com\/radiosite\/wp-json\/wp\/v2\/media\/14999"}],"wp:attachment":[{"href":"https:\/\/www.iceagetv.com\/radiosite\/wp-json\/wp\/v2\/media?parent=15016"}],"wp:term":[{"taxonomy":"category","embeddable":true,"href":"https:\/\/www.iceagetv.com\/radiosite\/wp-json\/wp\/v2\/categories?post=15016"},{"taxonomy":"post_tag","embeddable":true,"href":"https:\/\/www.iceagetv.com\/radiosite\/wp-json\/wp\/v2\/tags?post=15016"}],"curies":[{"name":"wp","href":"https:\/\/api.w.org\/{rel}","templated":true}]}}