{"id":15019,"date":"2020-03-19T12:47:23","date_gmt":"2020-03-19T12:47:23","guid":{"rendered":"http:\/\/www.iceagetv.com\/radiosite\/?p=15019"},"modified":"2020-03-19T12:47:23","modified_gmt":"2020-03-19T12:47:23","slug":"la-basilique-du-sacre-coeur-a-paris-situee-en-haut-de-la-butte-montmartre-a-ferme-ses-portes-une-premiere-depuis-sa-construction","status":"publish","type":"post","link":"https:\/\/www.iceagetv.com\/radiosite\/la-basilique-du-sacre-coeur-a-paris-situee-en-haut-de-la-butte-montmartre-a-ferme-ses-portes-une-premiere-depuis-sa-construction\/","title":{"rendered":"La basilique du Sacr\u00e9-Coeur \u00e0 Paris, situ\u00e9e en haut de la butte Montmartre, a ferm\u00e9 ses portes &#8211; Une premi\u00e8re depuis sa construction !"},"content":{"rendered":"\n<p>La basilique du Sacr\u00e9-Coeur \u00e0 Paris, situ\u00e9e en haut de la butte Montmartre, \u00ab\u00a0a ferm\u00e9 ses portes\u00a0\u00bb, en r\u00e9ponse \u00ab\u00a0aux consignes gouvernementales et au strict besoin de confinement de tous\u00a0\u00bb, a affirm\u00e9 son recteur jeudi.<\/p>\n\n\n\n<p>\u00ab\u00a0Si les \u00e9glises de France restent ouvertes, la basilique du Sacr\u00e9-Coeur de Montmartre a ferm\u00e9 ses portes\u00a0\u00bb, \u00e9crit dans un communiqu\u00e9 Mgr Jean Laverton, le recteur de la basilique.<em>close<\/em><em>volume_off<\/em><\/p>\n\n\n\n<p>\u00ab\u00a0La basilique est d&rsquo;abord un grand sanctuaire mais c&rsquo;est aussi l&rsquo;un des monuments les plus visit\u00e9s de Paris. A la suite des derni\u00e8res consignes gouvernementales et au strict besoin de confinement de tous, ces monuments sont d\u00e9sormais ferm\u00e9s au public\u00a0\u00bb, explique-t-il.<\/p>\n\n\n\n<p>Depuis sa construction (achev\u00e9e en 1914), \u00ab\u00a0c&rsquo;est la premi\u00e8re fois que la basilique est ferm\u00e9e\u00a0\u00bb, souligne-t-il, appelant les fid\u00e8les \u00e0 des pri\u00e8res \u00e0 distance.<\/p>\n\n\n\n<p>Les \u00e9glises restent ouvertes en France mais les mesures de confinement interdisent toute \u00ab\u00a0r\u00e9union de plus de&nbsp;20&nbsp;personnes au sein d&rsquo;un lieu de culte\u00a0\u00bb, selon le site du gouvernement.<\/p>\n\n\n\n<p>Aucune messe avec une assembl\u00e9e, de quelque taille que ce soit, ne doit \u00eatre c\u00e9l\u00e9br\u00e9e, a affirm\u00e9 mardi la Conf\u00e9rence des \u00e9v\u00eaques de France. De nombreux offices sont en revanche retransmis sur des m\u00e9dias catholiques ou sur les r\u00e9seaux sociaux.<br><\/p>\n\n\n\n<p><\/p>\n","protected":false},"excerpt":{"rendered":"<p>La basilique du Sacr\u00e9-Coeur \u00e0 Paris, situ\u00e9e en haut de la butte Montmartre, \u00ab\u00a0a ferm\u00e9 ses portes\u00a0\u00bb, en r\u00e9ponse \u00ab\u00a0aux consignes gouvernementales et au strict besoin de confinement de tous\u00a0\u00bb, a affirm\u00e9 son recteur jeudi. \u00ab\u00a0Si les \u00e9glises de France restent ouvertes, la basilique du Sacr\u00e9-Coeur de Montmartre a ferm\u00e9 ses portes\u00a0\u00bb, \u00e9crit dans un [&hellip;]<\/p>\n","protected":false},"author":2,"featured_media":15020,"comment_status":"open","ping_status":"open","sticky":false,"template":"","format":"standard","meta":{"_jetpack_memberships_contains_paid_content":false,"footnotes":"","jetpack_publicize_message":"","jetpack_publicize_feature_enabled":true,"jetpack_social_post_already_shared":true,"jetpack_social_options":{"image_generator_settings":{"template":"highway","default_image_id":0,"font":"","enabled":false},"version":2},"_wpas_customize_per_network":false},"categories":[405],"tags":[],"class_list":["post-15019","post","type-post","status-publish","format-standard","has-post-thumbnail","hentry","category-actu-france-monde"],"jetpack_publicize_connections":[],"jetpack_featured_media_url":"https:\/\/i0.wp.com\/www.iceagetv.com\/radiosite\/wp-content\/uploads\/2020\/03\/La-basilique-du-Sacr%C3%A9-Coeur-%C3%A0-Paris.jpg?fit=614%2C274&ssl=1","jetpack_sharing_enabled":true,"_links":{"self":[{"href":"https:\/\/www.iceagetv.com\/radiosite\/wp-json\/wp\/v2\/posts\/15019","targetHints":{"allow":["GET"]}}],"collection":[{"href":"https:\/\/www.iceagetv.com\/radiosite\/wp-json\/wp\/v2\/posts"}],"about":[{"href":"https:\/\/www.iceagetv.com\/radiosite\/wp-json\/wp\/v2\/types\/post"}],"author":[{"embeddable":true,"href":"https:\/\/www.iceagetv.com\/radiosite\/wp-json\/wp\/v2\/users\/2"}],"replies":[{"embeddable":true,"href":"https:\/\/www.iceagetv.com\/radiosite\/wp-json\/wp\/v2\/comments?post=15019"}],"version-history":[{"count":1,"href":"https:\/\/www.iceagetv.com\/radiosite\/wp-json\/wp\/v2\/posts\/15019\/revisions"}],"predecessor-version":[{"id":15021,"href":"https:\/\/www.iceagetv.com\/radiosite\/wp-json\/wp\/v2\/posts\/15019\/revisions\/15021"}],"wp:featuredmedia":[{"embeddable":true,"href":"https:\/\/www.iceagetv.com\/radiosite\/wp-json\/wp\/v2\/media\/15020"}],"wp:attachment":[{"href":"https:\/\/www.iceagetv.com\/radiosite\/wp-json\/wp\/v2\/media?parent=15019"}],"wp:term":[{"taxonomy":"category","embeddable":true,"href":"https:\/\/www.iceagetv.com\/radiosite\/wp-json\/wp\/v2\/categories?post=15019"},{"taxonomy":"post_tag","embeddable":true,"href":"https:\/\/www.iceagetv.com\/radiosite\/wp-json\/wp\/v2\/tags?post=15019"}],"curies":[{"name":"wp","href":"https:\/\/api.w.org\/{rel}","templated":true}]}}