{"id":15029,"date":"2020-03-20T19:37:12","date_gmt":"2020-03-20T19:37:12","guid":{"rendered":"http:\/\/www.iceagetv.com\/radiosite\/?p=15029"},"modified":"2020-03-20T19:37:12","modified_gmt":"2020-03-20T19:37:12","slug":"coronavirus-450-morts-et-12-612-cas-desormais-confirmes-en-france","status":"publish","type":"post","link":"https:\/\/www.iceagetv.com\/radiosite\/coronavirus-450-morts-et-12-612-cas-desormais-confirmes-en-france\/","title":{"rendered":"Coronavirus: 450 morts et 12.612 cas d\u00e9sormais confirm\u00e9s en France"},"content":{"rendered":"\n<h2 class=\"wp-block-heading\">Le directeur de la Sant\u00e9 a annonc\u00e9, ce vendredi soir, que 450 personnes sont mortes du coronavirus depuis le d\u00e9but de l&rsquo;\u00e9pid\u00e9mie, et que 12.612 personnes ont \u00e9t\u00e9 contamin\u00e9es en France.<\/h2>\n\n\n\n<p>450 personnes sont mortes et 12.612 cas de contaminations sont d\u00e9sormais confirm\u00e9s en France,&nbsp;a annonc\u00e9 le directeur de la Sant\u00e9 ce vendredi soir, lors de sa conf\u00e9rence de presse quotidienne. 78 personnes suppl\u00e9mentaires sont mortes en 24 heures en France, dont 87% ont plus de 70 ans,&nbsp;et toutes les r\u00e9gions sont d\u00e9sormais touch\u00e9es par le Covid-19.<\/p>\n\n\n\n<ul class=\"wp-block-list\"><li>5226 personnes hospitalis\u00e9es<\/li><\/ul>\n\n\n\n<p>Parmi ces nouveaux cas confirm\u00e9s, 5226 personnes sont actuellement hospitalis\u00e9es,&nbsp;1297&nbsp;se trouvent&nbsp;en r\u00e9animation \u00ab\u00a0dans un \u00e9tat grave\u00a0\u00bb, et&nbsp;\u00ab\u00a050 % des personnes en r\u00e9animation ont moins de 60 ans\u00a0\u00bb, a pr\u00e9cis\u00e9 J\u00e9r\u00f4me Salomon, qui a pr\u00e9venu que l&rsquo;\u00e9pid\u00e9mie touche aussi des \u00ab\u00a0adultes jeunes\u00a0\u00bb. &nbsp;Par ailleurs,&nbsp;1587&nbsp;personnes sont gu\u00e9ries et sorties de l&rsquo;h\u00f4pital.&nbsp;<\/p>\n\n\n\n<ul class=\"wp-block-list\"><li>\u00ab\u00a0L&rsquo;\u00e9pid\u00e9mie s&rsquo;\u00e9tend progressivement sur le territoire\u00a0\u00bb<\/li><\/ul>\n\n\n\n<p>Dans le d\u00e9tail, J\u00e9r\u00f4me Salomon a pr\u00e9cis\u00e9 que l&rsquo;\u00e9pid\u00e9mie s&rsquo;\u00e9tendait \u00ab\u00a0progressivement\u00a0\u00bb sur le territoire national, que la situation \u00ab\u00a0se d\u00e9gradait rapidement\u00a0\u00bb, et que&nbsp;la circulation du virus \u00e9tait d\u00e9sormais tr\u00e8s intense en France. Par ailleurs, 50.000 tests ont \u00e9t\u00e9 r\u00e9alis\u00e9s ce jour.<\/p>\n\n\n\n<ul class=\"wp-block-list\"><li>La prolongation du confinement, \u00ab\u00a0une possibilit\u00e9\u00a0\u00bb<\/li><\/ul>\n\n\n\n<p>\u00ab\u00a0Les effets du confinement ne sont pas imm\u00e9diats, et la p\u00e9riode d&rsquo;incubation du virus varie entre 2 et 14 jours. Ainsi de nombreuses personnes aujourd&rsquo;hui confin\u00e9es sont porteuses ou ont \u00e9t\u00e9 contamin\u00e9es et ne sont pas encore symptomatiques. On attend un pic entre 5 et 8 jours, avec une dur\u00e9e de 10 \u00e0 22 jours pour avoir l&rsquo;efficacit\u00e9 maximale de la modification de comportement\u00a0\u00bb,&nbsp;a aussi d\u00e9clar\u00e9 le directeur g\u00e9n\u00e9ral de la Sant\u00e9.<\/p>\n\n\n\n<blockquote class=\"wp-block-quote is-layout-flow wp-block-quote-is-layout-flow\"><p>\u00ab\u00a0<a href=\"https:\/\/www.bfmtv.com\/mediaplayer\/video\/sibeth-ndiaye-c-est-assez-probable-que-nous-soyons-obliges-de-prolonger-le-confinement-1231935.html\">La prolongation du confinement\u00a0est une possibilit\u00e9\u00a0\u00bb<\/a>, a-t-il ajout\u00e9,\u00a0\u00ab\u00a0cela d\u00e9pendra \u00e9videmment de l&rsquo;\u00e9volution de l&rsquo;\u00e9pid\u00e9mie mais surtout de l&rsquo;application par tous du confinement\u00a0\u00bb.<\/p><p>\u00ab\u00a0La lev\u00e9e du confinement n&rsquo;est pas guid\u00e9e par la r\u00e9alisation des tests sur l&rsquo;ensemble du territoire, mais bien sur une expertise scientifique qui sera faite pour juger du meilleur moment pour lever le confinement et surtout des conditions optimales pour lever ce confinement\u00a0\u00bb, a enfin averti le DGS, alors que le confinement a \u00e9t\u00e9 instaur\u00e9 sur le pays depuis mardi.<\/p><\/blockquote>\n\n\n\n<ul class=\"wp-block-list\"><li>\u00ab\u00a0Ne partez pas en week-end!\u00a0\u00bb, exhorte Salomon<\/li><\/ul>\n\n\n\n<p>Le professeur Salomon a \u00e9galement appel\u00e9 de nouveau les Fran\u00e7ais au respect des consignes: \u00ab\u00a0Ne partez pas en week-end\u00a0\u00bb, a-t-il insist\u00e9 en ce vendredi soir, avec le \u00ab\u00a0risque de nouveaux contacts\u00a0\u00bb pendant le transport en voiture ou en train et sur place.<\/p>\n\n\n\n<blockquote class=\"wp-block-quote is-layout-flow wp-block-quote-is-layout-flow\"><p>\u00ab\u00a0Vous risquez de transporter sans le savoir le virus des grandes villes vers les campagnes (&#8230;) mais aussi de vous retrouver dans une zone o\u00f9 il n&rsquo;y a pas forc\u00e9ment d&rsquo;infrastructures sanitaires capables de prendre en charge beaucoup de malades\u00a0\u00bb, a-t-il mis en garde.<\/p><p>\u00ab\u00a0Pour ceux qui veulent partir en Outre-mer, si vous pouvez, restez en m\u00e9tropole\u00a0\u00bb, a-t-il ajout\u00e9.<\/p><\/blockquote>\n\n\n\n<ul class=\"wp-block-list\"><li>Une disparition&nbsp;de l&rsquo;odorat dans certains cas<\/li><\/ul>\n\n\n\n<p>Le directeur de la Sant\u00e9&nbsp;a ensuite \u00e9voqu\u00e9 \u00ab\u00a0une recrudescence des cas d&rsquo;anosmie\u00a0\u00bb signal\u00e9e par le Conseil national des ORL: il s&rsquo;agit d&rsquo;une \u00ab\u00a0disparition brutale de l&rsquo;odorat sans obstruction nasale et qui peut survenir de fa\u00e7on isol\u00e9e\u00a0\u00bb, a-t-il pr\u00e9cis\u00e9.&nbsp;Dans ce cas, \u00ab\u00a0il faut appeler son m\u00e9decin traitant et \u00e9viter toute autom\u00e9dication sans avis sp\u00e9cialis\u00e9\u00a0\u00bb.<\/p>\n\n\n\n<ul class=\"wp-block-list\"><li>Changement de doctrine sur les tests de d\u00e9pistage&nbsp;<\/li><\/ul>\n\n\n\n<p>\u00ab\u00a0Le passage en phase trois \u00e9pid\u00e9mique entra\u00eene aussi un changement de doctrine concernant les tests\u00a0\u00bb, a encore pr\u00e9venu J\u00e9r\u00f4me Salomon.&nbsp;\u00ab\u00a0La strat\u00e9gie est cibl\u00e9e: nous testons toutes les personnes fragiles, \u00e0 risque ou hospitalis\u00e9es, les foyers collectifs, les r\u00e9sidants d&rsquo;\u00e9tablissements collectifs de personnes \u00e2g\u00e9es et \u00e9videmment les professionnels de sant\u00e9\u00a0\u00bb.A l&rsquo;international, 11.000 personnes sont mortes et&nbsp;255.000 cas sont d\u00e9sormais recens\u00e9s, dont 87.000 sont gu\u00e9ris, selon les chiffres de J\u00e9r\u00f4me Salomon.&nbsp;En France, le dernier bilan annonc\u00e9 jeudi soir faisait \u00e9tat de 10.995 cas av\u00e9r\u00e9s et 372 morts.&nbsp;Dans le monde, le seuil des 10.000 morts&nbsp;a \u00e9t\u00e9 d\u00e9pass\u00e9, selon le d\u00e9compte de l&rsquo;universit\u00e9 am\u00e9ricaine Johns Hopkins.\n\n<\/p>\n\n\n\n<blockquote class=\"wp-block-quote is-layout-flow wp-block-quote-is-layout-flow\"><p><\/p><\/blockquote>\n","protected":false},"excerpt":{"rendered":"<p>Le directeur de la Sant\u00e9 a annonc\u00e9, ce vendredi soir, que 450 personnes sont mortes du coronavirus depuis le d\u00e9but de l&rsquo;\u00e9pid\u00e9mie, et que 12.612 personnes ont \u00e9t\u00e9 contamin\u00e9es en France. 450 personnes sont mortes et 12.612 cas de contaminations sont d\u00e9sormais confirm\u00e9s en France,&nbsp;a annonc\u00e9 le directeur de la Sant\u00e9 ce vendredi soir, lors [&hellip;]<\/p>\n","protected":false},"author":2,"featured_media":15030,"comment_status":"open","ping_status":"open","sticky":false,"template":"","format":"standard","meta":{"_jetpack_memberships_contains_paid_content":false,"footnotes":"","jetpack_publicize_message":"","jetpack_publicize_feature_enabled":true,"jetpack_social_post_already_shared":true,"jetpack_social_options":{"image_generator_settings":{"template":"highway","default_image_id":0,"font":"","enabled":false},"version":2},"_wpas_customize_per_network":false},"categories":[405],"tags":[],"class_list":["post-15029","post","type-post","status-publish","format-standard","has-post-thumbnail","hentry","category-actu-france-monde"],"jetpack_publicize_connections":[],"jetpack_featured_media_url":"https:\/\/i0.wp.com\/www.iceagetv.com\/radiosite\/wp-content\/uploads\/2020\/03\/450-morts-et-12.612-cas-d%C3%A9sormais-confirm%C3%A9s-en-France.png?fit=1000%2C600&ssl=1","jetpack_sharing_enabled":true,"_links":{"self":[{"href":"https:\/\/www.iceagetv.com\/radiosite\/wp-json\/wp\/v2\/posts\/15029","targetHints":{"allow":["GET"]}}],"collection":[{"href":"https:\/\/www.iceagetv.com\/radiosite\/wp-json\/wp\/v2\/posts"}],"about":[{"href":"https:\/\/www.iceagetv.com\/radiosite\/wp-json\/wp\/v2\/types\/post"}],"author":[{"embeddable":true,"href":"https:\/\/www.iceagetv.com\/radiosite\/wp-json\/wp\/v2\/users\/2"}],"replies":[{"embeddable":true,"href":"https:\/\/www.iceagetv.com\/radiosite\/wp-json\/wp\/v2\/comments?post=15029"}],"version-history":[{"count":1,"href":"https:\/\/www.iceagetv.com\/radiosite\/wp-json\/wp\/v2\/posts\/15029\/revisions"}],"predecessor-version":[{"id":15031,"href":"https:\/\/www.iceagetv.com\/radiosite\/wp-json\/wp\/v2\/posts\/15029\/revisions\/15031"}],"wp:featuredmedia":[{"embeddable":true,"href":"https:\/\/www.iceagetv.com\/radiosite\/wp-json\/wp\/v2\/media\/15030"}],"wp:attachment":[{"href":"https:\/\/www.iceagetv.com\/radiosite\/wp-json\/wp\/v2\/media?parent=15029"}],"wp:term":[{"taxonomy":"category","embeddable":true,"href":"https:\/\/www.iceagetv.com\/radiosite\/wp-json\/wp\/v2\/categories?post=15029"},{"taxonomy":"post_tag","embeddable":true,"href":"https:\/\/www.iceagetv.com\/radiosite\/wp-json\/wp\/v2\/tags?post=15029"}],"curies":[{"name":"wp","href":"https:\/\/api.w.org\/{rel}","templated":true}]}}