{"id":15035,"date":"2020-03-21T09:30:58","date_gmt":"2020-03-21T09:30:58","guid":{"rendered":"http:\/\/www.iceagetv.com\/radiosite\/?p=15035"},"modified":"2020-03-21T09:30:58","modified_gmt":"2020-03-21T09:30:58","slug":"liran-a-libere-le-chercheur-francais-roland-marchal","status":"publish","type":"post","link":"https:\/\/www.iceagetv.com\/radiosite\/liran-a-libere-le-chercheur-francais-roland-marchal\/","title":{"rendered":"L\u2019Iran a lib\u00e9r\u00e9 le chercheur fran\u00e7ais Roland Marchal"},"content":{"rendered":"\n<p>Le chef de l\u2019Etat a annonc\u00e9, samedi 21&nbsp;mars, la lib\u00e9ration par l\u2019Iran du chercheur fran\u00e7ais emprisonn\u00e9 depuis juin&nbsp;2019 et a appel\u00e9 \u00e0 la&nbsp;<em>\u00ab&nbsp;lib\u00e9ration imm\u00e9diate&nbsp;\u00bb<\/em>&nbsp;de la franco-iranienne Fariba Adelkhah toujours emprisonn\u00e9e sur le sol iranien..<\/p>\n\n\n\n<p>Roland Marchal doit arriver \u00e0 Paris en milieu de journ\u00e9e. Ce sp\u00e9cialiste de l\u2019Afrique \u00e9tait accus\u00e9 de \u00ab&nbsp;<em>collusion en vue d\u2019attenter \u00e0 la s\u00fbret\u00e9 nationale&nbsp;<\/em>\u00bb, un crime passible de deux \u00e0 cinq ans de prison. Emmanuel Macron&nbsp;<em>\u00ab&nbsp;est heureux d\u2019annoncer la lib\u00e9ration de M.&nbsp;Roland Marchal emprisonn\u00e9 en Iran depuis le mois de juin&nbsp;2019. Il arrivera en France ce samedi&nbsp;21&nbsp;mars en milieu de journ\u00e9e&nbsp;\u00bb<\/em>, fait savoir la pr\u00e9sidence fran\u00e7aise dans un communiqu\u00e9.<\/p>\n\n\n\n<p><em>\u00ab\u00a0Le pr\u00e9sident de la R\u00e9publique exhorte les autorit\u00e9s iraniennes \u00e0 lib\u00e9rer imm\u00e9diatement notre compatriote Fariba Adelkhah toujours emprisonn\u00e9e en Iran\u00a0\u00bb<\/em>, ajoute-t-elle. La principale charge pesant \u00e0 l\u2019encontre de l\u2019anthropologue franco-iranienne, celle d\u2019espionnage passible de la peine de mort, a \u00e9t\u00e9 abandonn\u00e9e le 6\u00a0janvier. Un signal positif. Elle reste n\u00e9anmoins inculp\u00e9e d\u2019<em>\u00ab\u00a0atteinte \u00e0 la s\u00e9curit\u00e9 nationale\u00a0\u00bb\u00a0<\/em>et de\u00a0<em>\u00ab\u00a0propagande contre la R\u00e9publique islamique\u00a0\u00bb<\/em>.<\/p>\n\n\n\n<h2 class=\"wp-block-heading\">Accord trouv\u00e9<\/h2>\n\n\n\n<p>La perspective d\u2019une lib\u00e9ration de Roland Marchal s\u2019\u00e9tait renforc\u00e9e vendredi avec l\u2019annonce dans la presse iranienne \u2013 mais sans confirmation officielle des autorit\u00e9s fran\u00e7aises \u2013 d\u2019un accord trouv\u00e9 entre Paris et T\u00e9h\u00e9ran sur un \u00e9change de prisonniers.<\/p>\n\n\n\n<p>La cha\u00eene de t\u00e9l\u00e9vision publique IRIB avait annonc\u00e9 dans la soir\u00e9e la lib\u00e9ration du chercheur \u00e2g\u00e9 de 64&nbsp;ans en \u00e9change de celle de Jalal Ruhollahnejad, un ing\u00e9nieur iranien dont les Etats-Unis r\u00e9clamaient l\u2019extradition pour infraction au r\u00e9gime de sanctions impos\u00e9 par Washington \u00e0 la R\u00e9publique islamique. D\u00e9non\u00e7ant une ing\u00e9rence dans ses affaires int\u00e9rieures, l\u2019Iran avait jusqu\u2019\u00e0 pr\u00e9sent rejet\u00e9 les appels de la France en faveur de la lib\u00e9ration de Roland Marchal et de Fariba Adelkhah, des d\u00e9tentions qualifi\u00e9es d\u2019<em>\u00ab&nbsp;intol\u00e9rables&nbsp;\u00bb<\/em>&nbsp;par Emmanuel Macron en d\u00e9cembre.<\/p>\n\n\n\n<p>Fariba Adelkhah, 60&nbsp;ans, a \u00e9t\u00e9 arr\u00eat\u00e9e le 5&nbsp;juin&nbsp;2019, le m\u00eame jour que son coll\u00e8gue et ami Roland Marchal, sp\u00e9cialiste de l\u2019Afrique orientale au Centre de recherches internationales (CERI) venu lui rendre visite dans la capitale iranienne. Le 24&nbsp;d\u00e9cembre, elle a entam\u00e9 une gr\u00e8ve de la faim en m\u00eame temps qu\u2019une cod\u00e9tenue universitaire australienne, Kylie Moore-Gilbert, \u00e0 laquelle elle a mis fin au&nbsp;d\u00e9but de&nbsp;f\u00e9vrier.<\/p>\n\n\n\n<p><\/p>\n\n\n\n<p><\/p>\n","protected":false},"excerpt":{"rendered":"<p>Le chef de l\u2019Etat a annonc\u00e9, samedi 21&nbsp;mars, la lib\u00e9ration par l\u2019Iran du chercheur fran\u00e7ais emprisonn\u00e9 depuis juin&nbsp;2019 et a appel\u00e9 \u00e0 la&nbsp;\u00ab&nbsp;lib\u00e9ration imm\u00e9diate&nbsp;\u00bb&nbsp;de la franco-iranienne Fariba Adelkhah toujours emprisonn\u00e9e sur le sol iranien.. Roland Marchal doit arriver \u00e0 Paris en milieu de journ\u00e9e. Ce sp\u00e9cialiste de l\u2019Afrique \u00e9tait accus\u00e9 de \u00ab&nbsp;collusion en vue d\u2019attenter [&hellip;]<\/p>\n","protected":false},"author":2,"featured_media":15036,"comment_status":"open","ping_status":"open","sticky":false,"template":"","format":"standard","meta":{"_jetpack_memberships_contains_paid_content":false,"footnotes":"","jetpack_publicize_message":"","jetpack_publicize_feature_enabled":true,"jetpack_social_post_already_shared":true,"jetpack_social_options":{"image_generator_settings":{"template":"highway","default_image_id":0,"font":"","enabled":false},"version":2},"_wpas_customize_per_network":false},"categories":[405],"tags":[],"class_list":["post-15035","post","type-post","status-publish","format-standard","has-post-thumbnail","hentry","category-actu-france-monde"],"jetpack_publicize_connections":[],"jetpack_featured_media_url":"https:\/\/i0.wp.com\/www.iceagetv.com\/radiosite\/wp-content\/uploads\/2020\/03\/L%E2%80%99Iran-a-lib%C3%A9r%C3%A9-le-chercheur-fran%C3%A7ais-Roland-Marchal.jpg?fit=618%2C342&ssl=1","jetpack_sharing_enabled":true,"_links":{"self":[{"href":"https:\/\/www.iceagetv.com\/radiosite\/wp-json\/wp\/v2\/posts\/15035","targetHints":{"allow":["GET"]}}],"collection":[{"href":"https:\/\/www.iceagetv.com\/radiosite\/wp-json\/wp\/v2\/posts"}],"about":[{"href":"https:\/\/www.iceagetv.com\/radiosite\/wp-json\/wp\/v2\/types\/post"}],"author":[{"embeddable":true,"href":"https:\/\/www.iceagetv.com\/radiosite\/wp-json\/wp\/v2\/users\/2"}],"replies":[{"embeddable":true,"href":"https:\/\/www.iceagetv.com\/radiosite\/wp-json\/wp\/v2\/comments?post=15035"}],"version-history":[{"count":1,"href":"https:\/\/www.iceagetv.com\/radiosite\/wp-json\/wp\/v2\/posts\/15035\/revisions"}],"predecessor-version":[{"id":15037,"href":"https:\/\/www.iceagetv.com\/radiosite\/wp-json\/wp\/v2\/posts\/15035\/revisions\/15037"}],"wp:featuredmedia":[{"embeddable":true,"href":"https:\/\/www.iceagetv.com\/radiosite\/wp-json\/wp\/v2\/media\/15036"}],"wp:attachment":[{"href":"https:\/\/www.iceagetv.com\/radiosite\/wp-json\/wp\/v2\/media?parent=15035"}],"wp:term":[{"taxonomy":"category","embeddable":true,"href":"https:\/\/www.iceagetv.com\/radiosite\/wp-json\/wp\/v2\/categories?post=15035"},{"taxonomy":"post_tag","embeddable":true,"href":"https:\/\/www.iceagetv.com\/radiosite\/wp-json\/wp\/v2\/tags?post=15035"}],"curies":[{"name":"wp","href":"https:\/\/api.w.org\/{rel}","templated":true}]}}