{"id":15042,"date":"2020-03-21T16:06:50","date_gmt":"2020-03-21T16:06:50","guid":{"rendered":"http:\/\/www.iceagetv.com\/radiosite\/?p=15042"},"modified":"2020-03-21T16:06:50","modified_gmt":"2020-03-21T16:06:50","slug":"virus-le-ministre-de-la-sante-olivier-veran-la-situation-va-encore-saggraver-la-polemique-na-pas-sa-place-au-vu-du-peril-inedit-il-ny-avait-aucun-masque-ffp2-en-stock-au-debut-de-la-c","status":"publish","type":"post","link":"https:\/\/www.iceagetv.com\/radiosite\/virus-le-ministre-de-la-sante-olivier-veran-la-situation-va-encore-saggraver-la-polemique-na-pas-sa-place-au-vu-du-peril-inedit-il-ny-avait-aucun-masque-ffp2-en-stock-au-debut-de-la-c\/","title":{"rendered":"VIRUS &#8211; Le Ministre de la Sant\u00e9, Olivier V\u00e9ran : \u00ab\u00a0La situation va encore s&rsquo;aggraver&#8230; La pol\u00e9mique n&rsquo;a pas sa place au vu du p\u00e9ril in\u00e9dit. Il n&rsquo;y avait aucun masque FFP2 en stock au d\u00e9but de la crise\u00a0\u00bb"},"content":{"rendered":"\n<p><strong>Olivier V\u00e9ran, Ministre de la Sant\u00e9:<\/strong><\/p>\n\n\n\n<p>\u00ab\u00a0C&rsquo;est un course de fond qui s&rsquo;engage et il faudra \u00eatre tr\u00e8s patient et tr\u00e8s solidaire.&nbsp;<strong>La situation va s&rsquo;aggraver<\/strong>&nbsp;les premiers jours avant que le confinement ne face effet. Nous sommes loin d&rsquo;\u00eatre isol\u00e9 dans la strat\u00e9gie. C&rsquo;est la quasi totalit\u00e9 des pays europ\u00e9ens qui a adopt\u00e9 cette mesure. Nous faisons ni plus, ni moins que les autres. Le confinement c&rsquo;est la clef. L&rsquo;union nationale est indispensable.&nbsp;<em>L<\/em>e confinement g\u00e9n\u00e9ralis\u00e9, appliqu\u00e9 partout avec rigueur, avec d\u00e9termination, c&rsquo;est la cl\u00e9. La cl\u00e9 pour vaincre l&rsquo;\u00e9pid\u00e9mie, la cl\u00e9 pour donner du temps \u00e0 nos soignants, pour sauver de nombreuses vies.<em>close<\/em><em>volume_off<\/em><\/p>\n\n\n\n<p><strong>La pol\u00e9mique n&rsquo;a pas sa place au vu du p\u00e9ril in\u00e9dit.<\/strong>\u00a0Je veux dire aux soignants que je partage leurs attentes et leur col\u00e8re.<strong>\u00a0Il sera temps le moment voulu de tirer les cons\u00e9quences sur la pr\u00e9paration de notre pays.<\/strong>\u00a0Il y a une dizaine d&rsquo;ann\u00e9e 1 milliard de masques chirurgicaux et 600 millions de masques FFP2. Des stocks qui se sont r\u00e9duit d&rsquo;ann\u00e9e en ann\u00e9e.<strong>\u00a0Quand l&rsquo;\u00e9pid\u00e9mie s&rsquo;est d\u00e9clenchait il restait 150 millions de masques chirurgicaux et z\u00e9ro de FFP2.\u00a0<\/strong>Nous disposons \u00e0 ce jour d&rsquo;un stock d&rsquo;Etat de 86 millions de masques : 5 millions de masques de type FFP2 et 81 millions chirurgicaux. Nous pr\u00e9voyons une consommation de 24 millions de masques par semaine. <strong>Le groupe de luxe LVMH a promis d&rsquo;offrir dix millions de masques<\/strong>\u00a0(dont trois millions de masques FFP2), d&rsquo;une valeur de cinq millions d&rsquo;euros. L&rsquo;entreprise a \u00ab\u00a0r\u00e9ussi \u00e0 trouver un fournisseur industriel chinois capable de livrer dix millions de masques dans les prochains jours\u00a0\u00bb, est-il ainsi pr\u00e9cis\u00e9 dans un communiqu\u00e9. <\/p>\n","protected":false},"excerpt":{"rendered":"<p>Olivier V\u00e9ran, Ministre de la Sant\u00e9: \u00ab\u00a0C&rsquo;est un course de fond qui s&rsquo;engage et il faudra \u00eatre tr\u00e8s patient et tr\u00e8s solidaire.&nbsp;La situation va s&rsquo;aggraver&nbsp;les premiers jours avant que le confinement ne face effet. Nous sommes loin d&rsquo;\u00eatre isol\u00e9 dans la strat\u00e9gie. C&rsquo;est la quasi totalit\u00e9 des pays europ\u00e9ens qui a adopt\u00e9 cette mesure. Nous [&hellip;]<\/p>\n","protected":false},"author":2,"featured_media":15043,"comment_status":"open","ping_status":"open","sticky":false,"template":"","format":"standard","meta":{"_jetpack_memberships_contains_paid_content":false,"footnotes":"","jetpack_publicize_message":"","jetpack_publicize_feature_enabled":true,"jetpack_social_post_already_shared":true,"jetpack_social_options":{"image_generator_settings":{"template":"highway","default_image_id":0,"font":"","enabled":false},"version":2},"_wpas_customize_per_network":false},"categories":[405],"tags":[],"class_list":["post-15042","post","type-post","status-publish","format-standard","has-post-thumbnail","hentry","category-actu-france-monde"],"jetpack_publicize_connections":[],"jetpack_featured_media_url":"https:\/\/i0.wp.com\/www.iceagetv.com\/radiosite\/wp-content\/uploads\/2020\/03\/La-situation-va-encore-saggraver.jpg?fit=880%2C391&ssl=1","jetpack_sharing_enabled":true,"_links":{"self":[{"href":"https:\/\/www.iceagetv.com\/radiosite\/wp-json\/wp\/v2\/posts\/15042","targetHints":{"allow":["GET"]}}],"collection":[{"href":"https:\/\/www.iceagetv.com\/radiosite\/wp-json\/wp\/v2\/posts"}],"about":[{"href":"https:\/\/www.iceagetv.com\/radiosite\/wp-json\/wp\/v2\/types\/post"}],"author":[{"embeddable":true,"href":"https:\/\/www.iceagetv.com\/radiosite\/wp-json\/wp\/v2\/users\/2"}],"replies":[{"embeddable":true,"href":"https:\/\/www.iceagetv.com\/radiosite\/wp-json\/wp\/v2\/comments?post=15042"}],"version-history":[{"count":1,"href":"https:\/\/www.iceagetv.com\/radiosite\/wp-json\/wp\/v2\/posts\/15042\/revisions"}],"predecessor-version":[{"id":15044,"href":"https:\/\/www.iceagetv.com\/radiosite\/wp-json\/wp\/v2\/posts\/15042\/revisions\/15044"}],"wp:featuredmedia":[{"embeddable":true,"href":"https:\/\/www.iceagetv.com\/radiosite\/wp-json\/wp\/v2\/media\/15043"}],"wp:attachment":[{"href":"https:\/\/www.iceagetv.com\/radiosite\/wp-json\/wp\/v2\/media?parent=15042"}],"wp:term":[{"taxonomy":"category","embeddable":true,"href":"https:\/\/www.iceagetv.com\/radiosite\/wp-json\/wp\/v2\/categories?post=15042"},{"taxonomy":"post_tag","embeddable":true,"href":"https:\/\/www.iceagetv.com\/radiosite\/wp-json\/wp\/v2\/tags?post=15042"}],"curies":[{"name":"wp","href":"https:\/\/api.w.org\/{rel}","templated":true}]}}