{"id":15051,"date":"2020-03-22T12:49:07","date_gmt":"2020-03-22T12:49:07","guid":{"rendered":"http:\/\/www.iceagetv.com\/radiosite\/?p=15051"},"modified":"2020-03-22T12:49:07","modified_gmt":"2020-03-22T12:49:07","slug":"virus-qui-est-jean-jacques-razafindranazy-cet-urgentiste-de-lhopital-de-compiegne-premier-medecin-decede-du-covid-19-en-france","status":"publish","type":"post","link":"https:\/\/www.iceagetv.com\/radiosite\/virus-qui-est-jean-jacques-razafindranazy-cet-urgentiste-de-lhopital-de-compiegne-premier-medecin-decede-du-covid-19-en-france\/","title":{"rendered":"VIRUS &#8211; Qui est Jean-Jacques Razafindranazy cet urgentiste de l&rsquo;h\u00f4pital de Compi\u00e8gne, premier m\u00e9decin d\u00e9c\u00e9d\u00e9 du COVID 19 en France ?"},"content":{"rendered":"\n<p><strong>Qui est le m\u00e9decin urgentiste d\u00e9c\u00e9d\u00e9 ?<\/strong><\/p>\n\n\n\n<p>Jean-Jacques Razafindranazy \u00e9tait m\u00e9decin urgentiste \u00e0 l&rsquo;h\u00f4pital de Compi\u00e8gne. Il est mort cette semaine du coronavirus apr\u00e8s avoir \u00e9t\u00e9 hospitalis\u00e9 \u00e0 Lille. Ce serait le premier d\u00e9c\u00e8s d&rsquo;un soignant li\u00e9 au Covid-19.&nbsp;Le m\u00e9decin urgentiste \u00e2g\u00e9 d&rsquo;une soixantaine d&rsquo;ann\u00e9es \u00e9tait \u00ab\u00a0passionn\u00e9 par son travail et n&rsquo;avait pas pris sa retraite\u00a0\u00bb. Selon nos sources, il \u00e9tait malade depuis 3 semaines. Il a \u00e9t\u00e9 hospitalis\u00e9 dans un premier temps \u00e0 Compi\u00e8gne puis son \u00e9tat s&rsquo;est d\u00e9grad\u00e9. Il a donc \u00e9t\u00e9 transf\u00e9r\u00e9 au CHU de Lille o\u00f9 il est d\u00e9c\u00e9d\u00e9. Sa femme est m\u00e9decin g\u00e9n\u00e9raliste.<em>close<\/em><em>volume_off<\/em><\/p>\n\n\n\n<p>Apr\u00e8s avoir d\u00e9velopp\u00e9 des sympt\u00f4mes du Covid-19, elle est rest\u00e9e confin\u00e9e chez elle et n&rsquo;a pas pu accompagner son mari. \u00ab\u00a0Les soignants payent un tr\u00e8s lourd tribut\u00a0\u00bb Jean-Jacques Razafindranazy serait le premier soignant mort du coronavirus selon le ministre de la Sant\u00e9.<\/p>\n\n\n\n<p>\u00ab\u00a0Hier soir, j&rsquo;ai appris le d\u00e9c\u00e8s d&rsquo;un m\u00e9decin. C&rsquo;est \u00e0 ma connaissance le seul, je ne peux pas en dire plus. Je tiens \u00e0 m&rsquo;associer \u00e0 la douleur et \u00e0 la peine des soignants. Ils payent un tr\u00e8s lourd tribut\u00a0\u00bb, a d\u00e9clar\u00e9 Olivier V\u00e9ran sur RTL. Ses enfants rappellent dans leur message que \u00ab\u00a0la maladie est extr\u00eamement grave et ne doit pas \u00eatre pris \u00e0 la l\u00e9g\u00e8re.\u00a0\u00bb<\/p>\n\n\n\n<p>L&rsquo;h\u00f4pital de Compi\u00e8gne a fait partie des premiers h\u00f4pitaux \u00e0 prendre en charge les patients atteints du coronavirus dans le cluster de l&rsquo;Oise.<\/p>\n","protected":false},"excerpt":{"rendered":"<p>Qui est le m\u00e9decin urgentiste d\u00e9c\u00e9d\u00e9 ? Jean-Jacques Razafindranazy \u00e9tait m\u00e9decin urgentiste \u00e0 l&rsquo;h\u00f4pital de Compi\u00e8gne. Il est mort cette semaine du coronavirus apr\u00e8s avoir \u00e9t\u00e9 hospitalis\u00e9 \u00e0 Lille. Ce serait le premier d\u00e9c\u00e8s d&rsquo;un soignant li\u00e9 au Covid-19.&nbsp;Le m\u00e9decin urgentiste \u00e2g\u00e9 d&rsquo;une soixantaine d&rsquo;ann\u00e9es \u00e9tait \u00ab\u00a0passionn\u00e9 par son travail et n&rsquo;avait pas pris sa [&hellip;]<\/p>\n","protected":false},"author":2,"featured_media":15052,"comment_status":"open","ping_status":"open","sticky":false,"template":"","format":"standard","meta":{"_jetpack_memberships_contains_paid_content":false,"footnotes":"","jetpack_publicize_message":"","jetpack_publicize_feature_enabled":true,"jetpack_social_post_already_shared":true,"jetpack_social_options":{"image_generator_settings":{"template":"highway","default_image_id":0,"font":"","enabled":false},"version":2},"_wpas_customize_per_network":false},"categories":[405],"tags":[],"class_list":["post-15051","post","type-post","status-publish","format-standard","has-post-thumbnail","hentry","category-actu-france-monde"],"jetpack_publicize_connections":[],"jetpack_featured_media_url":"https:\/\/i0.wp.com\/www.iceagetv.com\/radiosite\/wp-content\/uploads\/2020\/03\/Qui-est-Jean-Jacques-Razafindranazy.jpg?fit=872%2C379&ssl=1","jetpack_sharing_enabled":true,"_links":{"self":[{"href":"https:\/\/www.iceagetv.com\/radiosite\/wp-json\/wp\/v2\/posts\/15051","targetHints":{"allow":["GET"]}}],"collection":[{"href":"https:\/\/www.iceagetv.com\/radiosite\/wp-json\/wp\/v2\/posts"}],"about":[{"href":"https:\/\/www.iceagetv.com\/radiosite\/wp-json\/wp\/v2\/types\/post"}],"author":[{"embeddable":true,"href":"https:\/\/www.iceagetv.com\/radiosite\/wp-json\/wp\/v2\/users\/2"}],"replies":[{"embeddable":true,"href":"https:\/\/www.iceagetv.com\/radiosite\/wp-json\/wp\/v2\/comments?post=15051"}],"version-history":[{"count":1,"href":"https:\/\/www.iceagetv.com\/radiosite\/wp-json\/wp\/v2\/posts\/15051\/revisions"}],"predecessor-version":[{"id":15053,"href":"https:\/\/www.iceagetv.com\/radiosite\/wp-json\/wp\/v2\/posts\/15051\/revisions\/15053"}],"wp:featuredmedia":[{"embeddable":true,"href":"https:\/\/www.iceagetv.com\/radiosite\/wp-json\/wp\/v2\/media\/15052"}],"wp:attachment":[{"href":"https:\/\/www.iceagetv.com\/radiosite\/wp-json\/wp\/v2\/media?parent=15051"}],"wp:term":[{"taxonomy":"category","embeddable":true,"href":"https:\/\/www.iceagetv.com\/radiosite\/wp-json\/wp\/v2\/categories?post=15051"},{"taxonomy":"post_tag","embeddable":true,"href":"https:\/\/www.iceagetv.com\/radiosite\/wp-json\/wp\/v2\/tags?post=15051"}],"curies":[{"name":"wp","href":"https:\/\/api.w.org\/{rel}","templated":true}]}}