{"id":15095,"date":"2020-03-27T17:02:41","date_gmt":"2020-03-27T17:02:41","guid":{"rendered":"http:\/\/www.iceagetv.com\/radiosite\/?p=15095"},"modified":"2020-03-27T17:02:41","modified_gmt":"2020-03-27T17:02:41","slug":"coronavirus-edouard-philippe-la-periode-de-confinement-est-prolongee-jusquau-mercredi-15-avril-et-elle-pourra-etre-encore-prolongee-pire-bilan-en-italie-avec-1-000-morts-en-24h","status":"publish","type":"post","link":"https:\/\/www.iceagetv.com\/radiosite\/coronavirus-edouard-philippe-la-periode-de-confinement-est-prolongee-jusquau-mercredi-15-avril-et-elle-pourra-etre-encore-prolongee-pire-bilan-en-italie-avec-1-000-morts-en-24h\/","title":{"rendered":"Coronavirus- Edouard Philippe: \u00ab\u00a0La p\u00e9riode de confinement est prolong\u00e9e jusqu&rsquo;au mercredi 15 avril et elle pourra \u00eatre encore prolong\u00e9e\u00a0\u00bb &#8211; Pire bilan en Italie avec 1.000 morts en 24h"},"content":{"rendered":"\n<p><strong>L&rsquo;Italie annonce le pire bilan depuis le d\u00e9but de l&rsquo;\u00e9pid\u00e9mie avec pr\u00e8s de 1.000 morts en 24h<\/strong><\/p>\n\n\n\n<p>L&rsquo;Italie annonce avoir enregistr\u00e9 plus de 1000 morts du coronavirus depuis hier, selon la Protection civile. C&rsquo;est le pire bilan en 24 heures dans un pays. <strong>\u00a048 personnes qui sont en r\u00e9animation vont \u00eatre \u00e9vacu\u00e9es vers la Nouvelle-Aquitaine ce week-end<\/strong>, annonce l&rsquo;Agence r\u00e9gionale de Sant\u00e9 \u00e0 Bordeaux. Ce transfert constitue la plus importante \u00e9vacuation depuis le d\u00e9but de la crise.  <strong>Edouard Philippe s&rsquo;exprime:\u00a0<\/strong>\u00ab\u00a0Il est clair que nous n&rsquo;en sommes qu&rsquo;au d\u00e9but de la vague \u00e9pid\u00e9mique, elle a, c&rsquo;est vrai, submerg\u00e9 le Grand Est depuis plusieurs jours, elle arrive en Ile-de-France et dans les Hauts de France. C&rsquo;est pourquoi, avec l&rsquo;accord du pr\u00e9sident de la R\u00e9publique,\u00a0<strong>j&rsquo;annonce aujourd&rsquo;hui le renouvellement de la p\u00e9riode de confinement, pour deux semaines suppl\u00e9mentaires, \u00e0 partir de mardi prochain. Soit jusqu&rsquo;au mercredi 15 avril.<\/strong>\u00a0Cette p\u00e9riode pourra \u00eatre prolong\u00e9e si la situation sanitaire l&rsquo;exige. Je remercie les Fran\u00e7ais pour leur civisme, leur patience et leur solidarit\u00e9. Je vous donne rendez-vous demain pour un point complet avec le ministre de la Sant\u00e9, Olivier V\u00e9ran\u00a0\u00bb <\/p>\n\n\n\n<p>Le PDG de la SNCF Jean-Pierre Farandou a appel\u00e9 vendredi l&rsquo;ensemble des cheminots r\u00e9servistes \u00e0 rejoindre la Garde nationale pour soutenir l&rsquo;effort des forces arm\u00e9es contre la pand\u00e9mie de Covid-19, s&rsquo;ils ne sont pas indispensables \u00e0 la bonne marche des trains.<\/p>\n\n\n\n<p>\u00ab\u00a0J&rsquo;appelle les r\u00e9servistes op\u00e9rationnels de la #SNCF non engag\u00e9s dans les missions essentielles du service ferroviaire \u00e0 rejoindre leurs entit\u00e9s militaires en accord avec leur hi\u00e9rarchie\u00a0\u00bb, a twitt\u00e9 M. Farandou.<\/p>\n\n\n\n<p>La SNCF avait sign\u00e9 en juin 2019 une convention avec la Garde nationale &#8211;l&rsquo;entit\u00e9 cr\u00e9\u00e9e en 2016 qui rassemble les r\u00e9servistes&#8211; pour promouvoir la politique de la r\u00e9serve militaire au sein du groupe ferroviaire. Le texte portait de 8 \u00e0 15 jours la p\u00e9riode d&rsquo;autorisation d&rsquo;absence au titre des activit\u00e9s dans la r\u00e9serve.<\/p>\n\n\n\n<p>Les agents qui le souhaitent et ont un statut de r\u00e9serviste op\u00e9rationnel peuvent se mettre au service de leur entit\u00e9 militaire d&rsquo;attache, en accord avec leur hi\u00e9rarchie, selon la proc\u00e9dure d\u00e9crite dans la convention, a pr\u00e9cis\u00e9 la SNCF dans une note interne.<\/p>\n\n\n\n<p>L&rsquo;entreprise estime leur nombre \u00e0 \u00ab\u00a0au moins 400, essentiellement des infirmi\u00e8res, m\u00e9decins et agents de la Surveillance g\u00e9n\u00e9rale\u00a0\u00bb, selon un porte-parole.Leur engagement pourra durer jusqu&rsquo;au terme de l&rsquo;\u00e9tat d&rsquo;urgence sanitaire en vigueur depuis mardi, pour une dur\u00e9e de deux mois.<\/p>\n\n\n\n<p>Le dispositif s&rsquo;inscrira en suppl\u00e9ment des p\u00e9riodes de r\u00e9serve annuelle et visera \u00e0 renforcer notamment le service de sant\u00e9 des Arm\u00e9es, la Gendarmerie, l&rsquo;Arm\u00e9e de terre, l&rsquo;Arm\u00e9e de l&rsquo;air, la Marine ou les \u00e9quipes de cyberd\u00e9fense, selon la SNCF.<\/p>\n\n\n\n<p>La Bourse de Paris creusait ses pertes vendredi dans le sillage de l&rsquo;ouverture en repli de Wall Street, perdant plus de 5% alors que la propagation implacable de l&rsquo;\u00e9pid\u00e9mie de coronavirus aux Etats-Unis suscitait les plus vives inqui\u00e9tudes.<\/p>\n\n\n\n<p>A 15H45 (14H45 GMT), l&rsquo;indice CAC 40 s&rsquo;enfon\u00e7ait de 5,27% \u00e0 4.304,30 points, dans un volume d&rsquo;\u00e9changes de 4,3 milliards d&rsquo;euros. La veille, il avait pris 2,51%.<\/p>\n\n\n\n<p><strong>Selon le dernier comptage r\u00e9alis\u00e9 par l&rsquo;AFP, le Covid-19 a tu\u00e9 plus de 25.000 personnes dans le monde, dont une&nbsp;<\/strong>majorit\u00e9 en Europe.<\/p>\n\n\n\n<p>25.066 d\u00e9c\u00e8s ont \u00e9t\u00e9 recens\u00e9s, dont une nette majorit\u00e9 en Europe (17.314). Avec 8165 morts, l&rsquo;Italie est le pays le plus touch\u00e9 par la pand\u00e9mie de\u00a0Covid-19 devant l&rsquo;Espagne (4858) et la Chine (3292), foyer initial de la contagion. Au moins, 547.034 cas d&rsquo;infection ont \u00e9t\u00e9 officiellement diagnostiqu\u00e9s\u00a0dans le monde depuis fin d\u00e9cembre. <strong>Le nombre de d\u00e9c\u00e8s aux Pays-Bas est pass\u00e9 \u00e0 546<\/strong>\u00a0apr\u00e8s les 112 nouveaux morts rapport\u00e9s au cours des derni\u00e8res 24 heures, a annonc\u00e9 l\u2019Institut national pour la sant\u00e9 publique et l\u2019environnement (RIVM). <\/p>\n\n\n\n<p>Le ministre britannique de la Sant\u00e9 Matt Hancock a \u00e9galement \u00e9t\u00e9 test\u00e9 positif au nouveau coronavirus, a-t-il annonc\u00e9 sur Twitter. Rappelons que le Premier ministre Boris Johnson a \u00e9galement d\u00e9clar\u00e9 \u00eatre&nbsp; infect\u00e9.<\/p>\n\n\n\n<p>\u00ab\u00a0J&rsquo;ai \u00e9t\u00e9 test\u00e9 positif. Heureusement mes sympt\u00f4mes sont l\u00e9gers et je travaille depuis chez moi et je m&rsquo;isole\u00a0\u00bb, a d\u00e9clar\u00e9 Matt Hancock \u00a0sur Twitter.<\/p>\n\n\n\n<p><strong>Une salari\u00e9e de Carrefour en Seine-Saint-Denis est d\u00e9c\u00e9d\u00e9e hier soir, elle \u00e9tait en arr\u00eat depuis le 17 mars.<\/strong><\/p>\n\n\n\n<p>Il s&rsquo;agit d&rsquo;une salari\u00e9e de 52 ans au Carrefour de Saint-Denis. \u00ab\u00a0C&rsquo;est un drame absolu, nos pens\u00e9es vont \u00e0 sa famille et ses proches. La direction de l&rsquo;hypermarch\u00e9 a mis en place une cellule psychologique pour ses coll\u00e8gues\u00a0\u00bb, a indiqu\u00e9 l&rsquo;enseigne.<\/p>\n\n\n\n<p>La CGT qui a annonc\u00e9 le d\u00e9c\u00e8s de cette d\u00e9l\u00e9gu\u00e9e syndicale recense \u00ab\u00a0aujourd\u2019hui (dans ses secteurs) plus de 550 cas suppos\u00e9s et 181 cas av\u00e9r\u00e9s, dont plusieurs graves\u00a0\u00bb et r\u00e9clame que les salari\u00e9s soient \u00e9quip\u00e9s de masques.<\/p>\n\n\n\n<p>Et de demander au gouvernement d&rsquo;imposer \u00e0 la grande distribution \u00ab\u00a0de n&rsquo;ouvrir que les rayons des produits de premi\u00e8re n\u00e9cessit\u00e9, de restreindre les amplitudes d&rsquo;ouvertures et de fermer le dimanche.\u00a0\u00bb<\/p>\n\n\n\n<p><\/p>\n\n\n\n<p><\/p>\n\n\n\n<p><\/p>\n\n\n\n<p><\/p>\n\n\n\n<p><\/p>\n","protected":false},"excerpt":{"rendered":"<p>L&rsquo;Italie annonce le pire bilan depuis le d\u00e9but de l&rsquo;\u00e9pid\u00e9mie avec pr\u00e8s de 1.000 morts en 24h L&rsquo;Italie annonce avoir enregistr\u00e9 plus de 1000 morts du coronavirus depuis hier, selon la Protection civile. C&rsquo;est le pire bilan en 24 heures dans un pays. \u00a048 personnes qui sont en r\u00e9animation vont \u00eatre \u00e9vacu\u00e9es vers la Nouvelle-Aquitaine [&hellip;]<\/p>\n","protected":false},"author":2,"featured_media":15096,"comment_status":"open","ping_status":"open","sticky":false,"template":"","format":"standard","meta":{"_jetpack_memberships_contains_paid_content":false,"footnotes":"","jetpack_publicize_message":"","jetpack_publicize_feature_enabled":true,"jetpack_social_post_already_shared":true,"jetpack_social_options":{"image_generator_settings":{"template":"highway","default_image_id":0,"font":"","enabled":false},"version":2},"_wpas_customize_per_network":false},"categories":[405],"tags":[],"class_list":["post-15095","post","type-post","status-publish","format-standard","has-post-thumbnail","hentry","category-actu-france-monde"],"jetpack_publicize_connections":[],"jetpack_featured_media_url":"https:\/\/i0.wp.com\/www.iceagetv.com\/radiosite\/wp-content\/uploads\/2020\/03\/La-p%C3%A9riode-de-confinement-est-prolong%C3%A9e-jusquau-mercredi-15-avril-et-elle-pourra-%C3%AAtre-encore-prolong%C3%A9e.jpg?fit=864%2C363&ssl=1","jetpack_sharing_enabled":true,"_links":{"self":[{"href":"https:\/\/www.iceagetv.com\/radiosite\/wp-json\/wp\/v2\/posts\/15095","targetHints":{"allow":["GET"]}}],"collection":[{"href":"https:\/\/www.iceagetv.com\/radiosite\/wp-json\/wp\/v2\/posts"}],"about":[{"href":"https:\/\/www.iceagetv.com\/radiosite\/wp-json\/wp\/v2\/types\/post"}],"author":[{"embeddable":true,"href":"https:\/\/www.iceagetv.com\/radiosite\/wp-json\/wp\/v2\/users\/2"}],"replies":[{"embeddable":true,"href":"https:\/\/www.iceagetv.com\/radiosite\/wp-json\/wp\/v2\/comments?post=15095"}],"version-history":[{"count":1,"href":"https:\/\/www.iceagetv.com\/radiosite\/wp-json\/wp\/v2\/posts\/15095\/revisions"}],"predecessor-version":[{"id":15097,"href":"https:\/\/www.iceagetv.com\/radiosite\/wp-json\/wp\/v2\/posts\/15095\/revisions\/15097"}],"wp:featuredmedia":[{"embeddable":true,"href":"https:\/\/www.iceagetv.com\/radiosite\/wp-json\/wp\/v2\/media\/15096"}],"wp:attachment":[{"href":"https:\/\/www.iceagetv.com\/radiosite\/wp-json\/wp\/v2\/media?parent=15095"}],"wp:term":[{"taxonomy":"category","embeddable":true,"href":"https:\/\/www.iceagetv.com\/radiosite\/wp-json\/wp\/v2\/categories?post=15095"},{"taxonomy":"post_tag","embeddable":true,"href":"https:\/\/www.iceagetv.com\/radiosite\/wp-json\/wp\/v2\/tags?post=15095"}],"curies":[{"name":"wp","href":"https:\/\/api.w.org\/{rel}","templated":true}]}}