{"id":15101,"date":"2020-03-28T19:14:11","date_gmt":"2020-03-28T19:14:11","guid":{"rendered":"http:\/\/www.iceagetv.com\/radiosite\/?p=15101"},"modified":"2020-03-28T19:14:11","modified_gmt":"2020-03-28T19:14:11","slug":"coronavirus-edouard-philippe-les-15-premiers-jours-davril-seront-encore-plus-difficile-1-milliard-de-masques-commandes-319-morts-supplementaires-en-24h-en-france-soit-2-314-au-total","status":"publish","type":"post","link":"https:\/\/www.iceagetv.com\/radiosite\/coronavirus-edouard-philippe-les-15-premiers-jours-davril-seront-encore-plus-difficile-1-milliard-de-masques-commandes-319-morts-supplementaires-en-24h-en-france-soit-2-314-au-total\/","title":{"rendered":"Coronavirus &#8211; Edouard Philippe : \u00ab\u00a0Les 15 premiers jours d&rsquo;avril seront encore plus difficile\u00a0\u00bb &#8211; 1 milliard de masques command\u00e9s &#8211; 319 morts suppl\u00e9mentaires en 24h en France soit 2.314 au total"},"content":{"rendered":"\n<p> <strong>319 morts suppl\u00e9mentaires annonc\u00e9s en 24h en France soit 2.314 depuis le d\u00e9but de la crise. 4.273 personnes sont en r\u00e9animation dans les h\u00f4pitaux fran\u00e7ais.<\/strong> <\/p>\n\n\n\n<p>Olivier V\u00e9ran : \u00ab\u00a0Nous pouvons avoir des tensions d&rsquo;approvisionnement et nous les r\u00e9glons au fur et \u00e0 mesure en tentant d&rsquo;augmenter la production nationale.&nbsp;Si j&rsquo;avais la capacit\u00e9 de commander des tests s\u00e9rologiques de bonne qualit\u00e9, je le ferai quoi qu&rsquo;il en co\u00fbte et j&rsquo;annoncerai la bonne nouvelle aux Fran\u00e7ais.\u00a0\u00bb<\/p>\n\n\n\n<p>Edouard Philippe : \u00ab\u00a0Nous avons command\u00e9 beaucoup de masques y compris en Chine. la plus grande difficult\u00e9 ce n&rsquo;est pas de faire revenir les masques mais de v\u00e9rifier qu&rsquo;ils arrivent bien \u00e0 l&rsquo;a\u00e9roport et que les commandes pass\u00e9es soient honor\u00e9es.\u00a0\u00bb<\/p>\n\n\n\n<p>Olivier V\u00e9ran: \u00ab\u00a036 millions de masques ont \u00e9t\u00e9 d\u00e9stoqu\u00e9s comme je l&rsquo;ai annonc\u00e9. Pour les EHPAD, on va d&rsquo;avantage s&rsquo;appuyer sur les d\u00e9partements. le probl\u00e8me majeur c&rsquo;est la gestion du stock de masques, mais nous faisons le maximum.<\/p>\n\n\n\n<p>Edouard Philippe: \u00ab\u00a0L&rsquo;engagement de toutes les forces est n\u00e9cessaire en ce moment<\/p>\n\n\n\n<p><strong>&nbsp;Le Ministre de la sant\u00e9 reprend la parole:<\/strong><\/p>\n\n\n\n<p>\u00ab\u00a0Notre strat\u00e9gie en mati\u00e8re de tests a \u00e9volu\u00e9, avec l&rsquo;\u00e9pid\u00e9mie et avec les donn\u00e9es de la science. Au d\u00e9but de l&rsquo;\u00e9pid\u00e9mie, les cas contacts et les cas suspects \u00e9taient d\u00e9pist\u00e9s avec les tests PCR. Au stade de circulation active du virus, l&rsquo;OMS nous recommande de tester les personnes fragiles, les soignants, les personnes portant des comobordit\u00e9s&#8230;Notre strat\u00e9gie en mati\u00e8re de tests a \u00e9volu\u00e9 en fonction de l&rsquo;avanc\u00e9e de la science. Au d\u00e9part nous testions tous les patients suspect\u00e9s. Aux stades 2 et 3 on nous recommande de ne tester que les patients dans une situation s\u00e9v\u00e8re. Le directeur de l&rsquo;OMS appelle a test\u00e9 massivement en particulier quand il va falloir sortir du confinement.&nbsp;<strong>De 5.000 tests par jour la semaine derni\u00e8re on est pass\u00e9 \u00e0 12.000 aujourd&rsquo;hui et 50.000 tests par jour \u00e0 la fin avril. Nous avons pass\u00e9 une commande de 5 millions de tests rapides pour avoir une capacit\u00e9 de tests rapides<\/strong>.&nbsp;<strong>Il n&rsquo;existe aucun traitement qui fasse ses preuves formellement en France ou dans le monde. La recherche est \u00e0 nouveau fondamentale.<\/strong>&nbsp;Et tout le monde est concentr\u00e9 sur la recherche. Nous testons des mol\u00e9cules porteuses d&rsquo;espoir. Je m&rsquo;entretiens r\u00e9guli\u00e8rement avec le Pr Raoult, mais pour l&rsquo;instant je respecte toutes les consignes qui me sont donn\u00e9es par les experts en ne l&rsquo;autorisant pas \u00e0 tous tant que les recherches n&rsquo;ont pas donn\u00e9 de r\u00e9sultat. J&rsquo;invite chacun \u00e0 la patience et si un traitement s&rsquo;av\u00e9rait efficace, \u00e0 ce moment l\u00e0 nous mettrions tout en oeuvre pour le fournir \u00e0 tous les Fran\u00e7ais.<\/p>\n\n\n\n<p><strong>Le Premier Ministre reprend la parole:<\/strong><\/p>\n\n\n\n<p>\u00ab\u00a024 producteurs nationaux ont \u00e9t\u00e9 qualifi\u00e9s pour de nouveaux mod\u00e8les de masques qu&rsquo;ils veulent produire en France. Le masque ne doit pas s&rsquo;accompagner d&rsquo;un oubli des gestes barri\u00e8res. Ces masques alternatifs rentreront rapidement en production. Enfin, concernant l&rsquo;aide au soignant, il faut essayer de leur faciliter la vie quotidienne et c&rsquo;est ce que nous faisant en accueillant leurs enfants par exemple.\u00a0\u00bb<\/p>\n\n\n\n<p><\/p>\n","protected":false},"excerpt":{"rendered":"<p>319 morts suppl\u00e9mentaires annonc\u00e9s en 24h en France soit 2.314 depuis le d\u00e9but de la crise. 4.273 personnes sont en r\u00e9animation dans les h\u00f4pitaux fran\u00e7ais. Olivier V\u00e9ran : \u00ab\u00a0Nous pouvons avoir des tensions d&rsquo;approvisionnement et nous les r\u00e9glons au fur et \u00e0 mesure en tentant d&rsquo;augmenter la production nationale.&nbsp;Si j&rsquo;avais la capacit\u00e9 de commander des [&hellip;]<\/p>\n","protected":false},"author":2,"featured_media":15096,"comment_status":"open","ping_status":"open","sticky":false,"template":"","format":"standard","meta":{"_jetpack_memberships_contains_paid_content":false,"footnotes":"","jetpack_publicize_message":"","jetpack_publicize_feature_enabled":true,"jetpack_social_post_already_shared":true,"jetpack_social_options":{"image_generator_settings":{"template":"highway","default_image_id":0,"font":"","enabled":false},"version":2},"_wpas_customize_per_network":false},"categories":[405],"tags":[],"class_list":["post-15101","post","type-post","status-publish","format-standard","has-post-thumbnail","hentry","category-actu-france-monde"],"jetpack_publicize_connections":[],"jetpack_featured_media_url":"https:\/\/i0.wp.com\/www.iceagetv.com\/radiosite\/wp-content\/uploads\/2020\/03\/La-p%C3%A9riode-de-confinement-est-prolong%C3%A9e-jusquau-mercredi-15-avril-et-elle-pourra-%C3%AAtre-encore-prolong%C3%A9e.jpg?fit=864%2C363&ssl=1","jetpack_sharing_enabled":true,"_links":{"self":[{"href":"https:\/\/www.iceagetv.com\/radiosite\/wp-json\/wp\/v2\/posts\/15101","targetHints":{"allow":["GET"]}}],"collection":[{"href":"https:\/\/www.iceagetv.com\/radiosite\/wp-json\/wp\/v2\/posts"}],"about":[{"href":"https:\/\/www.iceagetv.com\/radiosite\/wp-json\/wp\/v2\/types\/post"}],"author":[{"embeddable":true,"href":"https:\/\/www.iceagetv.com\/radiosite\/wp-json\/wp\/v2\/users\/2"}],"replies":[{"embeddable":true,"href":"https:\/\/www.iceagetv.com\/radiosite\/wp-json\/wp\/v2\/comments?post=15101"}],"version-history":[{"count":1,"href":"https:\/\/www.iceagetv.com\/radiosite\/wp-json\/wp\/v2\/posts\/15101\/revisions"}],"predecessor-version":[{"id":15102,"href":"https:\/\/www.iceagetv.com\/radiosite\/wp-json\/wp\/v2\/posts\/15101\/revisions\/15102"}],"wp:featuredmedia":[{"embeddable":true,"href":"https:\/\/www.iceagetv.com\/radiosite\/wp-json\/wp\/v2\/media\/15096"}],"wp:attachment":[{"href":"https:\/\/www.iceagetv.com\/radiosite\/wp-json\/wp\/v2\/media?parent=15101"}],"wp:term":[{"taxonomy":"category","embeddable":true,"href":"https:\/\/www.iceagetv.com\/radiosite\/wp-json\/wp\/v2\/categories?post=15101"},{"taxonomy":"post_tag","embeddable":true,"href":"https:\/\/www.iceagetv.com\/radiosite\/wp-json\/wp\/v2\/tags?post=15101"}],"curies":[{"name":"wp","href":"https:\/\/api.w.org\/{rel}","templated":true}]}}