{"id":15105,"date":"2020-03-28T19:16:11","date_gmt":"2020-03-28T19:16:11","guid":{"rendered":"http:\/\/www.iceagetv.com\/radiosite\/?p=15105"},"modified":"2020-03-28T19:16:11","modified_gmt":"2020-03-28T19:16:11","slug":"au-fait-au-milieu-de-tout-ca-noubliez-pas-que-cette-nuit-nous-allons-changer-dheure-la-nuit-prochaine-a-2-h-du-matin-il-sera-3-h","status":"publish","type":"post","link":"https:\/\/www.iceagetv.com\/radiosite\/au-fait-au-milieu-de-tout-ca-noubliez-pas-que-cette-nuit-nous-allons-changer-dheure-la-nuit-prochaine-a-2-h-du-matin-il-sera-3-h\/","title":{"rendered":"Au fait, au milieu de tout \u00e7a, n&rsquo;oubliez pas que cette nuit nous allons changer d&rsquo;heure ! La nuit prochaine \u00e0 2 h du matin, il sera 3 h&#8230;"},"content":{"rendered":"\n<p>Dans cette actualit\u00e9 et cette situation hors norme, on aurait presque tendance \u00e0 oubliera qu&rsquo;il va se produire un petit \u00e9v\u00e9nement la nuit prochaine car nous allons changer d&rsquo;heure et \u00e0 2 h du matin, il sera 3 h, nouvelle heure.&nbsp; Cette ann\u00e9e, en pleine crise du Covid-19\u200b, l\u2019heure de soleil suppl\u00e9mentaire le soir pourrait \u00eatre encore plus la bienvenue que d\u2019habitude. Que ce soit pour le moral ou l\u2019\u00e9conomie selon les d\u00e9fenseurs de l\u2019heure d\u2019\u00e9t\u00e9.<\/p>\n\n\n\n<p>A noter que ce changement d\u2019heure pourrait \u00eatre le dernier car la Commission Europ\u00e9enne a demand\u00e9 aux pays europ\u00e9ens d\u2019arr\u00eater de changer d\u2019heure. En France, c\u2019est le choix de l\u2019heure d\u2019\u00e9t\u00e9 qui fut majoritaire lors de la consultation publique par internet. C\u2019est maintenant au gouvernement de trancher.<em>close<\/em><em>volume_off<\/em><\/p>\n\n\n\n<p>Le gouvernement devait trancher sur cette question d\u2019ici l\u2019an prochain. \u00ab Mais pour l\u2019instant les choses sont fig\u00e9es m\u00eame si chaque pays avait jusqu\u2019au mois d\u2019avril pour donner une orientation. Je ne le vois pas aller \u00e0 l\u2019inverse de ce que les gens veulent. L\u2019heure d\u2019\u00e9t\u00e9 est celle qui colle le plus \u00e0 nos habitudes. Si on garde l\u2019heure d\u2019hiver, je ne vois pas l\u2019int\u00e9r\u00eat d\u2019avoir le soleil qui se l\u00e8ve \u00e0 4 h 30 du matin \u00e0 Paris en plein \u00e9t\u00e9 \u00bb, argumente Olivier Fabre,&nbsp;le maire de Mazamet qui est aussi copr\u00e9sident&nbsp;de l\u2019association europ\u00e9enne pour l\u2019heure d\u2019\u00e9t\u00e9.&nbsp;.<\/p>\n","protected":false},"excerpt":{"rendered":"<p>Dans cette actualit\u00e9 et cette situation hors norme, on aurait presque tendance \u00e0 oubliera qu&rsquo;il va se produire un petit \u00e9v\u00e9nement la nuit prochaine car nous allons changer d&rsquo;heure et \u00e0 2 h du matin, il sera 3 h, nouvelle heure.&nbsp; Cette ann\u00e9e, en pleine crise du Covid-19\u200b, l\u2019heure de soleil suppl\u00e9mentaire le soir pourrait [&hellip;]<\/p>\n","protected":false},"author":2,"featured_media":15106,"comment_status":"open","ping_status":"open","sticky":false,"template":"","format":"standard","meta":{"_jetpack_memberships_contains_paid_content":false,"footnotes":"","jetpack_publicize_message":"","jetpack_publicize_feature_enabled":true,"jetpack_social_post_already_shared":true,"jetpack_social_options":{"image_generator_settings":{"template":"highway","default_image_id":0,"font":"","enabled":false},"version":2},"_wpas_customize_per_network":false},"categories":[68],"tags":[],"class_list":["post-15105","post","type-post","status-publish","format-standard","has-post-thumbnail","hentry","category-actu-culturelle"],"jetpack_publicize_connections":[],"jetpack_featured_media_url":"https:\/\/i0.wp.com\/www.iceagetv.com\/radiosite\/wp-content\/uploads\/2020\/03\/au-milieu-de-tout-%C3%A7a-noubliez-pas-que-cette-nuit-nous-allons-changer-dheure-La-nuit-prochaine-%C3%A0-2-h-du-matin-il-sera-3-h....jpg?fit=694%2C293&ssl=1","jetpack_sharing_enabled":true,"_links":{"self":[{"href":"https:\/\/www.iceagetv.com\/radiosite\/wp-json\/wp\/v2\/posts\/15105","targetHints":{"allow":["GET"]}}],"collection":[{"href":"https:\/\/www.iceagetv.com\/radiosite\/wp-json\/wp\/v2\/posts"}],"about":[{"href":"https:\/\/www.iceagetv.com\/radiosite\/wp-json\/wp\/v2\/types\/post"}],"author":[{"embeddable":true,"href":"https:\/\/www.iceagetv.com\/radiosite\/wp-json\/wp\/v2\/users\/2"}],"replies":[{"embeddable":true,"href":"https:\/\/www.iceagetv.com\/radiosite\/wp-json\/wp\/v2\/comments?post=15105"}],"version-history":[{"count":1,"href":"https:\/\/www.iceagetv.com\/radiosite\/wp-json\/wp\/v2\/posts\/15105\/revisions"}],"predecessor-version":[{"id":15107,"href":"https:\/\/www.iceagetv.com\/radiosite\/wp-json\/wp\/v2\/posts\/15105\/revisions\/15107"}],"wp:featuredmedia":[{"embeddable":true,"href":"https:\/\/www.iceagetv.com\/radiosite\/wp-json\/wp\/v2\/media\/15106"}],"wp:attachment":[{"href":"https:\/\/www.iceagetv.com\/radiosite\/wp-json\/wp\/v2\/media?parent=15105"}],"wp:term":[{"taxonomy":"category","embeddable":true,"href":"https:\/\/www.iceagetv.com\/radiosite\/wp-json\/wp\/v2\/categories?post=15105"},{"taxonomy":"post_tag","embeddable":true,"href":"https:\/\/www.iceagetv.com\/radiosite\/wp-json\/wp\/v2\/tags?post=15105"}],"curies":[{"name":"wp","href":"https:\/\/api.w.org\/{rel}","templated":true}]}}