{"id":15108,"date":"2020-03-29T08:04:51","date_gmt":"2020-03-29T08:04:51","guid":{"rendered":"http:\/\/www.iceagetv.com\/radiosite\/?p=15108"},"modified":"2020-03-29T08:04:51","modified_gmt":"2020-03-29T08:04:51","slug":"patrick-devedjian-president-des-hauts-de-seine-et-ancien-ministre-est-decede-cette-nuit-du-covid-19-il-avait-ete-place-en-observation-mercredi-dans-un-hopital-du-departement","status":"publish","type":"post","link":"https:\/\/www.iceagetv.com\/radiosite\/patrick-devedjian-president-des-hauts-de-seine-et-ancien-ministre-est-decede-cette-nuit-du-covid-19-il-avait-ete-place-en-observation-mercredi-dans-un-hopital-du-departement\/","title":{"rendered":"Patrick Devedjian, pr\u00e9sident des Hauts-de-Seine et ancien ministre, est d\u00e9c\u00e9d\u00e9 cette nuit du Covid-19 &#8211; Il avait \u00e9t\u00e9 plac\u00e9 en observation mercredi dans un h\u00f4pital du d\u00e9partement"},"content":{"rendered":"\n<p>Patrick Devedjian, pr\u00e9sident du conseil d\u00e9partemental des Hauts-de-Seine, ministre pendant les quinquennats de Jacques Chirac puis de Nicolas Sarkozy, est d\u00e9c\u00e9d\u00e9 dans la nuit de samedi \u00e0 dimanche, a annonc\u00e9 le d\u00e9partement francilien dimanche matin, une information relay\u00e9e par&nbsp;<a href=\"https:\/\/www.lemonde.fr\/planete\/live\/2020\/03\/29\/coronavirus-suivez-en-direct-la-journee-du-dimanche-29-mars_6034801_3244.html\" target=\"_blank\" rel=\"noreferrer noopener\">Le Monde<\/a>. Il avait annonc\u00e9 \u00eatre atteint par le coronavirus le 26 mars.&nbsp;<\/p>\n\n\n\n<p>L\u2019\u00e9lu, \u00e2g\u00e9 de 75 ans, a \u00e9t\u00e9 plac\u00e9 en observation mercredi dans un h\u00f4pital du sud du d\u00e9partement mais son \u00e9tat n\u2019a pas n\u00e9cessit\u00e9 d\u2019intubation. \u00ab Je suis \u00e0 m\u00eame de t\u00e9moigner directement du travail exceptionnel des m\u00e9decins et de tous les personnels soignants. Fatigu\u00e9 mais stabilis\u00e9 gr\u00e2ce \u00e0 eux, je remonte la pente et leur adresse un tr\u00e8s grand merci pour leur aide constante \u00e0 tous les malades \u00bb, avait-t-il \u00e9crit sur le r\u00e9seau social.<em>close<\/em><em>volume_off<\/em><\/p>\n\n\n\n<p>N\u00e9 le 26 ao\u00fbt 1944 \u00e0 Fontainebleau (Seine-et-Marne). Etudes \u00e0 l&rsquo;\u00e9cole communale de La Frette-sur-Seine (Val d&rsquo;Oise), au Coll\u00e8ge arm\u00e9nien de S\u00e8vres, au Lyc\u00e9e Condorcet \u00e0 Paris, \u00e0 la Facult\u00e9 de droit d&rsquo;Assas et \u00e0 l&rsquo;Institut d&rsquo;\u00e9tudes politiques de Paris. Mari\u00e9 depuis 1969 avec Sophie Vanbremeersch, 4 enfants, 10 petits-enfants. Avocat au barreau de Paris (1970). Co-fondateur de la revue lib\u00e9rale Contrepoint sous l&rsquo;inspiration et le patronage de Raymond Aron (1970).<\/p>\n\n\n\n<p>Vice-Pr\u00e9sident du Mouvement europ\u00e9en (France) jusqu&rsquo;en janvier 2002. Auteur de Le Temps des Juges (1996, Flammarion), de Penser la Droite (1999, Coll. \u00ab\u00a0Tribune Libre\u00a0\u00bb, Plon) et de A moi le minist\u00e8re de la parole ! (entretien avec Emmanuel Kessler, 2006, Editions de l&rsquo;Archipel).<\/p>\n","protected":false},"excerpt":{"rendered":"<p>Patrick Devedjian, pr\u00e9sident du conseil d\u00e9partemental des Hauts-de-Seine, ministre pendant les quinquennats de Jacques Chirac puis de Nicolas Sarkozy, est d\u00e9c\u00e9d\u00e9 dans la nuit de samedi \u00e0 dimanche, a annonc\u00e9 le d\u00e9partement francilien dimanche matin, une information relay\u00e9e par&nbsp;Le Monde. Il avait annonc\u00e9 \u00eatre atteint par le coronavirus le 26 mars.&nbsp; L\u2019\u00e9lu, \u00e2g\u00e9 de 75 [&hellip;]<\/p>\n","protected":false},"author":2,"featured_media":15109,"comment_status":"open","ping_status":"open","sticky":false,"template":"","format":"standard","meta":{"_jetpack_memberships_contains_paid_content":false,"footnotes":"","jetpack_publicize_message":"","jetpack_publicize_feature_enabled":true,"jetpack_social_post_already_shared":true,"jetpack_social_options":{"image_generator_settings":{"template":"highway","default_image_id":0,"font":"","enabled":false},"version":2},"_wpas_customize_per_network":false},"categories":[405],"tags":[],"class_list":["post-15108","post","type-post","status-publish","format-standard","has-post-thumbnail","hentry","category-actu-france-monde"],"jetpack_publicize_connections":[],"jetpack_featured_media_url":"https:\/\/i0.wp.com\/www.iceagetv.com\/radiosite\/wp-content\/uploads\/2020\/03\/Patrick-Devedjian.jpg?fit=893%2C384&ssl=1","jetpack_sharing_enabled":true,"_links":{"self":[{"href":"https:\/\/www.iceagetv.com\/radiosite\/wp-json\/wp\/v2\/posts\/15108","targetHints":{"allow":["GET"]}}],"collection":[{"href":"https:\/\/www.iceagetv.com\/radiosite\/wp-json\/wp\/v2\/posts"}],"about":[{"href":"https:\/\/www.iceagetv.com\/radiosite\/wp-json\/wp\/v2\/types\/post"}],"author":[{"embeddable":true,"href":"https:\/\/www.iceagetv.com\/radiosite\/wp-json\/wp\/v2\/users\/2"}],"replies":[{"embeddable":true,"href":"https:\/\/www.iceagetv.com\/radiosite\/wp-json\/wp\/v2\/comments?post=15108"}],"version-history":[{"count":1,"href":"https:\/\/www.iceagetv.com\/radiosite\/wp-json\/wp\/v2\/posts\/15108\/revisions"}],"predecessor-version":[{"id":15110,"href":"https:\/\/www.iceagetv.com\/radiosite\/wp-json\/wp\/v2\/posts\/15108\/revisions\/15110"}],"wp:featuredmedia":[{"embeddable":true,"href":"https:\/\/www.iceagetv.com\/radiosite\/wp-json\/wp\/v2\/media\/15109"}],"wp:attachment":[{"href":"https:\/\/www.iceagetv.com\/radiosite\/wp-json\/wp\/v2\/media?parent=15108"}],"wp:term":[{"taxonomy":"category","embeddable":true,"href":"https:\/\/www.iceagetv.com\/radiosite\/wp-json\/wp\/v2\/categories?post=15108"},{"taxonomy":"post_tag","embeddable":true,"href":"https:\/\/www.iceagetv.com\/radiosite\/wp-json\/wp\/v2\/tags?post=15108"}],"curies":[{"name":"wp","href":"https:\/\/api.w.org\/{rel}","templated":true}]}}