{"id":15121,"date":"2020-03-30T06:23:01","date_gmt":"2020-03-30T06:23:01","guid":{"rendered":"http:\/\/www.iceagetv.com\/radiosite\/?p=15121"},"modified":"2020-03-30T06:23:01","modified_gmt":"2020-03-30T06:23:01","slug":"le-president-de-lassemblee-nationale-richard-ferrand-annonce-sur-twitter-le-deces-du-depute-lrem-du-vaucluse-jean-francois-cesarini","status":"publish","type":"post","link":"https:\/\/www.iceagetv.com\/radiosite\/le-president-de-lassemblee-nationale-richard-ferrand-annonce-sur-twitter-le-deces-du-depute-lrem-du-vaucluse-jean-francois-cesarini\/","title":{"rendered":"Le pr\u00e9sident de l&rsquo;Assembl\u00e9e nationale Richard Ferrand annonce sur Twitter le d\u00e9c\u00e8s du d\u00e9put\u00e9 LREM du Vaucluse Jean-Fran\u00e7ois C\u00e9sarini"},"content":{"rendered":"\n<p>Le pr\u00e9sident de l&rsquo;Assembl\u00e9e nationale Richard Ferrand vient d&rsquo;annoncer sur Twitter le d\u00e9c\u00e8s du d\u00e9put\u00e9 LREM du Vaucluse Jean-Fran\u00e7ois C\u00e9sarini: \u201cIl luttait depuis de longs mois contre la maladie toujours en exer\u00e7ant son mandat et en d\u00e9fendant ses id\u00e9es. \u00c0 sa famille, \u00e0 ses proches et \u00e0 son \u00e9quipe j\u2019adresse mes condol\u00e9ances \u00e9mues.\u201d<\/p>\n\n\n\n<p>Jean-Fran\u00e7ois Cesarini, n\u00e9 le 30 septembre 1970 \u00e0 Avignon. Membre du Parti socialiste puis de La R\u00e9publique en marche, il est \u00e9lu d\u00e9put\u00e9 dans la 1re circonscription de Vaucluse lors des \u00e9lections l\u00e9gislatives de 2017.<\/p>\n","protected":false},"excerpt":{"rendered":"<p>Le pr\u00e9sident de l&rsquo;Assembl\u00e9e nationale Richard Ferrand vient d&rsquo;annoncer sur Twitter le d\u00e9c\u00e8s du d\u00e9put\u00e9 LREM du Vaucluse Jean-Fran\u00e7ois C\u00e9sarini: \u201cIl luttait depuis de longs mois contre la maladie toujours en exer\u00e7ant son mandat et en d\u00e9fendant ses id\u00e9es. \u00c0 sa famille, \u00e0 ses proches et \u00e0 son \u00e9quipe j\u2019adresse mes condol\u00e9ances \u00e9mues.\u201d Jean-Fran\u00e7ois Cesarini, [&hellip;]<\/p>\n","protected":false},"author":2,"featured_media":15122,"comment_status":"open","ping_status":"open","sticky":false,"template":"","format":"standard","meta":{"_jetpack_memberships_contains_paid_content":false,"footnotes":"","jetpack_publicize_message":"","jetpack_publicize_feature_enabled":true,"jetpack_social_post_already_shared":true,"jetpack_social_options":{"image_generator_settings":{"template":"highway","default_image_id":0,"font":"","enabled":false},"version":2},"_wpas_customize_per_network":false},"categories":[405],"tags":[],"class_list":["post-15121","post","type-post","status-publish","format-standard","has-post-thumbnail","hentry","category-actu-france-monde"],"jetpack_publicize_connections":[],"jetpack_featured_media_url":"https:\/\/i0.wp.com\/www.iceagetv.com\/radiosite\/wp-content\/uploads\/2020\/03\/Jean-Fran%C3%A7ois-C%C3%A9sarini.jpg?fit=627%2C282&ssl=1","jetpack_sharing_enabled":true,"_links":{"self":[{"href":"https:\/\/www.iceagetv.com\/radiosite\/wp-json\/wp\/v2\/posts\/15121","targetHints":{"allow":["GET"]}}],"collection":[{"href":"https:\/\/www.iceagetv.com\/radiosite\/wp-json\/wp\/v2\/posts"}],"about":[{"href":"https:\/\/www.iceagetv.com\/radiosite\/wp-json\/wp\/v2\/types\/post"}],"author":[{"embeddable":true,"href":"https:\/\/www.iceagetv.com\/radiosite\/wp-json\/wp\/v2\/users\/2"}],"replies":[{"embeddable":true,"href":"https:\/\/www.iceagetv.com\/radiosite\/wp-json\/wp\/v2\/comments?post=15121"}],"version-history":[{"count":1,"href":"https:\/\/www.iceagetv.com\/radiosite\/wp-json\/wp\/v2\/posts\/15121\/revisions"}],"predecessor-version":[{"id":15123,"href":"https:\/\/www.iceagetv.com\/radiosite\/wp-json\/wp\/v2\/posts\/15121\/revisions\/15123"}],"wp:featuredmedia":[{"embeddable":true,"href":"https:\/\/www.iceagetv.com\/radiosite\/wp-json\/wp\/v2\/media\/15122"}],"wp:attachment":[{"href":"https:\/\/www.iceagetv.com\/radiosite\/wp-json\/wp\/v2\/media?parent=15121"}],"wp:term":[{"taxonomy":"category","embeddable":true,"href":"https:\/\/www.iceagetv.com\/radiosite\/wp-json\/wp\/v2\/categories?post=15121"},{"taxonomy":"post_tag","embeddable":true,"href":"https:\/\/www.iceagetv.com\/radiosite\/wp-json\/wp\/v2\/tags?post=15121"}],"curies":[{"name":"wp","href":"https:\/\/api.w.org\/{rel}","templated":true}]}}