{"id":15133,"date":"2020-03-31T13:32:17","date_gmt":"2020-03-31T13:32:17","guid":{"rendered":"http:\/\/www.iceagetv.com\/radiosite\/?p=15133"},"modified":"2020-03-31T13:32:17","modified_gmt":"2020-03-31T13:32:17","slug":"deces-de-pierre-benichou-societaire-emblematique-des-grosses-tetes-de-rtl","status":"publish","type":"post","link":"https:\/\/www.iceagetv.com\/radiosite\/deces-de-pierre-benichou-societaire-emblematique-des-grosses-tetes-de-rtl\/","title":{"rendered":"D\u00e9c\u00e8s de Pierre B\u00e9nichou, soci\u00e9taire embl\u00e9matique des \u00abGrosses T\u00eates\u00bb de RTL"},"content":{"rendered":"\n<p>Le journaliste et chroniqueur de l\u2019\u00e9mission culte de la station s\u2019est \u00e9teint cette nuit \u00e0 l&rsquo;\u00e2ge de 82 ans.<\/p>\n\n\n\n<p>Dans un article partag\u00e9 sur son site Internet, la radio RTL annonce la mort de\u00a0<a href=\"https:\/\/plus.lefigaro.fr\/tag\/pierre-benichou\">Pierre B\u00e9nichou<\/a>\u00a0\u00e0 l&rsquo;\u00e2ge de 82 ans. Le journaliste et soci\u00e9taire des \u00ab<a href=\"https:\/\/plus.lefigaro.fr\/tag\/grosses-tetes\">Grosses T\u00eates<\/a>\u00bb s\u2019est \u00e9teint dans la nuit de lundi \u00e0 mardi 31 mars. \u00abDans son sommeil\u00bb, \u00e0 son domicile et son d\u00e9c\u00e8s n\u2019est pas li\u00e9 au coronavirus\u00bb, a pr\u00e9cis\u00e9, son fils, Antoine B\u00e9nichou.<\/p>\n\n\n\n<p>Apr\u00e8s des \u00e9tudes \u00e0 La Sorbonne, l\u2019homme n\u00e9 le 1er mars 1938 \u00e0 Oran avait d\u00e9marr\u00e9 sa carri\u00e8re dans la presse \u00e9crite \u00e0<em>&nbsp;Paris Jour&nbsp;<\/em>puis \u00e0&nbsp;<em>Jours de France<\/em>. C\u2019est en 1968 qu\u2019il entre au&nbsp;<em>Nouvel Observateur<\/em>, d\u2019abord comme r\u00e9dacteur en chef adjoint, avant d\u2019\u00eatre nomm\u00e9 r\u00e9dacteur en chef dix ans plus tard. Il devient directeur adjoint en 1985 puis directeur d\u00e9l\u00e9gu\u00e9 de 1996 \u00e0 2005, avant de se retirer du journal, o\u00f9 il avait conserv\u00e9 le titre de conseiller sp\u00e9cial.<\/p>\n\n\n\n<p>Il acc\u00e8de \u00e0 la c\u00e9l\u00e9brit\u00e9 dans les ann\u00e9es 1990, en devenant chroniqueur aux \u00abGrosses t\u00eates\u00bb de RTL aux cot\u00e9s de&nbsp;<a href=\"https:\/\/plus.lefigaro.fr\/tag\/philippe-bouvard\">Philippe Bouvard<\/a>. Sa gouaille truculente fait mouche et il devient un intervenant appr\u00e9ci\u00e9 des auditeurs. Il rejoint plus tard&nbsp;<a href=\"https:\/\/plus.lefigaro.fr\/tag\/laurent-ruquier\">Laurent Ruquier<\/a>&nbsp;sur Europe 1, qui l\u2019int\u00e8gre \u00e0 sa bande de chroniqueurs dans diverses \u00e9missions de t\u00e9l\u00e9 et de radio. Il \u00e9tait ainsi revenu en 2014 dans les \u00abGrosses T\u00eates\u00bb sur RTL, lorsque Laurent Ruquier en avait repris les commandes.<\/p>\n\n\n\n<p><\/p>\n","protected":false},"excerpt":{"rendered":"<p>Le journaliste et chroniqueur de l\u2019\u00e9mission culte de la station s\u2019est \u00e9teint cette nuit \u00e0 l&rsquo;\u00e2ge de 82 ans. Dans un article partag\u00e9 sur son site Internet, la radio RTL annonce la mort de\u00a0Pierre B\u00e9nichou\u00a0\u00e0 l&rsquo;\u00e2ge de 82 ans. Le journaliste et soci\u00e9taire des \u00abGrosses T\u00eates\u00bb s\u2019est \u00e9teint dans la nuit de lundi \u00e0 mardi [&hellip;]<\/p>\n","protected":false},"author":2,"featured_media":15134,"comment_status":"open","ping_status":"open","sticky":false,"template":"","format":"standard","meta":{"_jetpack_memberships_contains_paid_content":false,"footnotes":"","jetpack_publicize_message":"","jetpack_publicize_feature_enabled":true,"jetpack_social_post_already_shared":true,"jetpack_social_options":{"image_generator_settings":{"template":"highway","default_image_id":0,"font":"","enabled":false},"version":2},"_wpas_customize_per_network":false},"categories":[68],"tags":[],"class_list":["post-15133","post","type-post","status-publish","format-standard","has-post-thumbnail","hentry","category-actu-culturelle"],"jetpack_publicize_connections":[],"jetpack_featured_media_url":"https:\/\/i0.wp.com\/www.iceagetv.com\/radiosite\/wp-content\/uploads\/2020\/03\/D%C3%A9c%C3%A8s-de-Pierre-B%C3%A9nichou.jpg?fit=680%2C382&ssl=1","jetpack_sharing_enabled":true,"_links":{"self":[{"href":"https:\/\/www.iceagetv.com\/radiosite\/wp-json\/wp\/v2\/posts\/15133","targetHints":{"allow":["GET"]}}],"collection":[{"href":"https:\/\/www.iceagetv.com\/radiosite\/wp-json\/wp\/v2\/posts"}],"about":[{"href":"https:\/\/www.iceagetv.com\/radiosite\/wp-json\/wp\/v2\/types\/post"}],"author":[{"embeddable":true,"href":"https:\/\/www.iceagetv.com\/radiosite\/wp-json\/wp\/v2\/users\/2"}],"replies":[{"embeddable":true,"href":"https:\/\/www.iceagetv.com\/radiosite\/wp-json\/wp\/v2\/comments?post=15133"}],"version-history":[{"count":1,"href":"https:\/\/www.iceagetv.com\/radiosite\/wp-json\/wp\/v2\/posts\/15133\/revisions"}],"predecessor-version":[{"id":15135,"href":"https:\/\/www.iceagetv.com\/radiosite\/wp-json\/wp\/v2\/posts\/15133\/revisions\/15135"}],"wp:featuredmedia":[{"embeddable":true,"href":"https:\/\/www.iceagetv.com\/radiosite\/wp-json\/wp\/v2\/media\/15134"}],"wp:attachment":[{"href":"https:\/\/www.iceagetv.com\/radiosite\/wp-json\/wp\/v2\/media?parent=15133"}],"wp:term":[{"taxonomy":"category","embeddable":true,"href":"https:\/\/www.iceagetv.com\/radiosite\/wp-json\/wp\/v2\/categories?post=15133"},{"taxonomy":"post_tag","embeddable":true,"href":"https:\/\/www.iceagetv.com\/radiosite\/wp-json\/wp\/v2\/tags?post=15133"}],"curies":[{"name":"wp","href":"https:\/\/api.w.org\/{rel}","templated":true}]}}