{"id":15136,"date":"2020-03-31T18:14:30","date_gmt":"2020-03-31T18:14:30","guid":{"rendered":"http:\/\/www.iceagetv.com\/radiosite\/?p=15136"},"modified":"2020-03-31T18:14:30","modified_gmt":"2020-03-31T18:14:30","slug":"coronavirus-en-france-5-565-558-en-24-personnes-sont-en-reanimation-ce-soir-et-on-enregistre-3-523-deces-499-en-24h-litalie-annonce-ce-soir-837-deces-supplementaires-en-24h","status":"publish","type":"post","link":"https:\/\/www.iceagetv.com\/radiosite\/coronavirus-en-france-5-565-558-en-24-personnes-sont-en-reanimation-ce-soir-et-on-enregistre-3-523-deces-499-en-24h-litalie-annonce-ce-soir-837-deces-supplementaires-en-24h\/","title":{"rendered":"Coronavirus &#8211; En France, 5.565 (+ 558 en 24) personnes sont en r\u00e9animation, ce soir et on enregistre 3.523 d\u00e9c\u00e8s (+ 499 en 24h) &#8211; L&rsquo;Italie annonce ce soir 837 d\u00e9c\u00e8s suppl\u00e9mentaires en 24h"},"content":{"rendered":"\n<p><strong>J\u00e9r\u00f4me Salomon prend la parole pour son point du soir:<\/strong><\/p>\n\n\n\n<p>\u00ab\u00a0Voil\u00e0 3 mois que l&rsquo;OMS a \u00e9t\u00e9 inform\u00e9e de l&rsquo;existence de cette pand\u00e9mie.\u00a0179 pays sont aujourd&rsquo;hui concern\u00e9s par la pand\u00e9mie.\u00a0En France, nous sommes mobilis\u00e9s pour faire face \u00e0 cette \u00e9pid\u00e9mie s\u00e9v\u00e8re et meurtri\u00e8re.\u00a0<strong>Ce soir, 22.757 personnes sont hospitalis\u00e9es. 5.565 personnes sont en r\u00e9animation. C&rsquo;est une situation in\u00e9dite dans l&rsquo;histoire de la m\u00e9decine fran\u00e7aise. 3.523 d\u00e9c\u00e8s ont \u00e9t\u00e9 observ\u00e9s en milieu hospitalier. 52.128 cas positifs ont \u00e9t\u00e9 enregistr\u00e9s.\u00a0<\/strong>Depuis le 1er jour, notre objectif a toujours \u00e9t\u00e9 d&rsquo;offrir les meilleurs soins aux patients, et en particulier ceux qui ont dans les situations les plus graves.\u00a0Au nom de la solidarit\u00e9 nationale et europ\u00e9enne, une nouvelle op\u00e9ration Morph\u00e9e a eu lieu aujourd&rsquo;hui. Six patients de la r\u00e9gion Grand-Est ont \u00e9t\u00e9 transf\u00e9r\u00e9s en Allemagne.\u00a0Deux TGV pour 36 patients vont partir demain d&rsquo;Ile-de-France car le nombre de patients en r\u00e9animation va augmenter ces prochains jours.\u00a0D&rsquo;autres transferts transfontaliers sont en cours.\u00a0J<strong>&lsquo;en appelle ce soir au volontariat du personnel de sant\u00e9 pour soutenir les \u00e9quipes du Grand Est ou d&rsquo;Ile de France<\/strong>. Ils seront h\u00e9berg\u00e9s gratuitement.<\/p>\n\n\n\n<p><strong>L&rsquo;Italie annonce ce soir 837 d\u00e9c\u00e8s suppl\u00e9mentaires en 24h.<\/strong>&nbsp;&nbsp;Selon le dernier bulletin quotidien de l&rsquo;agence de protection civile, l&rsquo;Italie d\u00e9plore au total 12.428 morts des suites de la maladie Covid-19, de loin le chiffre le plus haut dans le monde.&nbsp;Le nombre total de contaminations, qui comprend les gu\u00e9risons et les d\u00e9c\u00e8s, atteint 105.792 cas, soit une hausse de 4% par rapport \u00e0 lundi. Il s&rsquo;agit de la plus petite augmentation enregistr\u00e9e depuis le d\u00e9but de l&rsquo;\u00e9pid\u00e9mie.<\/p>\n\n\n\n<p>Les cas actifs, qui excluent les morts et gu\u00e9risons, ont augment\u00e9 de 2,8% pour atteindre 77.635 infections. Le nombre de patients gu\u00e9ris a grimp\u00e9 de 7,6% \u00e0 15.729.<\/p>\n\n\n\n<p>Le couvre-feu en vigueur \u00e0 Mulhouse, l&rsquo;une des villes fran\u00e7aises les plus touch\u00e9es par l&rsquo;\u00e9pid\u00e9mie de coronavirus, est prolong\u00e9 jusqu&rsquo;au 15 avril, a d\u00e9cr\u00e9t\u00e9 mardi le pr\u00e9fet du Haut-Rhin Laurent Touvet.<\/p>\n\n\n\n<p>Ce couvre-feu reste fix\u00e9 de 21H00 \u00e0 06H00.<\/p>\n\n\n\n<p>\u00ab\u00a0Lors des contr\u00f4les effectu\u00e9s \u00e0 Mulhouse sur le respect des restrictions de circulation et des fermetures de commerces, les forces de s\u00e9curit\u00e9 ont constat\u00e9 un usage abusif et d\u00e9tourn\u00e9 des attestations d\u00e9rogatoires de d\u00e9placements aboutissant \u00e0 des regroupements de personnes et le maintien de l&rsquo;ouverture la nuit de plusieurs commerces\u00a0\u00bb, a soulign\u00e9 la pr\u00e9fecture dans un communiqu\u00e9.&nbsp;Durant le couvre-feu, tous les commerces doivent \u00eatre ferm\u00e9s, \u00ab\u00a0y compris alimentaires et livraisons \u00e0 domicile\u00a0\u00bb, insiste la pr\u00e9fecture.<\/p>\n\n\n\n<p>Les seuls services autoris\u00e9s \u00e0 rester ouverts la nuit sont les pharmacies, les h\u00f4tels, les pompes \u00e0 essence des stations service, les lieux d&rsquo;h\u00e9bergement et les pompes fun\u00e8bres. Les d\u00e9placements autoris\u00e9s, sur pr\u00e9sentation de justificatifs, sont ceux entre le domicile et le lieu de travail, ceux n\u00e9cessaires \u00e0 l&rsquo;approvisionnement des commerces alimentaires, ceux pour motifs de sant\u00e9 \u00ab\u00a0qui ne peuvent pas \u00eatre diff\u00e9r\u00e9s\u00a0\u00bb et les motifs familiaux \u00ab\u00a0imp\u00e9rieux\u00a0\u00bb.<\/p>\n\n\n\n<p>Plusieurs villes de France ont d\u00e9cr\u00e9t\u00e9 ces derniers jours des couvre-feux pour faire respecter l&rsquo;interdiction de d\u00e9placement li\u00e9e \u00e0 l&rsquo;\u00e9pid\u00e9mie de coronavirus.<\/p>\n\n\n\n<p>Le d\u00e9partement du Haut-Rhin est l&rsquo;un des principaux foyers fran\u00e7ais de l&rsquo;\u00e9pid\u00e9mie de coronavirus apr\u00e8s un grand rassemblement \u00e9vang\u00e9lique en f\u00e9vrier dont les participants ont ensuite involontairement diss\u00e9min\u00e9 la maladie.<\/p>\n\n\n\n<p>Lundi, 3.950 personnes \u00e9taient hospitalis\u00e9es pour Covid-19 dans le Grand Est, dont 844 en r\u00e9animation. Un total de 919 personnes sont d\u00e9c\u00e9d\u00e9es dans la r\u00e9gion depuis le d\u00e9but de l&rsquo;\u00e9pid\u00e9mie, a indiqu\u00e9 l&rsquo;Agence r\u00e9gionale de sant\u00e9 (ARS) dans son dernier point quotidien en date.<\/p>\n\n\n\n<p>Quinze r\u00e9sidents d&rsquo;un \u00e9tablissement d&rsquo;h\u00e9bergement des personnes \u00e2g\u00e9es d\u00e9pendantes (Ehpad) de Mougins, pr\u00e8s de Cannes, sont d\u00e9c\u00e9d\u00e9s depuis le 20 mars des suites du Covid-19, a indiqu\u00e9 mardi un porte-parole de l&rsquo;Agence r\u00e9gionale de sant\u00e9 (ARS) Provence Alpes C\u00f4te d&rsquo;Azur.<\/p>\n\n\n\n<p>Ces d\u00e9c\u00e8s se sont produits \u00e0 l&rsquo;Ehpad La Riviera, du groupe Korian, dans les Alpes-Maritimes, pr\u00e9cise l&rsquo;ARS, confirmant une information du quotidien Nice-Matin. \u00ab\u00a0Toutes ces personnes d\u00e9c\u00e9d\u00e9es depuis cette date dans cet Ehpad ont \u00e9t\u00e9 test\u00e9es positives au Covid-19\u00a0\u00bb, a ajout\u00e9 l&rsquo;Agence.<\/p>\n\n\n\n<p>\u00ab\u00a0Le personnel de l&rsquo;\u00e9tablissement est soutenu par une \u00e9quipe d&rsquo;hospitalisation \u00e0 domicile et des \u00e9quipes d&rsquo;hygi\u00e8ne mobile et de g\u00e9riatrie du Centre hospitalier de Grasse, de mani\u00e8re \u00e0 ce qu&rsquo;il soit accompagn\u00e9 dans la prise en charge des autres r\u00e9sidents\u00a0\u00bb, poursuit l&rsquo;ARS, qui ignore le nombre de personnes encore h\u00e9berg\u00e9es dans cet Ehpad.<\/p>\n\n\n\n<p>Des mesures de confinement et de protection sont mises en oeuvre.<\/p>\n\n\n\n<p>D&rsquo;ici quelques jours, selon l&rsquo;ARS Paca, l&rsquo;organisation mise en place par ses soins pour la remont\u00e9e des informations et le suivi des Ehpad devrait permettre d&rsquo;avoir une vue exhaustive de la situation dans ces \u00e9tablissements de la r\u00e9gion en lien avec l&rsquo;\u00e9pid\u00e9mie de Covid-19. Vingt d\u00e9c\u00e8s \u00ab\u00a0en lien possible avec le Covid-19\u00a0\u00bb avaient d\u00e9j\u00e0 \u00e9t\u00e9 signal\u00e9s dans un Ehpad de Cornimont (Vosges), selon les autorit\u00e9s. A Saint-Dizier (Haute-Marne), 16 r\u00e9sidents d&rsquo;une structure sont d\u00e9c\u00e9d\u00e9s et une quarantaine sont sous surveillance.<\/p>\n\n\n\n<p>Dans un \u00e9tablissement de la fondation Rothschild \u00e0 Paris, une dizaine de personnes sont d\u00e9c\u00e9d\u00e9es et pr\u00e8s de 80 \u00e9taient positives au Covid-19, selon un premier bilan de l&rsquo;ARS le 24 mars.<\/p>\n\n\n\n<p>A Thise (Doubs), ce sont 16 personnes qui ont trouv\u00e9 la mort. Toutes pr\u00e9sentaient les sympt\u00f4mes du nouveau coronavirus.<\/p>\n\n\n\n<p><strong>Le Pr\u00e9sident Emmanuel Macron s&rsquo;exprime:<\/strong><\/p>\n\n\n\n<p>\u00ab\u00a0Je voudrais dire ma fiert\u00e9 d&rsquo;\u00eatre l\u00e0 aux c\u00f4t\u00e9s des salari\u00e9s. Nous avons un combat contre le virus \u00e0 mener avec des soignants qui sont en premi\u00e8re ligne.&nbsp;Une d\u00e9cision a \u00e9t\u00e9 prise d&rsquo;importer massivement et vite\u00a0\u00bb des masques. \u00ab\u00a0Nous devons produire plus [de masques] sur le sol national pour r\u00e9duire notre d\u00e9pendance\u00a0\u00bb.<strong>Avant la crise, nous produisions 3,5 millions de masques\u00a0\u00bb, a indiqu\u00e9 le chef de l&rsquo;Etat en pr\u00e9cisant que \u00ab\u00a0d&rsquo;ici fin avril, nous aurons la capacit\u00e9 de produire en France 15 millions de masques par semaine.&nbsp;<\/strong><strong>Il est impossible de promettre des masques FFP2 \u00e0 toutes les cat\u00e9gories expos\u00e9es. A toutes les professions qui sont aujourd&rsquo;hui expos\u00e9es, il est impossible de leur prom<\/strong><strong>ettre des masques qui sont aujourd&rsquo;hui r\u00e9serv\u00e9s aux soignants.&nbsp;<\/strong>Nous aurons d&rsquo;autres cat\u00e9gories de masques diff\u00e9rents pour fournir des masques \u00e0 toutes ces professions.&nbsp;Nous avons pass\u00e9 des commandes de respirateurs (&#8230;) En France, nous avons un producteur Air Liquide qui les produit \u00e0 Antony. Un consortium industriel fran\u00e7ais vient de se cr\u00e9er autour d&rsquo;Air Liquide pour cr\u00e9er d&rsquo;ici mi-mai 10.000 respirateurs lourds comme l\u00e9gers.&nbsp;Le jour d&rsquo;apr\u00e8s ne ressemblera pas au jour d&rsquo;avant. Nous devons reb\u00e2tir notre souverainet\u00e9 nationale et europ\u00e9enne.&nbsp;Jamais le personnel soignant qui est au contact des malades ne doit manquer de masques.&nbsp;Toutes et celles qui cherchent \u00e0 faire des proc\u00e8s alors que nous n&rsquo;avons pas gagn\u00e9 la guerre sont irresponsables. Le temps des responsabilit\u00e9s viendra. Nous apprenons tous avec beaucoup d&rsquo;humilit\u00e9\u00a0\u00bb<\/p>\n\n\n\n<p><\/p>\n\n\n\n<p><\/p>\n","protected":false},"excerpt":{"rendered":"<p>J\u00e9r\u00f4me Salomon prend la parole pour son point du soir: \u00ab\u00a0Voil\u00e0 3 mois que l&rsquo;OMS a \u00e9t\u00e9 inform\u00e9e de l&rsquo;existence de cette pand\u00e9mie.\u00a0179 pays sont aujourd&rsquo;hui concern\u00e9s par la pand\u00e9mie.\u00a0En France, nous sommes mobilis\u00e9s pour faire face \u00e0 cette \u00e9pid\u00e9mie s\u00e9v\u00e8re et meurtri\u00e8re.\u00a0Ce soir, 22.757 personnes sont hospitalis\u00e9es. 5.565 personnes sont en r\u00e9animation. C&rsquo;est une [&hellip;]<\/p>\n","protected":false},"author":2,"featured_media":15096,"comment_status":"open","ping_status":"open","sticky":false,"template":"","format":"standard","meta":{"_jetpack_memberships_contains_paid_content":false,"footnotes":"","jetpack_publicize_message":"","jetpack_publicize_feature_enabled":true,"jetpack_social_post_already_shared":true,"jetpack_social_options":{"image_generator_settings":{"template":"highway","default_image_id":0,"font":"","enabled":false},"version":2},"_wpas_customize_per_network":false},"categories":[405],"tags":[2761,2760],"class_list":["post-15136","post","type-post","status-publish","format-standard","has-post-thumbnail","hentry","category-actu-france-monde","tag-5-565-558-en-24-personnes-sont-en-reanimation","tag-en-france"],"jetpack_publicize_connections":[],"jetpack_featured_media_url":"https:\/\/i0.wp.com\/www.iceagetv.com\/radiosite\/wp-content\/uploads\/2020\/03\/La-p%C3%A9riode-de-confinement-est-prolong%C3%A9e-jusquau-mercredi-15-avril-et-elle-pourra-%C3%AAtre-encore-prolong%C3%A9e.jpg?fit=864%2C363&ssl=1","jetpack_sharing_enabled":true,"_links":{"self":[{"href":"https:\/\/www.iceagetv.com\/radiosite\/wp-json\/wp\/v2\/posts\/15136","targetHints":{"allow":["GET"]}}],"collection":[{"href":"https:\/\/www.iceagetv.com\/radiosite\/wp-json\/wp\/v2\/posts"}],"about":[{"href":"https:\/\/www.iceagetv.com\/radiosite\/wp-json\/wp\/v2\/types\/post"}],"author":[{"embeddable":true,"href":"https:\/\/www.iceagetv.com\/radiosite\/wp-json\/wp\/v2\/users\/2"}],"replies":[{"embeddable":true,"href":"https:\/\/www.iceagetv.com\/radiosite\/wp-json\/wp\/v2\/comments?post=15136"}],"version-history":[{"count":1,"href":"https:\/\/www.iceagetv.com\/radiosite\/wp-json\/wp\/v2\/posts\/15136\/revisions"}],"predecessor-version":[{"id":15137,"href":"https:\/\/www.iceagetv.com\/radiosite\/wp-json\/wp\/v2\/posts\/15136\/revisions\/15137"}],"wp:featuredmedia":[{"embeddable":true,"href":"https:\/\/www.iceagetv.com\/radiosite\/wp-json\/wp\/v2\/media\/15096"}],"wp:attachment":[{"href":"https:\/\/www.iceagetv.com\/radiosite\/wp-json\/wp\/v2\/media?parent=15136"}],"wp:term":[{"taxonomy":"category","embeddable":true,"href":"https:\/\/www.iceagetv.com\/radiosite\/wp-json\/wp\/v2\/categories?post=15136"},{"taxonomy":"post_tag","embeddable":true,"href":"https:\/\/www.iceagetv.com\/radiosite\/wp-json\/wp\/v2\/tags?post=15136"}],"curies":[{"name":"wp","href":"https:\/\/api.w.org\/{rel}","templated":true}]}}