{"id":15141,"date":"2020-04-01T07:04:29","date_gmt":"2020-04-01T07:04:29","guid":{"rendered":"http:\/\/www.iceagetv.com\/radiosite\/?p=15141"},"modified":"2020-04-01T07:04:29","modified_gmt":"2020-04-01T07:04:29","slug":"grand-president-homme-dhonneur-monument-le-monde-du-foot-pleure-pape-diouf","status":"publish","type":"post","link":"https:\/\/www.iceagetv.com\/radiosite\/grand-president-homme-dhonneur-monument-le-monde-du-foot-pleure-pape-diouf\/","title":{"rendered":"Grand pr\u00e9sident\u00a0\u00bb, \u00ab\u00a0homme d&rsquo;honneur\u00a0\u00bb, \u00ab\u00a0monument\u00a0\u00bb : le monde du foot pleure Pape Diouf"},"content":{"rendered":"\n<h2 class=\"wp-block-heading\">Quelques minutes apr\u00e8s l&rsquo;annonce du d\u00e9c\u00e8s de Pape Diouf, victime du coronavirus, le monde du foot a tenu \u00e0 rendre un vibrant hommage \u00e0 l&rsquo;ancien pr\u00e9sident de l&rsquo;Olympique de Marseille. De Basile Boli \u00e0 Franck Rib\u00e9ry, de Kylian Mbapp\u00e9 \u00e0 Jean-Michel Aulas : tous saluent un \u00ab\u00a0grand homme\u00a0\u00bb.<\/h2>\n\n\n\n<p>Les rivalit\u00e9s OM-OL et OM-<a href=\"https:\/\/www.eurosport.fr\/football\/equipes\/paris-sg\/teamcenter.shtml\">PSG<\/a>\u00a0passent en arri\u00e8re plan ce mardi soir. Pape Diouf, ancien pr\u00e9sident marseillais (2005-2009), est mort \u00e0 l&rsquo;\u00e2ge de 68 ans apr\u00e8s avoir \u00e9t\u00e9 diagnostiqu\u00e9 positif au coronavirus. Quelques minutes apr\u00e8s l&rsquo;annonce de sa disparition, tout le foot fran\u00e7ais a tenu \u00e0 rendre un vibrant hommage \u00e0 l&rsquo;ancien agent de joueurs. \u00ab\u00a0<em>Pape restera \u00e0 jamais dans le c\u0153ur des Marseillais comme l\u2019un des grands artisans de l\u2019histoire du club<\/em>\u00ab\u00a0, a tweet\u00e9 l&rsquo;OM. \u00ab\u00a0<em>Il a \u00e9t\u00e9 un grand pr\u00e9sident, tr\u00e8s performant, respectable et respect\u00e9, j\u2019avais un profond respect pour lui. Je m\u2019associe \u00e0 la peine de toute sa famille et de tous ses amis<\/em>\u00ab\u00a0, a quant \u00e0 lui d\u00e9clar\u00e9 Jean-Michel Aulas. <a href=\"https:\/\/www.eurosport.fr\/football\/gregory-coupet_prs1839\/person.shtml\">Gr\u00e9gory Coupet<\/a>, qui a lui aussi affront\u00e9 plusieurs fois l&rsquo;Olympique de Marseille lorsqu&rsquo;il gardait le but de l&rsquo;OL, a tenu \u00e0 remercier celui qui a \u00e9t\u00e9 son agent. \u00ab\u00a0<em>Tu as \u00e9t\u00e9 un guide, un vrai conseiller pour moi et surtout un homme d\u2019honneur<\/em>.\u00a0\u00bb \u00ab\u00a0<em>Nous avons une pens\u00e9e \u00e9mue pour Pape Diouf, ses proches et tous ceux qui l&rsquo;ont connu. Il restera \u00e0 tout jamais parmi les grands pr\u00e9sidents de Ligue 1<\/em>\u00ab\u00a0, ont tweet\u00e9 pour leur part les\u00a0<a href=\"https:\/\/www.eurosport.fr\/football\/equipes\/bordeaux\/teamcenter.shtml\">Girondins de Bordeaux<\/a>. \u00ab\u00a0<em>Le football fran\u00e7ais et africain perd une grande figure<\/em>\u00ab\u00a0, a not\u00e9 le PSG sur les r\u00e9seaux sociaux. <\/p>\n\n\n\n<p>No\u00ebl Le Gra\u00ebt, le pr\u00e9sident de la FFF, parle lui d&rsquo;un homme \u00ab\u00a0<em>important<\/em>\u00a0\u00bb et \u00ab\u00a0<em>de qualit\u00e9<\/em>\u00ab\u00a0. \u00ab\u00a0<em>Il \u00e9tait atypique, \u00e9cout\u00e9 et respect\u00e9, avec une vraie personnalit\u00e9 qui avait le respect du jeu, des joueurs, des hommes. C&rsquo;\u00e9tait un passionn\u00e9, avec des convictions et toujours d&rsquo;une extr\u00eame courtoisie<\/em>.\u00a0\u00bb<\/p>\n\n\n\n<p>No\u00ebl Le Gra\u00ebt, le pr\u00e9sident de la FFF, parle lui d&rsquo;un homme \u00ab\u00a0<em>important<\/em>\u00a0\u00bb et \u00ab\u00a0<em>de qualit\u00e9<\/em>\u00ab\u00a0. \u00ab\u00a0<em>Il \u00e9tait atypique, \u00e9cout\u00e9 et respect\u00e9, avec une vraie personnalit\u00e9 qui avait le respect du jeu, des joueurs, des hommes. C&rsquo;\u00e9tait un passionn\u00e9, avec des convictions et toujours d&rsquo;une extr\u00eame courtoisie<\/em>.\u00a0\u00bb<\/p>\n\n\n\n<h2 class=\"wp-block-heading\">Un \u00ab\u00a0grand pr\u00e9sident\u00a0\u00bb pour Mendy, Valbuena est \u00ab\u00a0abasourdi\u00a0\u00bb<\/h2>\n\n\n\n<p>Si Kylian Mbapp\u00e9 a rappel\u00e9 que Pape Diouf \u00e9tait \u00ab\u00a0<em>un monument de notre football<\/em>\u00ab\u00a0,\u00a0<a href=\"https:\/\/www.eurosport.fr\/football\/florian-thauvin_prs271609\/person.shtml\">Florian Thauvin<\/a>\u00a0assure qu&rsquo;il\u00a0<em>\u00ab\u00a0laissera un souvenir unique \u00e0 Marseille<\/em>\u00ab\u00a0. Pour sa part, l&rsquo;ex-Marseillais Benjamin Mendy a rendu hommage \u00e0 celui qu&rsquo;il qualifie de \u00ab\u00a0<em>grand pr\u00e9sident<\/em>\u00a0\u00bb et \u00ab\u00a0<em>d&rsquo;immense homme<\/em>\u00ab\u00a0. \u00ab\u00a0<em>Il aura toujours dignement repr\u00e9sent\u00e9 l&rsquo;OM et ses valeurs. C&rsquo;est une grande perte pour le foot fran\u00e7ais et le continent africain. Reposez en paix<\/em>\u00ab\u00a0, a indiqu\u00e9 l&rsquo;arri\u00e8re gauche de\u00a0<a href=\"https:\/\/www.eurosport.fr\/football\/equipes\/manchester-city\/teamcenter.shtml\">Manchester City<\/a>. \u00ab\u00a0<em>Tu as \u00e9t\u00e9 mon pr\u00e9sident et c\u2019est avec le c\u0153ur gros que je dois te dire au revoir, tu es parti trop t\u00f4t, jamais je ne t\u2019oublierai<\/em>\u00a0\u00bb a tweet\u00e9\u00a0<a href=\"https:\/\/www.eurosport.fr\/football\/samir-nasri_prs32080\/person.shtml\">Samir Nasri<\/a>. Dans un entretien accord\u00e9 \u00e0\u00a0<em>RMC Sport<\/em>,\u00a0<a href=\"https:\/\/www.eurosport.fr\/football\/mathieu-valbuena_prs48264\/person.shtml\">Mathieu Valbuena<\/a>\u00a0a fait part de sa peine \u00e0 l&rsquo;annonce du d\u00e9c\u00e8s de l&rsquo;ex-pr\u00e9sident de l&rsquo;OM. \u00ab\u00a0<em>Je suis abasourdi. C&rsquo;\u00e9tait un grand homme, avec un grand c\u0153ur. C&rsquo;est lui qui m&rsquo;a donn\u00e9 ma chance. Un amoureux inconditionnel de Marseille. Il va vraiment manquer au football<\/em>\u00ab\u00a0, a d\u00e9clar\u00e9 l&rsquo;actuel milieu offensif de l&rsquo;<a href=\"https:\/\/www.eurosport.fr\/football\/equipes\/olympiakos\/teamcenter.shtml\">Olympiakos<\/a>. Si l&rsquo;ex-attaquant olympien\u00a0<a href=\"https:\/\/www.eurosport.fr\/football\/djibril-cisse_prs1949\/person.shtml\">Djibril Ciss\u00e9<\/a>\u00a0a align\u00e9 neuf \u00e9motic\u00f4nes versant des larmes sur Twitter avec un message tr\u00e8s personnel,\u00a0<a href=\"https:\/\/www.eurosport.fr\/football\/rio-mavuba_prs27689\/person.shtml\">Rio Mavuba<\/a>\u00a0souligne que Pape Diouf \u00e9tait \u00ab\u00a0<em>une r\u00e9f\u00e9rence en tant que dirigeant, en plus d\u2019avoir \u00e9t\u00e9 un brillant agent et journaliste<\/em>\u00ab\u00a0.  <a href=\"https:\/\/www.eurosport.fr\/football\/mamadou-niang_prs1640\/person.shtml\">Mamadou Niang<\/a>, l&rsquo;attaquant phare de l&rsquo;Olympique de Marseille lors du passage de Pape Diouf dans la cit\u00e9 phoc\u00e9enne, a estim\u00e9 qu&rsquo;il \u00e9tait \u00ab\u00a0<em>le meilleur d\u2019entre nous et un mod\u00e8le<\/em>\u00ab\u00a0. \u00ab\u00a0<em>Sache que tu resteras \u00e0 jamais dans mon c\u0153ur Pape. Je t\u2019aime<\/em>\u00ab\u00a0, a tweet\u00e9 l&rsquo;ex-international s\u00e9n\u00e9galais. Capitaine de l&rsquo;OM durant l&rsquo;\u00e9poque Pape Diouf, Habib Beye lui a aussi rendu un tr\u00e8s bel hommage. \u00ab\u00a0<em>Il m&rsquo;appelait \u00ab\u00a0fils\u00a0\u00bb, je l&rsquo;appelais \u00ab\u00a0p\u00e8re\u00a0\u00bb, il a \u00e9t\u00e9 mon agent, mon pr\u00e9sident, mais avant tout un homme exceptionnel pour moi. Mon hommage pour toi Pape ne tiendrait pas dans un tweet. Merci<\/em>\u00ab\u00a0, a-t-il d\u00e9clar\u00e9. \u00ab\u00a0<em>RIP Pape Diouf. Mes plus sinc\u00e8res condol\u00e9ances \u00e0 sa famille et \u00e0 tout le peuple olympien<\/em>\u00ab\u00a0, \u00e9crit de son c\u00f4t\u00e9\u00a0<a href=\"https:\/\/www.eurosport.fr\/football\/andre-villas-boas_prs222060\/person.shtml\">Andr\u00e9 Villas-Boas<\/a>, l&rsquo;entra\u00eeneur olympien. <\/p>\n\n\n\n<p><\/p>\n","protected":false},"excerpt":{"rendered":"<p>Quelques minutes apr\u00e8s l&rsquo;annonce du d\u00e9c\u00e8s de Pape Diouf, victime du coronavirus, le monde du foot a tenu \u00e0 rendre un vibrant hommage \u00e0 l&rsquo;ancien pr\u00e9sident de l&rsquo;Olympique de Marseille. De Basile Boli \u00e0 Franck Rib\u00e9ry, de Kylian Mbapp\u00e9 \u00e0 Jean-Michel Aulas : tous saluent un \u00ab\u00a0grand homme\u00a0\u00bb. Les rivalit\u00e9s OM-OL et OM-PSG\u00a0passent en arri\u00e8re [&hellip;]<\/p>\n","protected":false},"author":2,"featured_media":15142,"comment_status":"open","ping_status":"open","sticky":false,"template":"","format":"standard","meta":{"_jetpack_memberships_contains_paid_content":false,"footnotes":"","jetpack_publicize_message":"","jetpack_publicize_feature_enabled":true,"jetpack_social_post_already_shared":true,"jetpack_social_options":{"image_generator_settings":{"template":"highway","default_image_id":0,"font":"","enabled":false},"version":2},"_wpas_customize_per_network":false},"categories":[18],"tags":[],"class_list":["post-15141","post","type-post","status-publish","format-standard","has-post-thumbnail","hentry","category-actu-sport"],"jetpack_publicize_connections":[],"jetpack_featured_media_url":"https:\/\/i0.wp.com\/www.iceagetv.com\/radiosite\/wp-content\/uploads\/2020\/04\/Pape-Diouf.jpg?fit=1950%2C1096&ssl=1","jetpack_sharing_enabled":true,"_links":{"self":[{"href":"https:\/\/www.iceagetv.com\/radiosite\/wp-json\/wp\/v2\/posts\/15141","targetHints":{"allow":["GET"]}}],"collection":[{"href":"https:\/\/www.iceagetv.com\/radiosite\/wp-json\/wp\/v2\/posts"}],"about":[{"href":"https:\/\/www.iceagetv.com\/radiosite\/wp-json\/wp\/v2\/types\/post"}],"author":[{"embeddable":true,"href":"https:\/\/www.iceagetv.com\/radiosite\/wp-json\/wp\/v2\/users\/2"}],"replies":[{"embeddable":true,"href":"https:\/\/www.iceagetv.com\/radiosite\/wp-json\/wp\/v2\/comments?post=15141"}],"version-history":[{"count":1,"href":"https:\/\/www.iceagetv.com\/radiosite\/wp-json\/wp\/v2\/posts\/15141\/revisions"}],"predecessor-version":[{"id":15143,"href":"https:\/\/www.iceagetv.com\/radiosite\/wp-json\/wp\/v2\/posts\/15141\/revisions\/15143"}],"wp:featuredmedia":[{"embeddable":true,"href":"https:\/\/www.iceagetv.com\/radiosite\/wp-json\/wp\/v2\/media\/15142"}],"wp:attachment":[{"href":"https:\/\/www.iceagetv.com\/radiosite\/wp-json\/wp\/v2\/media?parent=15141"}],"wp:term":[{"taxonomy":"category","embeddable":true,"href":"https:\/\/www.iceagetv.com\/radiosite\/wp-json\/wp\/v2\/categories?post=15141"},{"taxonomy":"post_tag","embeddable":true,"href":"https:\/\/www.iceagetv.com\/radiosite\/wp-json\/wp\/v2\/tags?post=15141"}],"curies":[{"name":"wp","href":"https:\/\/api.w.org\/{rel}","templated":true}]}}