{"id":15148,"date":"2020-04-01T15:33:46","date_gmt":"2020-04-01T15:33:46","guid":{"rendered":"http:\/\/www.iceagetv.com\/radiosite\/?p=15148"},"modified":"2020-04-01T15:33:46","modified_gmt":"2020-04-01T15:33:46","slug":"coronavirus-pour-la-premiere-fois-depuis-la-seconde-guerre-mondiale-le-tournoi-de-tennis-wimbledon-est-annule","status":"publish","type":"post","link":"https:\/\/www.iceagetv.com\/radiosite\/coronavirus-pour-la-premiere-fois-depuis-la-seconde-guerre-mondiale-le-tournoi-de-tennis-wimbledon-est-annule\/","title":{"rendered":"Coronavirus &#8211; Pour la premi\u00e8re fois depuis la seconde guerre mondiale, le tournoi de tennis Wimbledon est annul\u00e9"},"content":{"rendered":"\n<p> <strong>L&rsquo;\u00e9dition 2020 du tournoi de Wimbledon est annul\u00e9e, les organisateurs renvoient les fans \u00e0 l&rsquo;\u00e9dition 2021.<\/strong> <\/p>\n\n\n\n<p>L&rsquo;Allemagne va prolonger au moins jusqu&rsquo;au 19 avril ses mesures de restriction des contacts sociaux pour endiguer la pand\u00e9mie de nouveau coronavirus, a annonc\u00e9 mercredi la chanceli\u00e8re Angela Merkel.<\/p>\n\n\n\n<p>\u00ab\u00a0Les restrictions de contact sont prolong\u00e9es au moins jusqu&rsquo;au 19 avril, nous ferons une nouvelle \u00e9valuation le mardi apr\u00e8s P\u00e2ques\u00a0\u00bb, a indiqu\u00e9 la chanceli\u00e8re allemande \u00e0 l&rsquo;issue d&rsquo;une audio-conf\u00e9rence avec les dirigeants des 16 r\u00e9gions. Le recours au dispositif du ch\u00f4mage partiel avait \u00e9t\u00e9 demand\u00e9 hier soir par 337.000 entreprises pour 3,6 millions de salari\u00e9s, a annonc\u00e9 mercredi la ministre du Travail, Muriel P\u00e9nicaud, \u00e0 l&rsquo;issue du Conseil des ministres. <\/p>\n\n\n\n<p>La ministre n&rsquo;a pas donn\u00e9 de chiffre sur le co\u00fbt, mais selon son entourage, cela repr\u00e9sente, sur une dur\u00e9e de trois mois, une d\u00e9pense potentielle de 11 milliards d&rsquo;euros, bien au-del\u00e0 des 8,5 milliards budg\u00e9t\u00e9s par le projet de loi de finances rectificative.<\/p>\n\n\n\n<p>Le dispositif, qui concerne maintenant un salari\u00e9 sur cinq, \u00ab\u00a0est en pleine mont\u00e9e en puissance\u00a0\u00bb, a reconnu la ministre rappelant qu&rsquo;il avait pour objet de \u00ab\u00a0prot\u00e9ger les emplois\u00a0\u00bb et d&rsquo;\u00e9viter les licenciements.<\/p>\n\n\n\n<p>\u00ab\u00a0Ces co\u00fbts sont un investissement, il en va de notre rebond pour repartir le plus vite possible apr\u00e8s la crise\u00a0\u00bb, a-t-elle estim\u00e9.<\/p>\n\n\n\n<p>Sans cela, \u00ab\u00a0le co\u00fbt serait encore plus important\u00a0\u00bb du fait d&rsquo;un \u00ab\u00a0ch\u00f4mage massif\u00a0\u00bb, a-t-elle jug\u00e9.<\/p>\n\n\n\n<p>\u00ab\u00a0Aux Etats-Unis, o\u00f9 n&rsquo;existe pas de ch\u00f4mage partiel, il y a eu en une semaine seulement trois millions de licenciements\u00a0\u00bb, a-t-elle rappel\u00e9.<\/p>\n\n\n\n<p>Le ch\u00f4mage partiel indemnise le salari\u00e9 \u00e0 hauteur de 70% du salaire brut et 84% du salaire net. Il est d\u00e9sormais pris en charge int\u00e9gralement par l&rsquo;Etat jusqu&rsquo;\u00e0 une r\u00e9mun\u00e9ration brute de 4,5 Smic, ce qui repr\u00e9sente 95% des salaires. Au-del\u00e0, le diff\u00e9rentiel est \u00e0 la charge de l&#8217;employeur.<\/p>\n\n\n\n<p>Les entreprises disposent d&rsquo;un d\u00e9lai de trente jours pour d\u00e9poser leur demande, avec effet r\u00e9troactif.<\/p>\n\n\n\n<p>Sans r\u00e9ponse dans les 48 heures de la direction r\u00e9gionale du travail dont elles d\u00e9pendent, la demande est consid\u00e9r\u00e9e comme accept\u00e9e.<\/p>\n\n\n\n<p> <strong>563 morts en 24 heures en Grande-Bretagne, portant le bilan total \u00e0 2352 victimes \u00e0 ce stade de l&rsquo;\u00e9pid\u00e9mie.\u00a0<\/strong>Depuis le d\u00e9but de la pand\u00e9mie, les autorit\u00e9s sanitaires ont d\u00e9nombr\u00e9 pr\u00e8s de 29 474 cas test\u00e9s positifs, soit 4 324 cas suppl\u00e9mentaires <\/p>\n\n\n\n<p>Six personnes atteintes du Covid-19 seront transf\u00e9r\u00e9es du nord-est de la France sur Toulouse aujourd&rsquo;hui, devenant les premiers malades d&rsquo;autres r\u00e9gions accueillis par l&rsquo;Occitanie, a-t-on appris aupr\u00e8s de l&rsquo;Agence r\u00e9gionale de sant\u00e9 (ARS) d&rsquo;Occitanie.<\/p>\n\n\n\n<p>Toujours dans le cadre de la solidarit\u00e9 entre r\u00e9gions, \u00ab\u00a050 soignants de la r\u00e9gion Occitanie seront envoy\u00e9s en renfort vers l&rsquo;Ile de France\u00a0\u00bb, a ajout\u00e9 l&rsquo;ARS dans un communiqu\u00e9.<\/p>\n\n\n\n<p>\u00ab\u00a0Plusieurs rotations a\u00e9riennes vont permettre le transfert sanitaire de six premiers patients attendus \u00e0 partir de ce mercredi \u00e0 Toulouse depuis la r\u00e9gion Grand Est. D&rsquo;autres vols achemineront 12 autres patients vers la m\u00eame destination jeudi et vendredi\u00a0\u00bb, a pr\u00e9cis\u00e9 l&rsquo;ARS.<\/p>\n\n\n\n<p>L&rsquo;ARS dit se mobiliser pour augmenter les capacit\u00e9s d&rsquo;accueil en r\u00e9animation en Occitanie, gr\u00e2ce \u00e0 la coordination des \u00e9tablissements publics et priv\u00e9s.<\/p>\n\n\n\n<p>Les malades, sous assistance respiratoire, \u00e9taient jusque l\u00e0 hospitalis\u00e9s dans les centres hospitaliers de Mulhouse et de Colmar. Ils devaient \u00eatre admis mercredi dans les services de r\u00e9animation du CHU de Toulouse, du centre hospitalier de Montauban, et de cliniques priv\u00e9es de l&rsquo;agglom\u00e9ration toulousaine.<\/p>\n\n\n\n<p><\/p>\n\n\n\n<p><\/p>\n","protected":false},"excerpt":{"rendered":"<p>L&rsquo;\u00e9dition 2020 du tournoi de Wimbledon est annul\u00e9e, les organisateurs renvoient les fans \u00e0 l&rsquo;\u00e9dition 2021. L&rsquo;Allemagne va prolonger au moins jusqu&rsquo;au 19 avril ses mesures de restriction des contacts sociaux pour endiguer la pand\u00e9mie de nouveau coronavirus, a annonc\u00e9 mercredi la chanceli\u00e8re Angela Merkel. \u00ab\u00a0Les restrictions de contact sont prolong\u00e9es au moins jusqu&rsquo;au 19 [&hellip;]<\/p>\n","protected":false},"author":2,"featured_media":15149,"comment_status":"open","ping_status":"open","sticky":false,"template":"","format":"standard","meta":{"_jetpack_memberships_contains_paid_content":false,"footnotes":"","jetpack_publicize_message":"","jetpack_publicize_feature_enabled":true,"jetpack_social_post_already_shared":true,"jetpack_social_options":{"image_generator_settings":{"template":"highway","default_image_id":0,"font":"","enabled":false},"version":2},"_wpas_customize_per_network":false},"categories":[18],"tags":[],"class_list":["post-15148","post","type-post","status-publish","format-standard","has-post-thumbnail","hentry","category-actu-sport"],"jetpack_publicize_connections":[],"jetpack_featured_media_url":"https:\/\/i0.wp.com\/www.iceagetv.com\/radiosite\/wp-content\/uploads\/2020\/04\/le-tournoi-de-tennis-Wimbledon-est-annul%C3%A9.jpg?fit=336%2C142&ssl=1","jetpack_sharing_enabled":true,"_links":{"self":[{"href":"https:\/\/www.iceagetv.com\/radiosite\/wp-json\/wp\/v2\/posts\/15148","targetHints":{"allow":["GET"]}}],"collection":[{"href":"https:\/\/www.iceagetv.com\/radiosite\/wp-json\/wp\/v2\/posts"}],"about":[{"href":"https:\/\/www.iceagetv.com\/radiosite\/wp-json\/wp\/v2\/types\/post"}],"author":[{"embeddable":true,"href":"https:\/\/www.iceagetv.com\/radiosite\/wp-json\/wp\/v2\/users\/2"}],"replies":[{"embeddable":true,"href":"https:\/\/www.iceagetv.com\/radiosite\/wp-json\/wp\/v2\/comments?post=15148"}],"version-history":[{"count":1,"href":"https:\/\/www.iceagetv.com\/radiosite\/wp-json\/wp\/v2\/posts\/15148\/revisions"}],"predecessor-version":[{"id":15150,"href":"https:\/\/www.iceagetv.com\/radiosite\/wp-json\/wp\/v2\/posts\/15148\/revisions\/15150"}],"wp:featuredmedia":[{"embeddable":true,"href":"https:\/\/www.iceagetv.com\/radiosite\/wp-json\/wp\/v2\/media\/15149"}],"wp:attachment":[{"href":"https:\/\/www.iceagetv.com\/radiosite\/wp-json\/wp\/v2\/media?parent=15148"}],"wp:term":[{"taxonomy":"category","embeddable":true,"href":"https:\/\/www.iceagetv.com\/radiosite\/wp-json\/wp\/v2\/categories?post=15148"},{"taxonomy":"post_tag","embeddable":true,"href":"https:\/\/www.iceagetv.com\/radiosite\/wp-json\/wp\/v2\/tags?post=15148"}],"curies":[{"name":"wp","href":"https:\/\/api.w.org\/{rel}","templated":true}]}}