{"id":15151,"date":"2020-04-02T07:39:28","date_gmt":"2020-04-02T07:39:28","guid":{"rendered":"http:\/\/www.iceagetv.com\/radiosite\/?p=15151"},"modified":"2020-04-02T07:39:28","modified_gmt":"2020-04-02T07:39:28","slug":"lexecutif-reflechit-au-scenario-dun-deconfinement-progressif","status":"publish","type":"post","link":"https:\/\/www.iceagetv.com\/radiosite\/lexecutif-reflechit-au-scenario-dun-deconfinement-progressif\/","title":{"rendered":"L&rsquo;ex\u00e9cutif r\u00e9fl\u00e9chit au sc\u00e9nario d&rsquo;un \u00abd\u00e9confinement progressif\u00bb"},"content":{"rendered":"\n<p>Sans donner aucune date, le Premier ministre indique que cette piste est privil\u00e9gi\u00e9e. Devant les d\u00e9put\u00e9s de la mission d\u2019information sur l\u2019\u00e9pid\u00e9mie de Covid-19, il a aussi reconnu \u00abde fortes tensions\u00bb mondiales pour l&rsquo;approvisionnement en m\u00e9dicaments de r\u00e9animation.<\/p>\n\n\n\n<p>Un pr\u00e9sident de l\u2019Assembl\u00e9e nationale, un Premier ministre et un ministre de la Sant\u00e9, en chair et en os et \u00e0 bonne distance dans une pi\u00e8ce du Palais-Bourbon. Et, au mur, une mosa\u00efque de trente visages de d\u00e9put\u00e9s confin\u00e9s se partageant l\u2019\u00e9cran. C\u2019est ainsi que s\u2019est d\u00e9roul\u00e9e, mercredi soir, la premi\u00e8re audition en vid\u00e9oconf\u00e9rence de la mission d\u2019information parlementaire sur l\u2019impact et la gestion de l\u2019\u00e9pid\u00e9mie de Covid-19.<\/p>\n\n\n\n<p>Lors de leur premier \u00e9change, quelques heures plus t\u00f4t, ses membres sont convenus de mener ces auditions toutes particuli\u00e8res, une \u00e0 deux fois par semaine. D\u2019abord pour assurer le suivi des mesures d\u2019urgence prises pour lutter contre l\u2019\u00e9pid\u00e9mie, avant d\u2019\u00e9valuer \u00e0 moyen terme l\u2019impact de ces d\u00e9cisions.<em>\u00a0\u00abLe temps des \u00e9ventuelles remises en cause viendra, mais une fois que le plus fort de la crise sera derri\u00e8re nous\u00bb,<\/em>\u00a0pr\u00e9vient Richard Ferrand pour repousser l\u2019heure des comptes. Le pr\u00e9sident de la mission assure vouloir concilier\u00a0<em>\u00abconfiance\u00bb<\/em>\u00a0et la mission constitutionnelle d\u00e9volue au Parlement de contr\u00f4ler l\u2019action gouvernementale\u00a0:\u00a0<em>\u00abLa confiance n\u2019exclut pas le contr\u00f4le et le contr\u00f4le nourrit la confiance\u00bb,<\/em>\u00a0professe-t-il.<\/p>\n\n\n\n<h3 class=\"wp-block-heading\">Nous ne savons pas tout\u00bb<\/h3>\n\n\n\n<p>Edouard Philippe, reconna\u00eet, lui, d\u2019embl\u00e9e que<em>\u00a0\u00abface \u00e0 des \u00e9v\u00e9nements de cette nature, nous ne savons pas tout\u00bb\u00a0<\/em>:<em>\u00a0\u00abDans les p\u00e9riodes de crise plus encore que dans les p\u00e9riodes de calme, les d\u00e9cisions politiques sont souvent prises sur le fondement d\u2019informations contradictoires et incompl\u00e8tes.\u00bb<\/em>\u00a0Mani\u00e8re d\u2019afficher sa modestie autant que d\u2019inviter ses interlocuteurs \u00e0 mod\u00e9rer leurs propres certitudes. R\u00e9pondant plus tard \u00e0 un d\u00e9put\u00e9, le chef du gouvernement r\u00e9plique\u00a0:\u00a0<em>\u00abQuelle que soit la d\u00e9cision prise, on est critiqu\u00e9s par ceux qui pensaient que l\u2019autre fa\u00e7on de pr\u00e9senter les choses \u00e9tait la meilleure.\u00bb<\/em><\/p>\n\n\n\n<p>En trois heures vingt d\u2019audition, les d\u00e9put\u00e9s ont abord\u00e9 un champ tr\u00e8s (trop ?) large de sujets. On peut citer entre autres&nbsp;: le mat\u00e9riel de protection des soignants, le d\u00e9pistage en g\u00e9n\u00e9ral et en particulier des personnels et r\u00e9sidents des Ehpad, l\u2019aide aux entreprises, le bac, la coop\u00e9ration europ\u00e9enne. Demandes de r\u00e9quisitions et de nationalisations \u00e0 gauche. Ou appel d\u2019Eric Ciotti (LR) \u00e0 serrer la vis pour les confin\u00e9s en banlieue\u2026 Et dans le viseur des \u00e9lus de tous bords, les assureurs, pri\u00e9s de contribuer davantage.<\/p>\n\n\n\n<p>Mais deux interrogations reviennent en particulier. Un horizon\u00a0: celui du d\u00e9confinement. Et une inqui\u00e9tude, li\u00e9e \u00e0 l\u2019approvisionnement en m\u00e9dicaments de r\u00e9animation.<\/p>\n\n\n\n<h3 class=\"wp-block-heading\">Redoutablement complexe\u00bb<\/h3>\n\n\n\n<p><em>\u00abComment envisagez-vous une reprise normale du cours de la vie dans les semaines \u00e0 venir\u00a0?\u00bb<\/em>\u00a0demande, le premier, Richard Ferrand.\u00a0<em>\u00abRedoutablement complexe\u00bb,<\/em>\u00a0soupire Philippe, reprenant une formule qu\u2019il emploie souvent. Si diff\u00e9rents\u00a0<em>\u00absc\u00e9narii\u00bb<\/em>\u00a0sont \u00e0 l\u2019\u00e9tude, la piste d\u2019un d\u00e9confinement progressif,\u00a0<em>\u00aben fonction des r\u00e9gions\u00bb<\/em>\u00a0voire\u00a0<em>\u00abdes classes d\u2019\u00e2ge\u00bb<\/em>\u00a0semble \u00eatre, \u00e0 ce stade, pr\u00e9f\u00e9r\u00e9e.<em>\u00a0\u00abIl est probable que nous ne nous acheminions pas vers un d\u00e9confinement g\u00e9n\u00e9ral, absolu et pour tout le monde \u00e0 une date donn\u00e9e\u00bb<\/em>, plaide Philippe, pointant\u00a0<em>\u00able risque d\u2019un rebond de l\u2019\u00e9pid\u00e9mie\u00bb<\/em>. Une strat\u00e9gie, qui d\u00e9pend notamment des\u00a0<em>\u00abtraitements, \u00e9prouv\u00e9s ou pas, et de notre capacit\u00e9 \u00e0 produire des tests\u00bb,<\/em>\u00a0devrait \u00eatre pr\u00e9sent\u00e9e\u00a0<em>\u00abdans les jours ou les semaines qui viennent\u00bb.<\/em>\u00a0Un plan de sortie qui sera<em>\u00a0\u00absoumis au contr\u00f4le parlementaire\u00bb,<\/em>\u00a0promet le Premier ministre, r\u00e9pondant \u00e0 Jean-Luc M\u00e9lenchon<em>.\u00a0<\/em>Le leader de LFI pointe le sujet depuis plusieurs jours\u00a0:<em>\u00a0\u00abMieux le d\u00e9confinement sera pr\u00e9vu, mieux sera support\u00e9 le confinement. C\u2019est de la psychologie humaine \u00e9l\u00e9mentaire.\u00bb<\/em><\/p>\n\n\n\n<p>Mais avant d\u2019envisager la sortie, c\u2019est le risque d\u2019une p\u00e9nurie de m\u00e9dicaments indispensables aux services de r\u00e9animation qui pr\u00e9occupe. Le socialiste Boris Vallaud s\u2019enquiert de l\u2019\u00e9tat des stocks de huit mol\u00e9cules (dont le curare et la morphine), la strat\u00e9gie de commandes et le d\u00e9lai de livraison, rappelant le SOS lanc\u00e9 par neuf h\u00f4pitaux europ\u00e9ens.&nbsp;<em>\u00abAu rythme actuel de consommation, les stocks seront \u00e9puis\u00e9s dans quelques jours dans les h\u00f4pitaux les plus durement touch\u00e9s, et dans deux semaines\u00bb<\/em>&nbsp;pour les autres, ont averti les signataires, dont l\u2019Assistance publique-H\u00f4pitaux de Paris (AP-HP).<em>&nbsp;\u00abC\u2019est la question peut-\u00eatre la plus sensible du moment. Il n\u2019y a jamais eu autant recours aux services de r\u00e9animation\u00bb<\/em>, conc\u00e8de Edouard Philippe, faisant \u00e9tat, pour ces mol\u00e9cules, d\u2019une demande en&nbsp; hausse<em>&nbsp;\u00abde 2&nbsp;000% en quelques semaines\u00bb<\/em>&nbsp;et de&nbsp;<em>\u00abtr\u00e8s fortes tensions\u00bb<\/em>&nbsp;pour satisfaire les besoins.&nbsp;<em>\u00abNous cherchons toutes les voies d\u2019approvisionnement\u00bb,<\/em>&nbsp;compl\u00e8te, sans s\u2019\u00e9tendre, Olivier V\u00e9ran, admettant \u00e0 son tour&nbsp;<em>\u00abl\u2019explosion de demande de ces m\u00e9dicaments \u00e0 vis\u00e9e r\u00e9animatoire\u00bb<\/em>.<\/p>\n\n\n\n<p>Mercredi et jeudi prochains, la mission doit interroger la garde des Sceaux, Nicole Belloubet, et le ministre de l\u2019Int\u00e9rieur, Christophe Castaner. Toujours par \u00e9cran interpos\u00e9.<\/p>\n\n\n\n<p><\/p>\n\n\n\n<p><\/p>\n\n\n\n<p><\/p>\n\n\n\n<p><\/p>\n\n\n\n<p><\/p>\n","protected":false},"excerpt":{"rendered":"<p>Sans donner aucune date, le Premier ministre indique que cette piste est privil\u00e9gi\u00e9e. Devant les d\u00e9put\u00e9s de la mission d\u2019information sur l\u2019\u00e9pid\u00e9mie de Covid-19, il a aussi reconnu \u00abde fortes tensions\u00bb mondiales pour l&rsquo;approvisionnement en m\u00e9dicaments de r\u00e9animation. Un pr\u00e9sident de l\u2019Assembl\u00e9e nationale, un Premier ministre et un ministre de la Sant\u00e9, en chair et [&hellip;]<\/p>\n","protected":false},"author":2,"featured_media":15152,"comment_status":"open","ping_status":"open","sticky":false,"template":"","format":"standard","meta":{"_jetpack_memberships_contains_paid_content":false,"footnotes":"","jetpack_publicize_message":"","jetpack_publicize_feature_enabled":true,"jetpack_social_post_already_shared":true,"jetpack_social_options":{"image_generator_settings":{"template":"highway","default_image_id":0,"font":"","enabled":false},"version":2},"_wpas_customize_per_network":false},"categories":[405],"tags":[],"class_list":["post-15151","post","type-post","status-publish","format-standard","has-post-thumbnail","hentry","category-actu-france-monde"],"jetpack_publicize_connections":[],"jetpack_featured_media_url":"https:\/\/i0.wp.com\/www.iceagetv.com\/radiosite\/wp-content\/uploads\/2020\/04\/Lex%C3%A9cutif-r%C3%A9fl%C3%A9chit-au-sc%C3%A9nario-dun-%C2%ABd%C3%A9confinement-progressif%C2%BB.jpg?fit=578%2C230&ssl=1","jetpack_sharing_enabled":true,"_links":{"self":[{"href":"https:\/\/www.iceagetv.com\/radiosite\/wp-json\/wp\/v2\/posts\/15151","targetHints":{"allow":["GET"]}}],"collection":[{"href":"https:\/\/www.iceagetv.com\/radiosite\/wp-json\/wp\/v2\/posts"}],"about":[{"href":"https:\/\/www.iceagetv.com\/radiosite\/wp-json\/wp\/v2\/types\/post"}],"author":[{"embeddable":true,"href":"https:\/\/www.iceagetv.com\/radiosite\/wp-json\/wp\/v2\/users\/2"}],"replies":[{"embeddable":true,"href":"https:\/\/www.iceagetv.com\/radiosite\/wp-json\/wp\/v2\/comments?post=15151"}],"version-history":[{"count":1,"href":"https:\/\/www.iceagetv.com\/radiosite\/wp-json\/wp\/v2\/posts\/15151\/revisions"}],"predecessor-version":[{"id":15153,"href":"https:\/\/www.iceagetv.com\/radiosite\/wp-json\/wp\/v2\/posts\/15151\/revisions\/15153"}],"wp:featuredmedia":[{"embeddable":true,"href":"https:\/\/www.iceagetv.com\/radiosite\/wp-json\/wp\/v2\/media\/15152"}],"wp:attachment":[{"href":"https:\/\/www.iceagetv.com\/radiosite\/wp-json\/wp\/v2\/media?parent=15151"}],"wp:term":[{"taxonomy":"category","embeddable":true,"href":"https:\/\/www.iceagetv.com\/radiosite\/wp-json\/wp\/v2\/categories?post=15151"},{"taxonomy":"post_tag","embeddable":true,"href":"https:\/\/www.iceagetv.com\/radiosite\/wp-json\/wp\/v2\/tags?post=15151"}],"curies":[{"name":"wp","href":"https:\/\/api.w.org\/{rel}","templated":true}]}}