{"id":15154,"date":"2020-04-02T07:48:52","date_gmt":"2020-04-02T07:48:52","guid":{"rendered":"http:\/\/www.iceagetv.com\/radiosite\/?p=15154"},"modified":"2020-04-02T07:48:52","modified_gmt":"2020-04-02T07:48:52","slug":"le-tour-de-france-naura-pas-lieu-a-huis-clos-aucune-course-jusquau-1er-juin","status":"publish","type":"post","link":"https:\/\/www.iceagetv.com\/radiosite\/le-tour-de-france-naura-pas-lieu-a-huis-clos-aucune-course-jusquau-1er-juin\/","title":{"rendered":"Le Tour de France n&rsquo;aura pas lieu \u00e0 huis clos, aucune course jusqu&rsquo;au 1er juin"},"content":{"rendered":"\n<p>Christian Prudhomme, le directeur du Tour de France, a assur\u00e9 mercredi que l&rsquo;\u00e9preuve, dont le d\u00e9part doit \u00eatre donn\u00e9 le 27 juin \u00e0 Nice, n&rsquo;aurait pas lieu \u00e0 huis clos. Ce m\u00eame jour, l&rsquo;Union cycliste internationale et les diff\u00e9rentes familles du cyclisme (organisateurs, coureurs etc&#8230;) ont d\u00e9cid\u00e9 de prolonger la suspension de toute course jusqu&rsquo;au 1er juin.<\/p>\n\n\n\n<p>L&rsquo;Union cycliste internationale et les diff\u00e9rentes familles du cyclisme &#8211; le CPA (Cyclistes professionnels associ\u00e9s), l&rsquo;AIGCP (Association internationale des groupes cyclistes professionnels) et l&rsquo;AIOCC (Association internationale des organisateurs de courses cyclistes) &#8211; ont d\u00e9cid\u00e9 mercredi, au terme d&rsquo;une longue conf\u00e9rence t\u00e9l\u00e9phonique, de prolonger la suspension de toute course jusqu&rsquo;au 1er juin. Dans le contexte de la pand\u00e9mie de coronavirus, les diff\u00e9rentes instances se sont \u00e9galement mises d&rsquo;accord pour repousser la date de la fin de la saison, pour l&rsquo;instant pr\u00e9vue au 15 octobre, sans pour autant arr\u00eater une nouvelle date butoir.<\/p>\n\n\n\n<h3 class=\"wp-block-heading\">Le Tour de France pour l&rsquo;instant maintenu du 27 juin au 19 juillet<\/h3>\n\n\n\n<p>En cons\u00e9quence, le Crit\u00e9rium du Dauphin\u00e9, initialement pr\u00e9vu du 31 mai au 7 juin, n&rsquo;aura pas lieu \u00e0 ces dates-l\u00e0. La course pourrait se disputer \u00e0 une date ult\u00e9rieure et sur un format r\u00e9duit. Le Tour d&rsquo;Italie, pr\u00e9vu en mai, avait d\u00e9j\u00e0 \u00e9t\u00e9 report\u00e9. Le Tour de France est quant \u00e0 lui pour l&rsquo;instant maintenu \u00e0 ses dates initiales, du 27 juin au 19 juillet.\u00a0<em>\u00ab Je mentirais si je disais qu&rsquo;on ne travaille pas sur une autre hypoth\u00e8se,<\/em>\u00a0explique Christian Prudhomme, le directeur du Tour et du cyclisme chez ASO (Amaury Sport Organisation).\u00a0<em>Et il faudra que les coureurs puissent reprendre l&rsquo;entra\u00eenement \u00e0 la fin du mois d&rsquo;avril pour que le Tour de France reste sur ses dates. Mais le plus important et de tr\u00e8s loin, c&rsquo;est la lutte contre la pand\u00e9mie. Nous nous adapterons en fonction de la situation sanitaire du pays. \u00bb\u00a0<\/em>Une certitude en revanche,\u00a0<em>\u00ab le Tour de France n&rsquo;aura pas lieu \u00e0 huis clos \u00bb<\/em>, a par ailleurs\u00a0<a rel=\"noreferrer noopener\" href=\"https:\/\/www.lamontagne.fr\/clermont-ferrand-63000\/sports\/prudhomme-pas-de-tour-de-france-a-huis-clos_13772652\/\" target=\"_blank\">assur\u00e9 Prudhomme \u00e0 La Montagne<\/a>. <\/p>\n\n\n\n<p><\/p>\n","protected":false},"excerpt":{"rendered":"<p>Christian Prudhomme, le directeur du Tour de France, a assur\u00e9 mercredi que l&rsquo;\u00e9preuve, dont le d\u00e9part doit \u00eatre donn\u00e9 le 27 juin \u00e0 Nice, n&rsquo;aurait pas lieu \u00e0 huis clos. Ce m\u00eame jour, l&rsquo;Union cycliste internationale et les diff\u00e9rentes familles du cyclisme (organisateurs, coureurs etc&#8230;) ont d\u00e9cid\u00e9 de prolonger la suspension de toute course jusqu&rsquo;au [&hellip;]<\/p>\n","protected":false},"author":2,"featured_media":15096,"comment_status":"open","ping_status":"open","sticky":false,"template":"","format":"standard","meta":{"_jetpack_memberships_contains_paid_content":false,"footnotes":"","jetpack_publicize_message":"","jetpack_publicize_feature_enabled":true,"jetpack_social_post_already_shared":true,"jetpack_social_options":{"image_generator_settings":{"template":"highway","default_image_id":0,"font":"","enabled":false},"version":2},"_wpas_customize_per_network":false},"categories":[18],"tags":[],"class_list":["post-15154","post","type-post","status-publish","format-standard","has-post-thumbnail","hentry","category-actu-sport"],"jetpack_publicize_connections":[],"jetpack_featured_media_url":"https:\/\/i0.wp.com\/www.iceagetv.com\/radiosite\/wp-content\/uploads\/2020\/03\/La-p%C3%A9riode-de-confinement-est-prolong%C3%A9e-jusquau-mercredi-15-avril-et-elle-pourra-%C3%AAtre-encore-prolong%C3%A9e.jpg?fit=864%2C363&ssl=1","jetpack_sharing_enabled":true,"_links":{"self":[{"href":"https:\/\/www.iceagetv.com\/radiosite\/wp-json\/wp\/v2\/posts\/15154","targetHints":{"allow":["GET"]}}],"collection":[{"href":"https:\/\/www.iceagetv.com\/radiosite\/wp-json\/wp\/v2\/posts"}],"about":[{"href":"https:\/\/www.iceagetv.com\/radiosite\/wp-json\/wp\/v2\/types\/post"}],"author":[{"embeddable":true,"href":"https:\/\/www.iceagetv.com\/radiosite\/wp-json\/wp\/v2\/users\/2"}],"replies":[{"embeddable":true,"href":"https:\/\/www.iceagetv.com\/radiosite\/wp-json\/wp\/v2\/comments?post=15154"}],"version-history":[{"count":1,"href":"https:\/\/www.iceagetv.com\/radiosite\/wp-json\/wp\/v2\/posts\/15154\/revisions"}],"predecessor-version":[{"id":15156,"href":"https:\/\/www.iceagetv.com\/radiosite\/wp-json\/wp\/v2\/posts\/15154\/revisions\/15156"}],"wp:featuredmedia":[{"embeddable":true,"href":"https:\/\/www.iceagetv.com\/radiosite\/wp-json\/wp\/v2\/media\/15096"}],"wp:attachment":[{"href":"https:\/\/www.iceagetv.com\/radiosite\/wp-json\/wp\/v2\/media?parent=15154"}],"wp:term":[{"taxonomy":"category","embeddable":true,"href":"https:\/\/www.iceagetv.com\/radiosite\/wp-json\/wp\/v2\/categories?post=15154"},{"taxonomy":"post_tag","embeddable":true,"href":"https:\/\/www.iceagetv.com\/radiosite\/wp-json\/wp\/v2\/tags?post=15154"}],"curies":[{"name":"wp","href":"https:\/\/api.w.org\/{rel}","templated":true}]}}