{"id":15157,"date":"2020-04-02T07:52:35","date_gmt":"2020-04-02T07:52:35","guid":{"rendered":"http:\/\/www.iceagetv.com\/radiosite\/?p=15157"},"modified":"2020-04-02T07:52:35","modified_gmt":"2020-04-02T07:52:35","slug":"coronavirus-les-americains-surencherissent-pour-acheter-des-masques-commandes-par-la-france","status":"publish","type":"post","link":"https:\/\/www.iceagetv.com\/radiosite\/coronavirus-les-americains-surencherissent-pour-acheter-des-masques-commandes-par-la-france\/","title":{"rendered":"Coronavirus : Les Am\u00e9ricains surench\u00e9rissent pour acheter des masques command\u00e9s par la France"},"content":{"rendered":"\n<p>En cash et trois ou quatre fois le prix initial.&nbsp;<a href=\"https:\/\/www.20minutes.fr\/sante\/2742231-20200317-coronavirus-colere-medecins-liberaux-face-penurie-masques\">Des masques<\/a>&nbsp;command\u00e9s par la France sont rachet\u00e9s par les Am\u00e9ricains sur le tarmac des a\u00e9roports chinois. \u00ab&nbsp;C\u2019est compliqu\u00e9, on se bat 24 heures sur 24&nbsp;\u00bb pour que&nbsp;<a href=\"https:\/\/www.20minutes.fr\/societe\/2750491-20200329-coronavirus-55-millions-masques-attendus-dimanche-roissy-provenance-chine\">les masques soient livr\u00e9s<\/a>, a d\u00e9clar\u00e9 \u00e0 ce sujet Jean Rottner, le pr\u00e9sident de la r\u00e9gion Grand Est au micro de&nbsp;<a href=\"https:\/\/www.rtl.fr\/actu\/debats-societe\/masques-detournes-les-americains-sortent-le-cash-il-faut-se-battre-dit-jean-rottner-sur-rtl-7800346680\" target=\"_blank\" rel=\"noreferrer noopener\">RTL<\/a>.<\/p>\n\n\n\n<p>\u00ab&nbsp;Moi, j\u2019ai une petite cellule au niveau de la r\u00e9gion qui travaille d\u2019arrache-pied pour, avec les commanditaires, pouvoir gagner ces march\u00e9s. Et effectivement, sur le tarmac, les Am\u00e9ricains sortent le cash et payent trois ou quatre fois les commandes que nous avons faites, donc il faut vraiment se battre. Et moi, j\u2019ai \u00e9t\u00e9 tr\u00e8s heureux de voir arriver cet avion chez nous hier soir&nbsp;\u00bb, a-t-il ajout\u00e9.<\/p>\n\n\n\n<h2 class=\"wp-block-heading\">\u00ab&nbsp;Un parcours du combattant incroyable&nbsp;\u00bb<\/h2>\n\n\n\n<p>Le pr\u00e9sident de la r\u00e9gion Paca Renaud Muselier a \u00e9galement entendu parler d\u2019une telle pratique de la part d\u2019acheteurs am\u00e9ricains. Lors d\u2019une r\u00e9union entre les pr\u00e9sidents de r\u00e9gions, \u00ab\u00a0un pr\u00e9sident de r\u00e9gion nous a expliqu\u00e9 que sa commande de masques lui avait \u00e9t\u00e9 piqu\u00e9e sur l\u2019a\u00e9roport m\u00eame, par les Am\u00e9ricains, qui ont pay\u00e9 trois fois le prix, en liquide. Mais je ne vous donnerai ni le nom de la r\u00e9gion ni le nombre de masques command\u00e9s\u00a0\u00bb, a rapport\u00e9 \u00e0 l\u2019AFP l\u2019\u00e9lu.<\/p>\n\n\n\n<p>Pour r\u00e9cup\u00e9rer une commande de quatre millions de masques, pr\u00eate depuis samedi, la r\u00e9gion Paca a ainsi \u00ab&nbsp;finalement d\u00e9cid\u00e9 de passer par le biais de Ceva, la filiale logistique de la CMA-CGM&nbsp;\u00bb, une compagnie maritime d\u2019affr\u00e8tement fran\u00e7aise bas\u00e9s \u00e0 Marseille, a pr\u00e9cis\u00e9 Renaud Muselier. \u00ab&nbsp;Au moins, je suis s\u00fbr que personne ne va me les acheter sur le tarmac. Normalement, ils sont sur la route vers l\u2019a\u00e9roport. Mais je reste d\u2019une prudence de Sioux, c\u2019est un parcours du combattant incroyable&nbsp;\u00bb d\u2019un point de vue logistique, a-t-il poursuivi.<\/p>\n\n\n\n<h2 class=\"wp-block-heading\">Une \u00ab&nbsp;ind\u00e9pendance pleine et enti\u00e8re&nbsp;\u00bb pour les masques promise par Macron<\/h2>\n\n\n\n<p>Deux millions de masques chirurgicaux command\u00e9s par la r\u00e9gion Grand Est \u00e0 la Chine ont \u00e9t\u00e9 livr\u00e9s dans la nuit de mardi \u00e0 mercredi \u00e0 l\u2019a\u00e9roport de B\u00e2le-Mulhouse.\u00a0Jean Rottner, lui-m\u00eame m\u00e9decin urgentiste, a command\u00e9 au total cinq millions de masques, financ\u00e9s par le budget de la r\u00e9gion.\u00a0Le Grand Est a \u00e9t\u00e9 la premi\u00e8re r\u00e9gion \u00e0 recevoir sa propre commande de masques pass\u00e9e en compl\u00e9ment des commandes nationales.<\/p>\n\n\n\n<p>Emmanuel Macron, critiqu\u00e9 pour le manque de masques auquel doit faire face la France, a notamment promis mardi \u00ab&nbsp;l\u2019ind\u00e9pendance pleine et enti\u00e8re&nbsp;\u00bb d\u2019ici \u00e0 la fin de l\u2019ann\u00e9e pour la production de masques,&nbsp;<a href=\"https:\/\/www.20minutes.fr\/politique\/2751815-20200331-coronavirus-fabrication-respirateurs-masques-dotation-sante-publique-france-point-annonces-emmanuel-macron\">lors d&rsquo;une visite dans une usine de fabrication en Anjou<\/a>.<\/p>\n\n\n\n<p>Les Etats-Unis, qui ont tard\u00e9 \u00e0 prendre des mesures pour enrayer la propagation du coronavirus sur leur territoire, sont \u00e9galement \u00e0 la recherche de masques.<\/p>\n\n\n\n<p><\/p>\n\n\n\n<p><\/p>\n","protected":false},"excerpt":{"rendered":"<p>En cash et trois ou quatre fois le prix initial.&nbsp;Des masques&nbsp;command\u00e9s par la France sont rachet\u00e9s par les Am\u00e9ricains sur le tarmac des a\u00e9roports chinois. \u00ab&nbsp;C\u2019est compliqu\u00e9, on se bat 24 heures sur 24&nbsp;\u00bb pour que&nbsp;les masques soient livr\u00e9s, a d\u00e9clar\u00e9 \u00e0 ce sujet Jean Rottner, le pr\u00e9sident de la r\u00e9gion Grand Est au micro [&hellip;]<\/p>\n","protected":false},"author":2,"featured_media":15158,"comment_status":"open","ping_status":"open","sticky":false,"template":"","format":"standard","meta":{"_jetpack_memberships_contains_paid_content":false,"footnotes":"","jetpack_publicize_message":"","jetpack_publicize_feature_enabled":true,"jetpack_social_post_already_shared":true,"jetpack_social_options":{"image_generator_settings":{"template":"highway","default_image_id":0,"font":"","enabled":false},"version":2},"_wpas_customize_per_network":false},"categories":[405],"tags":[],"class_list":["post-15157","post","type-post","status-publish","format-standard","has-post-thumbnail","hentry","category-actu-france-monde"],"jetpack_publicize_connections":[],"jetpack_featured_media_url":"https:\/\/i0.wp.com\/www.iceagetv.com\/radiosite\/wp-content\/uploads\/2020\/04\/Les-Am%C3%A9ricains-surench%C3%A9rissent-pour-acheter-des-masques-command%C3%A9s-par-la-France.jpg?fit=615%2C407&ssl=1","jetpack_sharing_enabled":true,"_links":{"self":[{"href":"https:\/\/www.iceagetv.com\/radiosite\/wp-json\/wp\/v2\/posts\/15157","targetHints":{"allow":["GET"]}}],"collection":[{"href":"https:\/\/www.iceagetv.com\/radiosite\/wp-json\/wp\/v2\/posts"}],"about":[{"href":"https:\/\/www.iceagetv.com\/radiosite\/wp-json\/wp\/v2\/types\/post"}],"author":[{"embeddable":true,"href":"https:\/\/www.iceagetv.com\/radiosite\/wp-json\/wp\/v2\/users\/2"}],"replies":[{"embeddable":true,"href":"https:\/\/www.iceagetv.com\/radiosite\/wp-json\/wp\/v2\/comments?post=15157"}],"version-history":[{"count":1,"href":"https:\/\/www.iceagetv.com\/radiosite\/wp-json\/wp\/v2\/posts\/15157\/revisions"}],"predecessor-version":[{"id":15159,"href":"https:\/\/www.iceagetv.com\/radiosite\/wp-json\/wp\/v2\/posts\/15157\/revisions\/15159"}],"wp:featuredmedia":[{"embeddable":true,"href":"https:\/\/www.iceagetv.com\/radiosite\/wp-json\/wp\/v2\/media\/15158"}],"wp:attachment":[{"href":"https:\/\/www.iceagetv.com\/radiosite\/wp-json\/wp\/v2\/media?parent=15157"}],"wp:term":[{"taxonomy":"category","embeddable":true,"href":"https:\/\/www.iceagetv.com\/radiosite\/wp-json\/wp\/v2\/categories?post=15157"},{"taxonomy":"post_tag","embeddable":true,"href":"https:\/\/www.iceagetv.com\/radiosite\/wp-json\/wp\/v2\/tags?post=15157"}],"curies":[{"name":"wp","href":"https:\/\/api.w.org\/{rel}","templated":true}]}}