{"id":15160,"date":"2020-04-02T18:36:27","date_gmt":"2020-04-02T18:36:27","guid":{"rendered":"http:\/\/www.iceagetv.com\/radiosite\/?p=15160"},"modified":"2020-04-02T18:36:27","modified_gmt":"2020-04-02T18:36:27","slug":"coronavirus-il-y-a-eu-au-moins-884-deces-dans-les-ehpad-en-france-depuis-le-debut-de-lepidemie-annonce-le-directeur-general-de-la-sante","status":"publish","type":"post","link":"https:\/\/www.iceagetv.com\/radiosite\/coronavirus-il-y-a-eu-au-moins-884-deces-dans-les-ehpad-en-france-depuis-le-debut-de-lepidemie-annonce-le-directeur-general-de-la-sante\/","title":{"rendered":"Coronavirus : il y a eu au moins 884 d\u00e9c\u00e8s dans les Ehpad en France depuis le d\u00e9but de l&rsquo;\u00e9pid\u00e9mie, annonce le directeur g\u00e9n\u00e9ral de la sant\u00e9"},"content":{"rendered":"\n<p> Le bilan est lourd. Au moins 884\u00a0pensionnaires\u00a0d&rsquo;Ehpad sont morts du\u00a0<a rel=\"noreferrer noopener\" href=\"https:\/\/www.francetvinfo.fr\/sante\/maladie\/coronavirus\/coronavirus-nous-sommes-au-bout-de-nos-capacites-dhospitalisation-annonce-le-directeur-de-l-ars-d-ile-de-france_3894183.html\" target=\"_blank\">coronavirus<\/a>\u00a0depuis le d\u00e9but de l&rsquo;\u00e9pid\u00e9mie en France. Le chiffre a \u00e9t\u00e9 rendu public par\u00a0J\u00e9r\u00f4me Salomon, jeudi 2 avril, dans son point quotidien. Il s&rsquo;ajoute au nombre de d\u00e9c\u00e8s dans les h\u00f4pitaux. <\/p>\n\n\n\n<p>C&rsquo;est la premi\u00e8re fois que&nbsp;le&nbsp;directeur g\u00e9n\u00e9ral de la sant\u00e9 pr\u00e9cise le nombre de victimes du Covid-19 dans les \u00e9tablissements pour personnes \u00e2g\u00e9es.&nbsp;Jusqu&rsquo;\u00e0 pr\u00e9sent, seul le nombre de morts \u00e0 l&rsquo;h\u00f4pital \u00e9tait donn\u00e9. Ce qui faisait dire \u00e0 certains soignants que le bilan \u00e9tait sous-estim\u00e9.&nbsp;<em>\u00ab\u00a0On sait que les d\u00e9c\u00e8s survenus \u00e0 l\u2019h\u00f4pital repr\u00e9sentent probablement une faible part de la mortalit\u00e9\u00a0\u00bb<\/em>, reconnaissait d&rsquo;ailleurs J\u00e9r\u00f4me Salomon, il y a encore quelques jours.&nbsp;<\/p>\n\n\n\n<h2 class=\"wp-block-heading\">Un dispositif de comptage&nbsp;des d\u00e9c\u00e8s en Ehpad&nbsp;<\/h2>\n\n\n\n<p>Pour obtenir ce chiffre, un&nbsp;<a href=\"https:\/\/www.francetvinfo.fr\/sante\/maladie\/coronavirus\/covid-19-en-quoi-consiste-la-nouvelle-methode-de-comptage-du-nombre-de-cas_3890249.html\" target=\"_blank\" rel=\"noreferrer noopener\">dispositif de comptage<\/a>&nbsp;des d\u00e9c\u00e8s en Ehpad et&nbsp;dans les \u00e9tablissements m\u00e9dicosociaux a&nbsp;donc \u00e9t\u00e9 test\u00e9 ce week-end. Il&nbsp;permet une meilleure gestion en comptabilisant les d\u00e9c\u00e8s&nbsp;<em>\u00ab\u00a0d\u00e8s lors qu\u2019un Ehpad ou un autre \u00e9tablissement m\u00e9dicosocial a signal\u00e9 au moins un cas suspect\u00e9 d\u2019\u00eatre infect\u00e9 par le Sars-CoV-2 survenu dans l\u2019\u00e9tablissement\u00a0\u00bb,&nbsp;<\/em>peut-on lire sur le site du gouvernement. Cette application permet d&rsquo;avoir des estimations quotidiennes sur les deux principaux lieux de survenue des d\u00e9c\u00e8s li\u00e9s au Covid-19 : les h\u00f4pitaux et les \u00e9tablissements de sant\u00e9,&nbsp;<em>\u00ab\u00a0ceux survenant \u00e0 domicile ou dans d\u2019autres institutions repr\u00e9sentant a priori une faible part de la mortalit\u00e9 li\u00e9e au Covid-19\u00a0\u00bb<\/em>. Ces chiffres sont&nbsp;d\u00e9clin\u00e9s au niveau r\u00e9gional et d\u00e9partemental.<\/p>\n\n\n\n<p>De son c\u00f4t\u00e9, Sant\u00e9 publique France acc\u00e9l\u00e8re&nbsp;\u00e9galement sa&nbsp;surveillance de la mortalit\u00e9 toutes causes confondues gr\u00e2ce aux chiffres de l&rsquo;Insee. Cela permet notamment, en comparaison avec les donn\u00e9es historiques, de d\u00e9tecter&nbsp;<em>\u00ab\u00a0un exc\u00e8s de mortalit\u00e9 et, le cas \u00e9ch\u00e9ant, d\u2019en estimer l\u2019ampleur\u00a0\u00bb.<\/em>&nbsp;Il faut environ une semaine pour consolider ces informations. Cela permettra, sur le long terme, d&rsquo;estimer l\u2019exc\u00e8s de mortalit\u00e9 induit par le Sars-CoV-2 et ce, quel que soit le lieu du d\u00e9c\u00e8s.<\/p>\n\n\n\n<p><\/p>\n","protected":false},"excerpt":{"rendered":"<p>Le bilan est lourd. Au moins 884\u00a0pensionnaires\u00a0d&rsquo;Ehpad sont morts du\u00a0coronavirus\u00a0depuis le d\u00e9but de l&rsquo;\u00e9pid\u00e9mie en France. Le chiffre a \u00e9t\u00e9 rendu public par\u00a0J\u00e9r\u00f4me Salomon, jeudi 2 avril, dans son point quotidien. Il s&rsquo;ajoute au nombre de d\u00e9c\u00e8s dans les h\u00f4pitaux. C&rsquo;est la premi\u00e8re fois que&nbsp;le&nbsp;directeur g\u00e9n\u00e9ral de la sant\u00e9 pr\u00e9cise le nombre de victimes du [&hellip;]<\/p>\n","protected":false},"author":2,"featured_media":15161,"comment_status":"open","ping_status":"open","sticky":false,"template":"","format":"standard","meta":{"_jetpack_memberships_contains_paid_content":false,"footnotes":"","jetpack_publicize_message":"","jetpack_publicize_feature_enabled":true,"jetpack_social_post_already_shared":true,"jetpack_social_options":{"image_generator_settings":{"template":"highway","default_image_id":0,"font":"","enabled":false},"version":2},"_wpas_customize_per_network":false},"categories":[405],"tags":[],"class_list":["post-15160","post","type-post","status-publish","format-standard","has-post-thumbnail","hentry","category-actu-france-monde"],"jetpack_publicize_connections":[],"jetpack_featured_media_url":"https:\/\/i0.wp.com\/www.iceagetv.com\/radiosite\/wp-content\/uploads\/2020\/04\/il-y-a-eu-au-moins-884-d%C3%A9c%C3%A8s-dans-les-Ehpad-en-France-depuis-le-d%C3%A9but-de-l%C3%A9pid%C3%A9mie-annonce-le-directeur-g%C3%A9n%C3%A9ral-de-la-sant%C3%A9.jpg?fit=1023%2C384&ssl=1","jetpack_sharing_enabled":true,"_links":{"self":[{"href":"https:\/\/www.iceagetv.com\/radiosite\/wp-json\/wp\/v2\/posts\/15160","targetHints":{"allow":["GET"]}}],"collection":[{"href":"https:\/\/www.iceagetv.com\/radiosite\/wp-json\/wp\/v2\/posts"}],"about":[{"href":"https:\/\/www.iceagetv.com\/radiosite\/wp-json\/wp\/v2\/types\/post"}],"author":[{"embeddable":true,"href":"https:\/\/www.iceagetv.com\/radiosite\/wp-json\/wp\/v2\/users\/2"}],"replies":[{"embeddable":true,"href":"https:\/\/www.iceagetv.com\/radiosite\/wp-json\/wp\/v2\/comments?post=15160"}],"version-history":[{"count":1,"href":"https:\/\/www.iceagetv.com\/radiosite\/wp-json\/wp\/v2\/posts\/15160\/revisions"}],"predecessor-version":[{"id":15162,"href":"https:\/\/www.iceagetv.com\/radiosite\/wp-json\/wp\/v2\/posts\/15160\/revisions\/15162"}],"wp:featuredmedia":[{"embeddable":true,"href":"https:\/\/www.iceagetv.com\/radiosite\/wp-json\/wp\/v2\/media\/15161"}],"wp:attachment":[{"href":"https:\/\/www.iceagetv.com\/radiosite\/wp-json\/wp\/v2\/media?parent=15160"}],"wp:term":[{"taxonomy":"category","embeddable":true,"href":"https:\/\/www.iceagetv.com\/radiosite\/wp-json\/wp\/v2\/categories?post=15160"},{"taxonomy":"post_tag","embeddable":true,"href":"https:\/\/www.iceagetv.com\/radiosite\/wp-json\/wp\/v2\/tags?post=15160"}],"curies":[{"name":"wp","href":"https:\/\/api.w.org\/{rel}","templated":true}]}}