{"id":15166,"date":"2020-04-03T07:35:41","date_gmt":"2020-04-03T07:35:41","guid":{"rendered":"http:\/\/www.iceagetv.com\/radiosite\/?p=15166"},"modified":"2020-04-03T07:35:41","modified_gmt":"2020-04-03T07:35:41","slug":"coronavirus-en-france-confinement-strict-et-controles-renforces-pour-le-debut-des-vacances-de-paques","status":"publish","type":"post","link":"https:\/\/www.iceagetv.com\/radiosite\/coronavirus-en-france-confinement-strict-et-controles-renforces-pour-le-debut-des-vacances-de-paques\/","title":{"rendered":"Coronavirus : en France, confinement strict et contr\u00f4les renforc\u00e9s pour le d\u00e9but des vacances de P\u00e2ques"},"content":{"rendered":"\n<p> Le syst\u00e8me de sant\u00e9 va\u00a0<em>\u00ab\u00a0tenir\u00a0\u00bb<\/em>\u00a0face au coronavirus qui a tu\u00e9 plus de 4\u00a0500\u00a0personnes en France et menace de saturer les h\u00f4pitaux, a affirm\u00e9 le premier ministre, Edouard Philippe, qui a averti que le confinement en vigueur depuis le 17\u00a0mars sera probablement prolong\u00e9 au-del\u00e0 du 15\u00a0avril.\u00a0<em>\u00ab\u00a0L\u2019essentiel est que le syst\u00e8me tienne\u00a0\u00bb<\/em>\u00a0et il\u00a0<em>\u00ab\u00a0va tenir mais il faut rester concentr\u00e9s, mobilis\u00e9s et vigilants\u00a0\u00bb<\/em>, a affirm\u00e9 le chef du gouvernement interrog\u00e9, jeudi 2\u00a0avril, lors d\u2019une \u00e9mission sp\u00e9ciale sur TF1 et LCI.  Depuis le 1<sup>er\u00a0<\/sup>mars, Covid-19 a tu\u00e9 4\u00a0503\u00a0personnes dans les h\u00f4pitaux, dont 471 entre mercredi et jeudi. Au moins 884\u00a0personnes \u00e2g\u00e9es sont aussi d\u00e9c\u00e9d\u00e9es dans les maisons de retraite depuis le d\u00e9but de l\u2019\u00e9pid\u00e9mie, selon un premier bilan officiel, quoique partiel, annonc\u00e9 jeudi. Par ailleurs, pr\u00e8s de 6\u00a0400\u00a0personnes n\u00e9cessitent des soins lourds en r\u00e9animation, soit 382 de plus en un jour. <\/p>\n\n\n\n<ul class=\"wp-block-list\"><li>Les \u00e9vacuations se poursuivent pour \u00e9viter la saturation des h\u00f4pitaux<\/li><\/ul>\n\n\n\n<p>Face au danger de la saturation des h\u00f4pitaux, notamment dans le Grand-Est et en Ile-de-France, les \u00e9vacuations se poursuivent vers les h\u00f4pitaux de r\u00e9gions moins touch\u00e9es. Au total, selon la direction g\u00e9n\u00e9rale de la sant\u00e9, 439&nbsp;patients dans un \u00e9tat critique ont ainsi \u00e9t\u00e9 \u00e9vacu\u00e9s depuis le 18&nbsp;mars et d\u2019autres op\u00e9rations vont suivre dans les jours qui viennent.<\/p>\n\n\n\n<p>Pour faire face \u00e0 la vague, Edouard Philipe a annonc\u00e9 l\u2019ouverture&nbsp;<em>\u00ab&nbsp;d\u2019un plateau ultramoderne&nbsp;\u00bb<\/em>&nbsp;\u00e0 l\u2019h\u00f4pital Henri-Mondor de Cr\u00e9teil (Val-de-Marne)&nbsp;<em>\u00ab&nbsp;courant avril&nbsp;\u00bb<\/em>, permettant d\u2019accueillir&nbsp;<em>\u00ab&nbsp;86&nbsp;patients suppl\u00e9mentaires&nbsp;\u00bb<\/em>. Autre secteur satur\u00e9, les pompes fun\u00e8bres. La pr\u00e9fecture de police de Paris a annonc\u00e9 qu\u2019un b\u00e2timent du march\u00e9 de gros de Rungis allait \u00eatre transform\u00e9 en fun\u00e9rarium&nbsp;<em>\u00ab&nbsp;de grande capacit\u00e9&nbsp;\u00bb<\/em>&nbsp;pour accueillir les cercueils de victimes.<\/p>\n\n\n\n<p>Pour soutenir les h\u00f4pitaux, les dons affluent. Ainsi, la F\u00e9d\u00e9ration fran\u00e7aise de football, les Bleus et le staff de Didier Deschamps vont remettre plusieurs centaines de milliers d\u2019euros \u00e0 la Fondation AP-HP, notamment pour le personnel soignant en premi\u00e8re ligne face au coronavirus, a appris l\u2019Agence France-Presse (AFP), confirmant une information du\u00a0<em><a href=\"http:\/\/www.leparisien.fr\/sports\/football\/coronavirus-la-federation-et-les-bleus-vont-faire-un-gros-don-des-soignants-02-04-2020-8293209.php\">Parisien<\/a><\/em>.<\/p>\n\n\n\n<ul class=\"wp-block-list\"><li>Pour les vacances, d\u00e9parts interdits et contr\u00f4les renforc\u00e9s<\/li><\/ul>\n\n\n\n<p>Les vacances de P\u00e2ques commencent officiellement vendredi pour la Zone&nbsp;C (Ile-de-France et Occitanie). Mais&nbsp;<em>\u00ab&nbsp;il ne doit pas y avoir de d\u00e9parts en vacances dans les jours qui viennent. Tous ceux qui seront en contravention se verront sanctionner&nbsp;\u00bb<\/em>, a affirm\u00e9 le chef du gouvernement. Pour s\u2019assurer que les Fran\u00e7ais concern\u00e9s ne partent pas, le ministre de l\u2019int\u00e9rieur, Christophe Castaner, a renforc\u00e9 les contr\u00f4les sur les grands axes routiers, mais aussi dans les a\u00e9roports et les gares o\u00f9&nbsp;<em>\u00ab&nbsp;l\u2019offre ferroviaire est r\u00e9duite \u00e0 6&nbsp;% de sa capacit\u00e9&nbsp;\u00bb<\/em>.<\/p>\n\n\n\n<p>Le pr\u00e9fet de police de Paris a annonc\u00e9 vouloir faire respecter le confinement\u00a0<em>\u00ab\u00a0avec la plus grande fermet\u00e9\u00a0\u00bb<\/em>\u00a0avec la mise en place de contr\u00f4les renforc\u00e9s, d\u00e8s vendredi.<\/p>\n\n\n\n<p>Pour autant, il faut&nbsp;<em>\u00ab&nbsp;un temps de pause&nbsp;\u00bb,<\/em>&nbsp;recommande le ministre de l\u2019\u00e9ducation, Jean-Michel Blanquer, pour qui il s\u2019agit de&nbsp;<em>\u00ab&nbsp;respecter le temps de repos que repr\u00e9sentent les vacances&nbsp;\u00bb<\/em>. Au-del\u00e0,&nbsp;<em>\u00ab&nbsp;le bac 2020 ne se d\u00e9roulera pas dans les conditions normales&nbsp;\u00bb<\/em>, a averti le premier ministre qui semble privil\u00e9gier&nbsp;<em>\u00ab&nbsp;la piste du contr\u00f4le continu&nbsp;\u00bb<\/em>.<\/p>\n\n\n\n<ul class=\"wp-block-list\"><li>Confinement prolong\u00e9 en Nouvelle-Cal\u00e9donie<\/li><\/ul>\n\n\n\n<p>Le confinement strict de la population en Nouvelle-Cal\u00e9donie, entr\u00e9 en vigueur le 24&nbsp;mars pour quatorze&nbsp;jours, a \u00e9t\u00e9 prolong\u00e9 jusqu\u2019au 13&nbsp;avril, a annonc\u00e9 le gouvernement local. La d\u00e9cision a \u00e9t\u00e9 prise \u00e0 l\u2019issue d\u2019une concertation entre les autorit\u00e9s politiques et coutumi\u00e8res kanak et&nbsp;<em>\u00ab&nbsp;pourra \u00eatre revue selon l\u2019\u00e9volution de la situation \u00e9pid\u00e9mique&nbsp;\u00bb<\/em>, pr\u00e9cise un communiqu\u00e9 de l\u2019ex\u00e9cutif.<\/p>\n\n\n\n<p>Dix-huit cas de Covid-19, dont quinze&nbsp;import\u00e9s par des personnes revenant de d\u00e9placements hors de Nouvelle-Cal\u00e9donie, ont \u00e9t\u00e9 comptabilis\u00e9s dans cet archipel fran\u00e7ais du Pacifique sud de 270&nbsp;000&nbsp;habitants. Un patient est en r\u00e9animation&nbsp;<em>\u00ab&nbsp;dans un \u00e9tat stable&nbsp;\u00bb<\/em>.<\/p>\n\n\n\n<ul class=\"wp-block-list\"><li>Trois sommets report\u00e9s<\/li><\/ul>\n\n\n\n<p>La France a d\u00e9cid\u00e9 de reporter trois sommets internationaux qui devaient se tenir sur son sol en juin et juillet. Pour remplacer le sommet Afrique-France de Bordeaux, initialement pr\u00e9vu le 4&nbsp;juin,&nbsp;<em>\u00ab&nbsp;en lien avec nos partenaires africains, le pr\u00e9sident de la R\u00e9publique proposera dans les jours qui viennent \u00e0 ses homologues une initiative consacr\u00e9e \u00e0 la r\u00e9ponse sanitaire et \u00e9conomique au Covid-19 \u00e0 l\u2019\u00e9chelle du continent&nbsp;\u00bb<\/em>, annonce la pr\u00e9sidence fran\u00e7aise sans autre d\u00e9tail.<\/p>\n\n\n\n<p>Le congr\u00e8s de l\u2019Union internationale pour la conservation de la nature (UICN), qui \u00e9tait attendu \u00e0 Marseille du 11 au 15&nbsp;juin, sera report\u00e9 au premier trimestre 2021&nbsp;; tout comme le Forum G\u00e9n\u00e9ration \u00e9galit\u00e9 de Paris.<\/p>\n\n\n\n<p><\/p>\n\n\n\n<p><\/p>\n\n\n\n<p><\/p>\n","protected":false},"excerpt":{"rendered":"<p>Le syst\u00e8me de sant\u00e9 va\u00a0\u00ab\u00a0tenir\u00a0\u00bb\u00a0face au coronavirus qui a tu\u00e9 plus de 4\u00a0500\u00a0personnes en France et menace de saturer les h\u00f4pitaux, a affirm\u00e9 le premier ministre, Edouard Philippe, qui a averti que le confinement en vigueur depuis le 17\u00a0mars sera probablement prolong\u00e9 au-del\u00e0 du 15\u00a0avril.\u00a0\u00ab\u00a0L\u2019essentiel est que le syst\u00e8me tienne\u00a0\u00bb\u00a0et il\u00a0\u00ab\u00a0va tenir mais il faut [&hellip;]<\/p>\n","protected":false},"author":2,"featured_media":15167,"comment_status":"open","ping_status":"open","sticky":false,"template":"","format":"standard","meta":{"_jetpack_memberships_contains_paid_content":false,"footnotes":"","jetpack_publicize_message":"","jetpack_publicize_feature_enabled":true,"jetpack_social_post_already_shared":true,"jetpack_social_options":{"image_generator_settings":{"template":"highway","default_image_id":0,"font":"","enabled":false},"version":2},"_wpas_customize_per_network":false},"categories":[405],"tags":[],"class_list":["post-15166","post","type-post","status-publish","format-standard","has-post-thumbnail","hentry","category-actu-france-monde"],"jetpack_publicize_connections":[],"jetpack_featured_media_url":"https:\/\/i0.wp.com\/www.iceagetv.com\/radiosite\/wp-content\/uploads\/2020\/04\/confinement-strict-et-contr%C3%B4les-renforc%C3%A9s-pour-le-d%C3%A9but-des-vacances-de-P%C3%A2ques.jpg?fit=544%2C357&ssl=1","jetpack_sharing_enabled":true,"_links":{"self":[{"href":"https:\/\/www.iceagetv.com\/radiosite\/wp-json\/wp\/v2\/posts\/15166","targetHints":{"allow":["GET"]}}],"collection":[{"href":"https:\/\/www.iceagetv.com\/radiosite\/wp-json\/wp\/v2\/posts"}],"about":[{"href":"https:\/\/www.iceagetv.com\/radiosite\/wp-json\/wp\/v2\/types\/post"}],"author":[{"embeddable":true,"href":"https:\/\/www.iceagetv.com\/radiosite\/wp-json\/wp\/v2\/users\/2"}],"replies":[{"embeddable":true,"href":"https:\/\/www.iceagetv.com\/radiosite\/wp-json\/wp\/v2\/comments?post=15166"}],"version-history":[{"count":1,"href":"https:\/\/www.iceagetv.com\/radiosite\/wp-json\/wp\/v2\/posts\/15166\/revisions"}],"predecessor-version":[{"id":15168,"href":"https:\/\/www.iceagetv.com\/radiosite\/wp-json\/wp\/v2\/posts\/15166\/revisions\/15168"}],"wp:featuredmedia":[{"embeddable":true,"href":"https:\/\/www.iceagetv.com\/radiosite\/wp-json\/wp\/v2\/media\/15167"}],"wp:attachment":[{"href":"https:\/\/www.iceagetv.com\/radiosite\/wp-json\/wp\/v2\/media?parent=15166"}],"wp:term":[{"taxonomy":"category","embeddable":true,"href":"https:\/\/www.iceagetv.com\/radiosite\/wp-json\/wp\/v2\/categories?post=15166"},{"taxonomy":"post_tag","embeddable":true,"href":"https:\/\/www.iceagetv.com\/radiosite\/wp-json\/wp\/v2\/tags?post=15166"}],"curies":[{"name":"wp","href":"https:\/\/api.w.org\/{rel}","templated":true}]}}