{"id":15169,"date":"2020-04-03T09:37:16","date_gmt":"2020-04-03T09:37:16","guid":{"rendered":"http:\/\/www.iceagetv.com\/radiosite\/?p=15169"},"modified":"2020-04-03T09:37:16","modified_gmt":"2020-04-03T09:37:16","slug":"le-baccalaureat-et-le-brevet-seront-valides-par-controle-continu-les-cours-jusquau-4-juillet-annonce-jean-michel-blanquer","status":"publish","type":"post","link":"https:\/\/www.iceagetv.com\/radiosite\/le-baccalaureat-et-le-brevet-seront-valides-par-controle-continu-les-cours-jusquau-4-juillet-annonce-jean-michel-blanquer\/","title":{"rendered":"Le baccalaur\u00e9at et le brevet seront valid\u00e9s par contr\u00f4le continu, les cours jusqu\u2019au 4 juillet \u00bb, annonce Jean-Michel Blanquer\u2026"},"content":{"rendered":"\n<ul class=\"wp-block-list\"><li>Le cap du million de personnes contamin\u00e9es a \u00e9t\u00e9 franchi, jeudi soir. L\u2019Europe est d\u00e9sormais le continent le plus touch\u00e9.<\/li><li>En France, 4.503 personnes sont mortes du\u00a0coronavirus, selon le dernier bilan des autorit\u00e9s, dont\u00a0471 au cours des derni\u00e8res 24 heures.<\/li><li>\u00ab\u00a0Au moins 884 personnes sont d\u00e9c\u00e9d\u00e9es\u00a0\u00bb dans les Ehpad, a \u00e9galement annonc\u00e9 J\u00e9r\u00f4me Salomon, jeudi soir, qui pr\u00e9cisait ce chiffre pour la premi\u00e8re fois depuis le d\u00e9but de l\u2019\u00e9pid\u00e9mie.<\/li><li>La zone C d\u00e9bute ses vacances de printemps, ce vendredi soir. Mais\u00a0il \u00ab\u00a0ne doit pas y avoir de d\u00e9part en vacances dans les prochains jours\u00a0\u00bb, a d\u00e9clar\u00e9 Edouard Philippe, indiquant que les contr\u00f4les seront renforc\u00e9s.\u00a0 <strong>Le contr\u00f4le continu prendra compte les trois trimestres de l\u2019ann\u00e9e, \u00e0 l\u2019exception des notes de la p\u00e9riode de confinement. C\u2019est la solution \u00e0 mon sens la plus juste et la plus s\u00fbre.\u00a0\u00bb<\/strong>  <strong>Les cours maintenus jusqu&rsquo;au 4 juillet aussi pour les lyc\u00e9ens<\/strong>  <strong>Le bac de fran\u00e7ais pour les Premi\u00e8re se fera en moyenne de contr\u00f4le continus, et le bac de fran\u00e7ais oral aura lieu\u00a0\u00bb<\/strong>  <strong>Le brevet se fera sur la moyenne des contr\u00f4les continus, hors p\u00e9riode de confinement. Les cours dureront jusqu&rsquo;au 4 juillet pour le coll\u00e8ge \u00bb<\/strong>  <strong>Nous avons \u00e9cart\u00e9 une solution mixte \u2013 une ou deux \u00e9preuves, et le reste en contr\u00f4le continu<\/strong>  <strong>Reconqu\u00e9rir le mois de juin et de finir le 4\u00a0juillet, en proposant des semaines de cours<\/strong>  <strong>Oui, il y a la passation d\u2019un baccalaur\u00e9at en 2020<\/strong>  <strong>Il n\u2019est pas possible que les \u00e9l\u00e8ves passent le Bac ou le brevet dans les conditions des ann\u00e9es pr\u00e9c\u00e9dentes<\/strong>  <strong>L&rsquo;un des sc\u00e9narios possible est un retour \u00e0 la normale en mai, mais ce n&rsquo;est qu&rsquo;une hypoth\u00e8se<\/strong> <\/li><\/ul>\n","protected":false},"excerpt":{"rendered":"<p>Le cap du million de personnes contamin\u00e9es a \u00e9t\u00e9 franchi, jeudi soir. L\u2019Europe est d\u00e9sormais le continent le plus touch\u00e9. En France, 4.503 personnes sont mortes du\u00a0coronavirus, selon le dernier bilan des autorit\u00e9s, dont\u00a0471 au cours des derni\u00e8res 24 heures. \u00ab\u00a0Au moins 884 personnes sont d\u00e9c\u00e9d\u00e9es\u00a0\u00bb dans les Ehpad, a \u00e9galement annonc\u00e9 J\u00e9r\u00f4me Salomon, jeudi [&hellip;]<\/p>\n","protected":false},"author":2,"featured_media":15170,"comment_status":"open","ping_status":"open","sticky":false,"template":"","format":"standard","meta":{"_jetpack_memberships_contains_paid_content":false,"footnotes":"","jetpack_publicize_message":"","jetpack_publicize_feature_enabled":true,"jetpack_social_post_already_shared":true,"jetpack_social_options":{"image_generator_settings":{"template":"highway","default_image_id":0,"font":"","enabled":false},"version":2},"_wpas_customize_per_network":false},"categories":[405],"tags":[2767,2768],"class_list":["post-15169","post","type-post","status-publish","format-standard","has-post-thumbnail","hentry","category-actu-france-monde","tag-le-baccalaureat-et-le-brevet-seront-valides-par-controle-continu","tag-les-cours-jusquau-4-juillet"],"jetpack_publicize_connections":[],"jetpack_featured_media_url":"https:\/\/i0.wp.com\/www.iceagetv.com\/radiosite\/wp-content\/uploads\/2020\/04\/Le-baccalaur%C3%A9at-et-le-brevet-seront-valid%C3%A9s-par-contr%C3%B4le-continu-les-cours-jusqu%E2%80%99au-4-juillet-%C2%BB-annonce-Jean-Michel-Blanquer%E2%80%A6.jpg?fit=628%2C411&ssl=1","jetpack_sharing_enabled":true,"_links":{"self":[{"href":"https:\/\/www.iceagetv.com\/radiosite\/wp-json\/wp\/v2\/posts\/15169","targetHints":{"allow":["GET"]}}],"collection":[{"href":"https:\/\/www.iceagetv.com\/radiosite\/wp-json\/wp\/v2\/posts"}],"about":[{"href":"https:\/\/www.iceagetv.com\/radiosite\/wp-json\/wp\/v2\/types\/post"}],"author":[{"embeddable":true,"href":"https:\/\/www.iceagetv.com\/radiosite\/wp-json\/wp\/v2\/users\/2"}],"replies":[{"embeddable":true,"href":"https:\/\/www.iceagetv.com\/radiosite\/wp-json\/wp\/v2\/comments?post=15169"}],"version-history":[{"count":1,"href":"https:\/\/www.iceagetv.com\/radiosite\/wp-json\/wp\/v2\/posts\/15169\/revisions"}],"predecessor-version":[{"id":15171,"href":"https:\/\/www.iceagetv.com\/radiosite\/wp-json\/wp\/v2\/posts\/15169\/revisions\/15171"}],"wp:featuredmedia":[{"embeddable":true,"href":"https:\/\/www.iceagetv.com\/radiosite\/wp-json\/wp\/v2\/media\/15170"}],"wp:attachment":[{"href":"https:\/\/www.iceagetv.com\/radiosite\/wp-json\/wp\/v2\/media?parent=15169"}],"wp:term":[{"taxonomy":"category","embeddable":true,"href":"https:\/\/www.iceagetv.com\/radiosite\/wp-json\/wp\/v2\/categories?post=15169"},{"taxonomy":"post_tag","embeddable":true,"href":"https:\/\/www.iceagetv.com\/radiosite\/wp-json\/wp\/v2\/tags?post=15169"}],"curies":[{"name":"wp","href":"https:\/\/api.w.org\/{rel}","templated":true}]}}