{"id":15224,"date":"2020-04-08T08:44:12","date_gmt":"2020-04-08T08:44:12","guid":{"rendered":"http:\/\/www.iceagetv.com\/radiosite\/?p=15224"},"modified":"2020-04-08T08:44:12","modified_gmt":"2020-04-08T08:44:12","slug":"coronavirus-lidee-dun-tracking-des-francais-divise-au-sein-meme-de-la-majorite","status":"publish","type":"post","link":"https:\/\/www.iceagetv.com\/radiosite\/coronavirus-lidee-dun-tracking-des-francais-divise-au-sein-meme-de-la-majorite\/","title":{"rendered":"Coronavirus: l&rsquo;id\u00e9e d&rsquo;un tracking des Fran\u00e7ais divise au sein m\u00eame de la majorit\u00e9"},"content":{"rendered":"\n<h2 class=\"wp-block-heading\">Pour de nombreux d\u00e9put\u00e9s LaREM, la mise en place de ce dispositif serait un mauvais signal pour ce qui est des libert\u00e9s individuelles dans le pays.&nbsp;<\/h2>\n\n\n\n<p>En mati\u00e8re de lutte contre le Covid-19, tous les coups sont-ils permis? Dans&nbsp;<a href=\"https:\/\/www.lemonde.fr\/planete\/article\/2020\/04\/08\/stopcovid-l-application-sur-laquelle-travaille-le-gouvernement-pour-contrer-l-epidemie_6035927_3244.html\" target=\"_blank\" rel=\"noreferrer noopener\">un entretien publi\u00e9 dans le quotidien&nbsp;<em>Le Monde<\/em><\/a>&nbsp;ce&nbsp;mercredi&nbsp;Olivier V\u00e9ran, le ministre des Solidarit\u00e9s et de&nbsp;la Sant\u00e9, et C\u00e9dric O,&nbsp;secr\u00e9taire d\u2019Etat au&nbsp;num\u00e9rique, assurent travailler sur une application pour smartphones qui informerait du contact des utilisateurs avec une personne infect\u00e9e.&nbsp;<a href=\"https:\/\/www.google.fr\/url?sa=t&amp;rct=j&amp;q=&amp;esrc=s&amp;source=web&amp;cd=2&amp;cad=rja&amp;uact=8&amp;ved=2ahUKEwjO3suypdjoAhWKBGMBHQ5ACAMQFjABegQIAxAB&amp;url=https%3A%2F%2Fwww.bfmtv.com%2Ftech%2Fstopcovid-le-gouvernement-travaille-sur-une-application-pour-limiter-la-diffusion-du-virus-1890929.html&amp;usg=AOvVaw26K0FyxcVnepXsWQqB-4qU\" target=\"_blank\" rel=\"noreferrer noopener\">Le&nbsp;projet aurait pour nom \u00ab\u00a0StopCovid.\u00a0\u00bb&nbsp;<\/a><\/p>\n\n\n\n<h3 class=\"wp-block-heading\">\u00ab\u00a0On accepte d&rsquo;avoir moins de libert\u00e9s?\u00a0\u00bb<\/h3>\n\n\n\n<p>Ce programme, qui serait utilis\u00e9 uniquement sur la base du volontariat et via le Bluetooth, pourrait \u00eatre une&nbsp;mani\u00e8re de lutter contre la propagation du virus et de pr\u00e9parer \u00e0 un \u00e9ventuel d\u00e9confinement. Depuis maintenant plusieurs mois, les autorit\u00e9s sanitaires des diff\u00e9rents pays touch\u00e9s par le coronavirus s&rsquo;attellent en effet \u00e0 remonter les r\u00e9seaux de contamination et ces nouvelles donn\u00e9es pourraient leur faciliter&nbsp;la t\u00e2che.&nbsp;<\/p>\n\n\n\n<p>Seulement, la cr\u00e9ation de cette application d\u00e9bouche \u00e9galement sur des questions bien plus larges, dont celles des libert\u00e9s individuelles, et est en train de cr\u00e9er un foss\u00e9 au sein m\u00eame de la majorit\u00e9.&nbsp;<\/p>\n\n\n\n<blockquote class=\"wp-block-quote is-layout-flow wp-block-quote-is-layout-flow\"><p>\u00ab\u00a0C&rsquo;est un d\u00e9saccord de principe qui agite la&nbsp;classe politique aujourd&rsquo;hui, et principalement la majorit\u00e9. Est-ce qu&rsquo;au nom de la lutte contre le virus, on peut tol\u00e9rer une forme d&rsquo;inquisition? Est-ce que pour avoir plus de s\u00e9curit\u00e9, on accepte d&rsquo;avoir moins de libert\u00e9s?\u00a0\u00bb, s&rsquo;interroge notre \u00e9ditorialiste politique Christophe Barbier&nbsp;ce mercredi.&nbsp;<\/p><\/blockquote>\n\n\n\n<h3 class=\"wp-block-heading\">Attention aux \u00ab\u00a0r\u00e9ponses rapides\u00a0\u00bb&nbsp;<\/h3>\n\n\n\n<p>Parmi les plus r\u00e9calcitrants,\u00a0le d\u00e9put\u00e9 LaREM Sacha Houli\u00e9 qui, dans une tribune,\u00a0met\u00a0en garde contre \u00ab\u00a0les solutions simplistes et les r\u00e9ponses rapides.\u00a0\u00bb<\/p>\n\n\n\n<blockquote class=\"wp-block-quote is-layout-flow wp-block-quote-is-layout-flow\"><p>Le suivi des personnes infect\u00e9es est une r\u00e9ponse dangereuse et condamnable. La collecte d&rsquo;informations personnelles des utilisateurs de mobiles (&#8230;) revient \u00e0 placer la population sous bracelet \u00e9lectronique\u00a0\u00bb, d\u00e9nonce l&rsquo;\u00e9lu.&nbsp;<\/p><\/blockquote>\n\n\n\n<p>Son coll\u00e8gue Guillaume Chiche d\u00e9plore \u00ab\u00a0la mani\u00e8re dont, \u00e0 la faveur d&rsquo;une p\u00e9riode de peur, certains cherchent \u00e0 faire accepter le r\u00e9tr\u00e9cissement de nos droits.\u00a0\u00bb<\/p>\n\n\n\n<p>Selon Christophe Barbier, un autre argument fait mouche chez les anti-tracking, qui dans leurs rangs comptent&nbsp;plusieurs proches du pr\u00e9sident de la R\u00e9publique, dont l&rsquo;eurod\u00e9put\u00e9 St\u00e9phane S\u00e9journ\u00e9.&nbsp;<\/p>\n\n\n\n<blockquote class=\"wp-block-quote is-layout-flow wp-block-quote-is-layout-flow\"><p>\u00ab\u00a0L&rsquo;argument est le suivant: si l&rsquo;on veut que \u00e7a marche, \u00e7a ne peut \u00eatre sur la base du volontariat, il faudrait le rendre obligatoire. Quelqu&rsquo;un contamin\u00e9 par le&nbsp; Covid-19, ce n&rsquo;est pas de la g\u00e9olocalisation qu&rsquo;on lui imposerait, c&rsquo;est quasiment un bracelet \u00e9lectronique virtuel, on voudrait le suivre \u00e0 la trace, et \u00e7a vraiment, \u00e7a pourrait \u00eatre consid\u00e9r\u00e9 comme une inquisition\u00a0\u00bb, analyse-t-il.&nbsp;<\/p><\/blockquote>\n\n\n\n<h3 class=\"wp-block-heading\">\u00ab\u00a0Ce n&rsquo;est pas ce que nous faisons\u00a0\u00bb&nbsp;<\/h3>\n\n\n\n<p>Dans leur entretien au&nbsp;<em>Monde<\/em>, Olivier V\u00e9ran et C\u00e9dric O rejettent toute id\u00e9e de perte des libert\u00e9s, ainsi que tout effet anxiog\u00e8ne li\u00e9 \u00e0 cette proposition. Au contraire, pour eux, il s&rsquo;agit d&rsquo;un gain de temps important en ces temps de crise sanitaire.&nbsp;<\/p>\n\n\n\n<blockquote class=\"wp-block-quote is-layout-flow wp-block-quote-is-layout-flow\"><p>\u00ab\u00a0Le &lsquo;contact tracing&rsquo;&nbsp;\u2013 c\u2019est-\u00e0-dire la recherche de toutes les informations sur les rencontres faites par une personne contamin\u00e9e \u2013 a permis de remonter \u00e0 des patients sources, d\u2019identifier des cha\u00eenes de contamination et de freiner la diffusion de l\u2019\u00e9pid\u00e9mie\u00a0\u00bb, souligne le ministre, reprenant l&rsquo;exemple de&nbsp;<a href=\"https:\/\/www.google.fr\/url?sa=t&amp;rct=j&amp;q=&amp;esrc=s&amp;source=web&amp;cd=1&amp;cad=rja&amp;uact=8&amp;ved=2ahUKEwjYupPUpNjoAhVD6uAKHaAWDt4QFjAAegQIBBAB&amp;url=https%3A%2F%2Fwww.bfmtv.com%2Fmediaplayer%2Fvideo%2Fcoronavirus-les-premiers-tests-realises-aux-contamines-montjoie-sont-negatifs-mais-le-risque-n-est-pas-encore-ecarte-1221481.html&amp;usg=AOvVaw3X6lG2-Yi3Ph56iZ2uH_kS\" target=\"_blank\" rel=\"noreferrer noopener\">la contamination aux Contamines-Montjoie<\/a>.&nbsp;<\/p><\/blockquote>\n\n\n\n<p>En ce qui concerne les divisions \u00e0 ce sujet au sein m\u00eame de leurs&nbsp;rangs, tous deux ont \u00e9galement tenu \u00e0 rassurer.&nbsp;<\/p>\n\n\n\n<blockquote class=\"wp-block-quote is-layout-flow wp-block-quote-is-layout-flow\"><p>\u00ab\u00a0Une partie de l\u2019opposition et de la majorit\u00e9 est oppos\u00e9e \u00e0 une d\u00e9marche qui contreviendrait au respect de la vie priv\u00e9e, qui serait obligatoire et restreindrait les libert\u00e9s individuelles. Or, ce n\u2019est pas ce que nous faisons\u00a0\u00bb, conclut Olivier V\u00e9ran.&nbsp;<\/p><\/blockquote>\n\n\n\n<p>Les deux hommes devraient prendre la parole&nbsp;dans la journ\u00e9e ce mercredi&nbsp;afin de pr\u00e9senter plus en d\u00e9tail&nbsp;les contours du projet<\/p>\n\n\n\n<p><\/p>\n","protected":false},"excerpt":{"rendered":"<p>Pour de nombreux d\u00e9put\u00e9s LaREM, la mise en place de ce dispositif serait un mauvais signal pour ce qui est des libert\u00e9s individuelles dans le pays.&nbsp; En mati\u00e8re de lutte contre le Covid-19, tous les coups sont-ils permis? Dans&nbsp;un entretien publi\u00e9 dans le quotidien&nbsp;Le Monde&nbsp;ce&nbsp;mercredi&nbsp;Olivier V\u00e9ran, le ministre des Solidarit\u00e9s et de&nbsp;la Sant\u00e9, et C\u00e9dric [&hellip;]<\/p>\n","protected":false},"author":2,"featured_media":15225,"comment_status":"open","ping_status":"open","sticky":false,"template":"","format":"standard","meta":{"_jetpack_memberships_contains_paid_content":false,"footnotes":"","jetpack_publicize_message":"","jetpack_publicize_feature_enabled":true,"jetpack_social_post_already_shared":true,"jetpack_social_options":{"image_generator_settings":{"template":"highway","default_image_id":0,"font":"","enabled":false},"version":2},"_wpas_customize_per_network":false},"categories":[16],"tags":[],"class_list":["post-15224","post","type-post","status-publish","format-standard","has-post-thumbnail","hentry","category-actu-high-tech"],"jetpack_publicize_connections":[],"jetpack_featured_media_url":"https:\/\/i0.wp.com\/www.iceagetv.com\/radiosite\/wp-content\/uploads\/2020\/04\/tracking.jpeg?fit=700%2C520&ssl=1","jetpack_sharing_enabled":true,"_links":{"self":[{"href":"https:\/\/www.iceagetv.com\/radiosite\/wp-json\/wp\/v2\/posts\/15224","targetHints":{"allow":["GET"]}}],"collection":[{"href":"https:\/\/www.iceagetv.com\/radiosite\/wp-json\/wp\/v2\/posts"}],"about":[{"href":"https:\/\/www.iceagetv.com\/radiosite\/wp-json\/wp\/v2\/types\/post"}],"author":[{"embeddable":true,"href":"https:\/\/www.iceagetv.com\/radiosite\/wp-json\/wp\/v2\/users\/2"}],"replies":[{"embeddable":true,"href":"https:\/\/www.iceagetv.com\/radiosite\/wp-json\/wp\/v2\/comments?post=15224"}],"version-history":[{"count":1,"href":"https:\/\/www.iceagetv.com\/radiosite\/wp-json\/wp\/v2\/posts\/15224\/revisions"}],"predecessor-version":[{"id":15226,"href":"https:\/\/www.iceagetv.com\/radiosite\/wp-json\/wp\/v2\/posts\/15224\/revisions\/15226"}],"wp:featuredmedia":[{"embeddable":true,"href":"https:\/\/www.iceagetv.com\/radiosite\/wp-json\/wp\/v2\/media\/15225"}],"wp:attachment":[{"href":"https:\/\/www.iceagetv.com\/radiosite\/wp-json\/wp\/v2\/media?parent=15224"}],"wp:term":[{"taxonomy":"category","embeddable":true,"href":"https:\/\/www.iceagetv.com\/radiosite\/wp-json\/wp\/v2\/categories?post=15224"},{"taxonomy":"post_tag","embeddable":true,"href":"https:\/\/www.iceagetv.com\/radiosite\/wp-json\/wp\/v2\/tags?post=15224"}],"curies":[{"name":"wp","href":"https:\/\/api.w.org\/{rel}","templated":true}]}}