{"id":15227,"date":"2020-04-08T18:27:43","date_gmt":"2020-04-08T18:27:43","guid":{"rendered":"http:\/\/www.iceagetv.com\/radiosite\/?p=15227"},"modified":"2020-04-08T18:27:43","modified_gmt":"2020-04-08T18:27:43","slug":"coronavirus-7-148-personnes-en-reanimation-482-cest-un-record-en-france-7-632-deces-541-au-total-mais-sans-les-chiffres-des-ehpad-en-raison-dun-probleme-technique","status":"publish","type":"post","link":"https:\/\/www.iceagetv.com\/radiosite\/coronavirus-7-148-personnes-en-reanimation-482-cest-un-record-en-france-7-632-deces-541-au-total-mais-sans-les-chiffres-des-ehpad-en-raison-dun-probleme-technique\/","title":{"rendered":"Coronavirus &#8211; 7.148 personnes en r\u00e9animation (+482), c&rsquo;est un record en France &#8211; 7.632 d\u00e9c\u00e8s (+541) au total mais sans les chiffres des EHPAD en raison d&rsquo;un probl\u00e8me technique"},"content":{"rendered":"\n<p> <a href=\"https:\/\/www.jeanmarcmorandini.com\/article-420928-urgent-finalement-emmanuel-macron-s-exprimera-lundi-autour-de-20-heures-et-non-pas-demain-annonce-qui-precise-que-le-confinement-va-etre-prolonge-au-dela-du-15-avril.html\">Finalement, Emmanuel Macron s&rsquo;exprimera lundi autour de 20 heures et non pas demain annonce qui pr\u00e9cise que le confinement va \u00eatre prolong\u00e9 au-del\u00e0 du 15 avril<\/a><\/p>\n\n\n\n<p><strong>J\u00e9r\u00f4me Salomon, Directeur G\u00e9n\u00e9ral de la sant\u00e9,\u00a0 fait le point : \u00ab\u00a0<\/strong>Les donn\u00e9es hospitali\u00e8res font \u00e9tat depuis le d\u00e9but de l&rsquo;\u00e9pid\u00e9mie de 60 000 personnes hospitalis\u00e9es. 30.033 sont actuellement hospitalis\u00e9es pour une infection au covid-19, le solde est toujours positif.\u00a0145 personnes sont hospitalis\u00e9es en Outre-Mer et 44 se trouvent en r\u00e9animation.\u00a0<strong>7.148 personnes en r\u00e9animation (+482 en 24h) , c&rsquo;est un record en France. Pas de donn\u00e9s sur les EHPAD aujourd&rsquo;hui en raison d&rsquo;un probl\u00e8me technique .7.632 d\u00e9c\u00e8s au total en milieu hospitalier (+531).\u00a0<\/strong>A l&rsquo;\u00e9chelon national, l&rsquo;exc\u00e8s de mortalit\u00e9 atteint 31% en semaine 13, et 27% en semaine 14.\u00a0Je vous le demande une nouvelle fois, restez chez vous car c&rsquo;est la seule fa\u00e7on de maintenir l&rsquo;\u00e9pid\u00e9mie. Tous ensemble nous freinons cette pand\u00e9mie meurtri\u00e8re. Soyons donc forts et patients.\u00a0Selon certaines \u00e9tudes de mod\u00e9lisation, une vie est sauv\u00e9e toutes les 8 minutes en restant chez soi.  <strong>\u00a0En Italie, en revanche le nombre de morts est en baisse mais 542 nouveaux d\u00e9c\u00e8s enregistr\u00e9s<\/strong>  <strong>\u00a0Record de d\u00e9c\u00e8s en 24h au Royaume-Uni avec 938 morts en 24h soit plus de 7.000 morts au total<\/strong> <\/p>\n\n\n\n<p>L&rsquo;Association des maires de France (AMF) recommande dans un communiqu\u00e9 de presse aux maires de conseiller \u00e0 la population de porter un masque artisanal sur la bouche et le nez durant les sorties autoris\u00e9es dans le cadre du confinement.<\/p>\n\n\n\n<p>Une pr\u00e9conisation faite \u00ab\u00a0sur proposition du professeur Philippe Juvin\u00a0\u00bb, maire de La Garenne-Colombes (Hauts-de-Seine) et chef du service des urgences de l&rsquo;h\u00f4pital Georges Pompidou \u00e0 Paris, peut-on lire dans le communiqu\u00e9.<\/p>\n\n\n\n<blockquote class=\"wp-block-quote is-layout-flow wp-block-quote-is-layout-flow\"><p>Et d&rsquo;ajouter que \u00ab\u00a0Le masque artisanal en tissu peut \u00eatre r\u00e9alis\u00e9 par tous moyens\u00a0\u00bb et \u00ab\u00a0doit \u00eatre lav\u00e9 \u00e0 60 degr\u00e9s tous les jours\u00a0\u00bb.<\/p><\/blockquote>\n\n\n\n<p>Plus de 2500 malades du&nbsp;coronavirus&nbsp;sont hospitalis\u00e9s en r\u00e9animation en \u00cele-de-France, indiqu\u00e9 \u00e0 l&rsquo;AFP l&rsquo;Agence r\u00e9gionale de sant\u00e9 (ARS), jugeant \u00ab\u00a0tr\u00e8s probables\u00a0\u00bb que de \u00ab\u00a0nouveaux transferts de patients\u00a0\u00bb vers d&rsquo;autres r\u00e9gions soient organis\u00e9s \u00e0 br\u00e8ve \u00e9ch\u00e9ance.<\/p>\n\n\n\n<p>Loin du reflux esp\u00e9r\u00e9, la vague \u00e9pid\u00e9mique continue de monter en r\u00e9gion parisienne, o\u00f9 \u00ab\u00a0la situation continue d&rsquo;\u00eatre pr\u00e9occupante\u00a0\u00bb, selon un porte-parole de l&rsquo;ARS.<\/p>\n\n\n\n<blockquote class=\"wp-block-quote is-layout-flow wp-block-quote-is-layout-flow\"><p>Certes, le nombre de malades du&nbsp;coronavirus&nbsp;admis en r\u00e9animation \u00ab\u00a0augmente trois fois moins vite que la semaine derni\u00e8re\u00a0\u00bb, avec environ 50 entr\u00e9es par jour contre 150 au plus fort de la crise.<\/p><\/blockquote>\n\n\n\n<p>Mais \u00ab\u00a0\u00e7a augmente toujours plus vite que nos capacit\u00e9s\u00a0\u00bb, malgr\u00e9 l&rsquo;ouverture de 200 lits suppl\u00e9mentaires en une semaine.<\/p>\n\n\n\n<p>Plus de 750.000 cas de contamination par le coronavirus ont \u00e9t\u00e9 officiellement diagnostiqu\u00e9s en Europe, soit plus de la moiti\u00e9 du total mondial, selon un dernier comptage r\u00e9alis\u00e9 par l&rsquo;AFP. Avec au moins 750.276 cas, dont 58.627 d\u00e9c\u00e8s, l&rsquo;Europe est le continent le plus touch\u00e9 par la pand\u00e9mie de Covid-19. Au total dans le monde, 1.438.291 cas et 82.726 morts ont \u00e9t\u00e9 recens\u00e9s.<\/p>\n\n\n\n<p>L&rsquo;Espagne (146.690 cas, 14.555 d\u00e9c\u00e8s), l&rsquo;Italie (135.586, 17.127), la France (109.069, 10.328) et l&rsquo;Allemagne (103.328, 1861) sont les quatre pays comptant plus de 100.000 cas sur leur territoire. Ce nombre de cas ne tient toutefois compte que d&rsquo;une fraction du nombre r\u00e9el de contaminations, de nombreux pays ne testant plus que les cas n\u00e9cessitant une prise en charge hospitali\u00e8re.<\/p>\n\n\n\n<p><strong>\u00c9douard Philippe : \u00ab\u00a0Le confinement est appel\u00e9 \u00e0 durer pour que ses effets positifs se confirment\u00a0\u00bb.<br><\/strong>Et d&rsquo;ajouter:&nbsp;S&rsquo;il ne durait pas ou s&rsquo;il n&rsquo;\u00e9tait pas respect\u00e9 nous prendrions le risque de voir le virus circuler \u00e0 nouveau tr\u00e8s vite\u00a0\u00bb<\/p>\n\n\n\n<p>\u00ab\u00a0Face \u00e0 une \u00e9pid\u00e9mie, le courage c&rsquo;est le civisme : le respect d&rsquo;une r\u00e8gle commune. Nous avons besoin de civisme, y compris dans l&rsquo;acte le plus quotidien d&rsquo;acheter son pain\u00a0\u00bb<\/p>\n\n\n\n<p><\/p>\n\n\n\n<p><\/p>\n\n\n\n<blockquote class=\"wp-block-quote is-layout-flow wp-block-quote-is-layout-flow\"><p><\/p><\/blockquote>\n\n\n\n<p><\/p>\n","protected":false},"excerpt":{"rendered":"<p>Finalement, Emmanuel Macron s&rsquo;exprimera lundi autour de 20 heures et non pas demain annonce qui pr\u00e9cise que le confinement va \u00eatre prolong\u00e9 au-del\u00e0 du 15 avril J\u00e9r\u00f4me Salomon, Directeur G\u00e9n\u00e9ral de la sant\u00e9,\u00a0 fait le point : \u00ab\u00a0Les donn\u00e9es hospitali\u00e8res font \u00e9tat depuis le d\u00e9but de l&rsquo;\u00e9pid\u00e9mie de 60 000 personnes hospitalis\u00e9es. 30.033 sont actuellement [&hellip;]<\/p>\n","protected":false},"author":2,"featured_media":15228,"comment_status":"open","ping_status":"open","sticky":false,"template":"","format":"standard","meta":{"_jetpack_memberships_contains_paid_content":false,"footnotes":"","jetpack_publicize_message":"","jetpack_publicize_feature_enabled":true,"jetpack_social_post_already_shared":true,"jetpack_social_options":{"image_generator_settings":{"template":"highway","default_image_id":0,"font":"","enabled":false},"version":2},"_wpas_customize_per_network":false},"categories":[405],"tags":[],"class_list":["post-15227","post","type-post","status-publish","format-standard","has-post-thumbnail","hentry","category-actu-france-monde"],"jetpack_publicize_connections":[],"jetpack_featured_media_url":"https:\/\/i0.wp.com\/www.iceagetv.com\/radiosite\/wp-content\/uploads\/2020\/04\/7.148-personnes-en-r%C3%A9animation.jpg?fit=633%2C285&ssl=1","jetpack_sharing_enabled":true,"_links":{"self":[{"href":"https:\/\/www.iceagetv.com\/radiosite\/wp-json\/wp\/v2\/posts\/15227","targetHints":{"allow":["GET"]}}],"collection":[{"href":"https:\/\/www.iceagetv.com\/radiosite\/wp-json\/wp\/v2\/posts"}],"about":[{"href":"https:\/\/www.iceagetv.com\/radiosite\/wp-json\/wp\/v2\/types\/post"}],"author":[{"embeddable":true,"href":"https:\/\/www.iceagetv.com\/radiosite\/wp-json\/wp\/v2\/users\/2"}],"replies":[{"embeddable":true,"href":"https:\/\/www.iceagetv.com\/radiosite\/wp-json\/wp\/v2\/comments?post=15227"}],"version-history":[{"count":1,"href":"https:\/\/www.iceagetv.com\/radiosite\/wp-json\/wp\/v2\/posts\/15227\/revisions"}],"predecessor-version":[{"id":15229,"href":"https:\/\/www.iceagetv.com\/radiosite\/wp-json\/wp\/v2\/posts\/15227\/revisions\/15229"}],"wp:featuredmedia":[{"embeddable":true,"href":"https:\/\/www.iceagetv.com\/radiosite\/wp-json\/wp\/v2\/media\/15228"}],"wp:attachment":[{"href":"https:\/\/www.iceagetv.com\/radiosite\/wp-json\/wp\/v2\/media?parent=15227"}],"wp:term":[{"taxonomy":"category","embeddable":true,"href":"https:\/\/www.iceagetv.com\/radiosite\/wp-json\/wp\/v2\/categories?post=15227"},{"taxonomy":"post_tag","embeddable":true,"href":"https:\/\/www.iceagetv.com\/radiosite\/wp-json\/wp\/v2\/tags?post=15227"}],"curies":[{"name":"wp","href":"https:\/\/api.w.org\/{rel}","templated":true}]}}