{"id":15238,"date":"2020-04-10T15:06:40","date_gmt":"2020-04-10T15:06:40","guid":{"rendered":"http:\/\/www.iceagetv.com\/radiosite\/?p=15238"},"modified":"2020-04-10T15:06:40","modified_gmt":"2020-04-10T15:06:40","slug":"jacques-calvet-ancien-president-du-groupe-automobile-psa-de-1983-a-1997-est-decede-a-lage-de-88-ans","status":"publish","type":"post","link":"https:\/\/www.iceagetv.com\/radiosite\/jacques-calvet-ancien-president-du-groupe-automobile-psa-de-1983-a-1997-est-decede-a-lage-de-88-ans\/","title":{"rendered":"Jacques Calvet, ancien pr\u00e9sident du groupe automobile PSA de 1983 \u00e0 1997, est d\u00e9c\u00e9d\u00e9 \u00e0 l&rsquo;\u00e2ge de 88 ans"},"content":{"rendered":"\n<p>Jacques Calvet, ancien pr\u00e9sident du groupe automobile PSA de 1983 \u00e0 1997, est d\u00e9c\u00e9d\u00e9 hier \u00e0 l&rsquo;\u00e2ge de 88 ans, a annonc\u00e9 son fils \u00e0 l&rsquo;AFP. Les obs\u00e8ques de l&rsquo;ancien dirigeant, qui \u00e9tait \u00e2g\u00e9 de 88 ans, \u00ab\u00a0se d\u00e9rouleront dans la plus stricte intimit\u00e9 familiale\u00a0\u00bb, ont indiqu\u00e9 ses proches dans un communiqu\u00e9. \u00ab&nbsp;Mon p\u00e8re est d\u00e9c\u00e9d\u00e9 hier&nbsp;\u00bb, a d\u00e9clar\u00e9 son fils J\u00e9r\u00f4me Calvet, qui dirige la filiale fran\u00e7aise de la holding financi\u00e8re japonaise Nomura. Il n\u2019a pas pr\u00e9cis\u00e9 les causes ni les circonstances du d\u00e9c\u00e8s.<\/p>\n\n\n\n<p>Dipl\u00f4m\u00e9 de l\u2019Institut d\u2019\u00e9tudes politiques de Paris et de l\u2019Ecole nationale d\u2019administration, M. Calvet avait dirig\u00e9 le groupe PSA de 1984 \u00e0 1997. Arrivant dans une entreprise au bord de la faillite, il avait op\u00e9r\u00e9 un redressement spectaculaire. \u00ab&nbsp;C\u2019est avec une grande tristesse que j\u2019apprends le d\u00e9c\u00e8s de Jacques Calvet et je tiens \u00e0 exprimer au nom de tous les salari\u00e9s du Groupe PSA nos sinc\u00e8res condol\u00e9ances \u00e0 son \u00e9pouse et \u00e0 sa famille&nbsp;\u00bb, a r\u00e9agi l\u2019actuel patron de PSA, Carlos Tavares, dans une d\u00e9claration transmise \u00e0 l\u2019AFP.<\/p>\n\n\n\n<p>\u00ab&nbsp;Jacques Calvet, grand visionnaire, a dirig\u00e9 l\u2019entreprise de 1984 \u00e0 1997, pour en faire un constructeur automobile de premier plan. Je tiens \u00e0 saluer la m\u00e9moire de ce grand capitaine d\u2019industrie qui nous quitte, dot\u00e9 d\u2019un rare courage et d\u2019une d\u00e9termination sans faille qui doit nous inspirer&nbsp;\u00bb, a ajout\u00e9 M. Tavares. \u00ab&nbsp;Au regard de la crise que nous traversons, son exemple nous oblige et nous engage \u00e0 prot\u00e9ger l\u2019entreprise dans l\u2019int\u00e9r\u00eat de ses salari\u00e9s, comme il a toujours su le faire&nbsp;\u00bb, a-t-il dit.<\/p>\n\n\n\n<p>Jacques Calvet avait commenc\u00e9 sa carri\u00e8re \u00e0 la Cour des comptes en 1957. Il avait rejoint deux ans plus tard le cabinet de Valery Giscard d\u2019Estaing, alors secr\u00e9taire d\u2019Etat aux Finances, qu\u2019il suit pour devenir directeur de cabinet lorsque ce dernier est nomm\u00e9 ministre de l\u2019Economie et des Finances. Les deux hommes se s\u00e9parent quand M. d\u2019Estaing est \u00e9lu pr\u00e9sident de la R\u00e9publique en 1974 et que M. Calvet part \u00e0 la BNP, une banque alors contr\u00f4l\u00e9e par l\u2019Etat. La famille Peugeot vient le chercher en 1982, quand le groupe issu du rachat de Citro\u00ebn par Peugeot est au plus mal.<\/p>\n","protected":false},"excerpt":{"rendered":"<p>Jacques Calvet, ancien pr\u00e9sident du groupe automobile PSA de 1983 \u00e0 1997, est d\u00e9c\u00e9d\u00e9 hier \u00e0 l&rsquo;\u00e2ge de 88 ans, a annonc\u00e9 son fils \u00e0 l&rsquo;AFP. Les obs\u00e8ques de l&rsquo;ancien dirigeant, qui \u00e9tait \u00e2g\u00e9 de 88 ans, \u00ab\u00a0se d\u00e9rouleront dans la plus stricte intimit\u00e9 familiale\u00a0\u00bb, ont indiqu\u00e9 ses proches dans un communiqu\u00e9. \u00ab&nbsp;Mon p\u00e8re est [&hellip;]<\/p>\n","protected":false},"author":2,"featured_media":15239,"comment_status":"open","ping_status":"open","sticky":false,"template":"","format":"standard","meta":{"_jetpack_memberships_contains_paid_content":false,"footnotes":"","jetpack_publicize_message":"","jetpack_publicize_feature_enabled":true,"jetpack_social_post_already_shared":true,"jetpack_social_options":{"image_generator_settings":{"template":"highway","default_image_id":0,"font":"","enabled":false},"version":2},"_wpas_customize_per_network":false},"categories":[405],"tags":[],"class_list":["post-15238","post","type-post","status-publish","format-standard","has-post-thumbnail","hentry","category-actu-france-monde"],"jetpack_publicize_connections":[],"jetpack_featured_media_url":"https:\/\/i0.wp.com\/www.iceagetv.com\/radiosite\/wp-content\/uploads\/2020\/04\/Jacques-Calvet.png?fit=625%2C280&ssl=1","jetpack_sharing_enabled":true,"_links":{"self":[{"href":"https:\/\/www.iceagetv.com\/radiosite\/wp-json\/wp\/v2\/posts\/15238","targetHints":{"allow":["GET"]}}],"collection":[{"href":"https:\/\/www.iceagetv.com\/radiosite\/wp-json\/wp\/v2\/posts"}],"about":[{"href":"https:\/\/www.iceagetv.com\/radiosite\/wp-json\/wp\/v2\/types\/post"}],"author":[{"embeddable":true,"href":"https:\/\/www.iceagetv.com\/radiosite\/wp-json\/wp\/v2\/users\/2"}],"replies":[{"embeddable":true,"href":"https:\/\/www.iceagetv.com\/radiosite\/wp-json\/wp\/v2\/comments?post=15238"}],"version-history":[{"count":1,"href":"https:\/\/www.iceagetv.com\/radiosite\/wp-json\/wp\/v2\/posts\/15238\/revisions"}],"predecessor-version":[{"id":15240,"href":"https:\/\/www.iceagetv.com\/radiosite\/wp-json\/wp\/v2\/posts\/15238\/revisions\/15240"}],"wp:featuredmedia":[{"embeddable":true,"href":"https:\/\/www.iceagetv.com\/radiosite\/wp-json\/wp\/v2\/media\/15239"}],"wp:attachment":[{"href":"https:\/\/www.iceagetv.com\/radiosite\/wp-json\/wp\/v2\/media?parent=15238"}],"wp:term":[{"taxonomy":"category","embeddable":true,"href":"https:\/\/www.iceagetv.com\/radiosite\/wp-json\/wp\/v2\/categories?post=15238"},{"taxonomy":"post_tag","embeddable":true,"href":"https:\/\/www.iceagetv.com\/radiosite\/wp-json\/wp\/v2\/tags?post=15238"}],"curies":[{"name":"wp","href":"https:\/\/api.w.org\/{rel}","templated":true}]}}