{"id":15242,"date":"2020-04-10T15:09:37","date_gmt":"2020-04-10T15:09:37","guid":{"rendered":"http:\/\/www.iceagetv.com\/radiosite\/?p=15242"},"modified":"2020-04-10T15:09:37","modified_gmt":"2020-04-10T15:09:37","slug":"50-cas-de-contamination-a-bord-du-charles-de-gaulle-trois-marins-evacues","status":"publish","type":"post","link":"https:\/\/www.iceagetv.com\/radiosite\/50-cas-de-contamination-a-bord-du-charles-de-gaulle-trois-marins-evacues\/","title":{"rendered":"50 cas de contamination \u00e0 bord du \u00abCharles-de-Gaulle\u00bb, trois marins \u00e9vacu\u00e9s"},"content":{"rendered":"\n<p>Cinquante membres de l&rsquo;\u00e9quipage du porte-avions fran\u00e7ais Charles de Gaulle ont \u00e9t\u00e9 test\u00e9s positifs au coronavirus, a annonc\u00e9 vendredi le minist\u00e8re des Arm\u00e9es. Trois marins ont d\u00fb \u00eatre \u00e9vacu\u00e9s \u00ab \u00e0 titre pr\u00e9ventif \u00bb.<\/p>\n\n\n\n<p>\u00ab Les r\u00e9sultats des 66 tests r\u00e9alis\u00e9s ont conclu \u00e0 la pr\u00e9sence de 50 cas de Covid-19 \u00e0 bord du Charles de Gaulle \u00bb, a indiqu\u00e9 le minist\u00e8re dans un communiqu\u00e9, 24 heures apr\u00e8s\u00a0<a rel=\"noreferrer noopener\" href=\"http:\/\/www.leparisien.fr\/societe\/suspicion-de-cas-de-covid-19-a-bord-du-porte-avions-charles-de-gaulle-08-04-2020-8296107.php\" target=\"_blank\">l&rsquo;annonce de cas suspects.<\/a>\u00a0\u00ab Aucune aggravation de l&rsquo;\u00e9tat de sant\u00e9 des marins \u00e0 bord n&rsquo;est constat\u00e9e \u00e0 l&rsquo;heure actuelle \u00bb, pr\u00e9cise-t-on de m\u00eame source. L&rsquo;origine de la contamination du navire n&rsquo;est pas encore connue.<\/p>\n\n\n\n<p>Les trois marins \u00e9vacu\u00e9s ont \u00e9t\u00e9 transf\u00e9r\u00e9s \u00e0 l&rsquo;H\u00f4pital d&rsquo;instruction des arm\u00e9es (HIA) Sainte-Anne, \u00e0 Toulon, pour \u00ab pr\u00e9server les capacit\u00e9s m\u00e9dicales \u00bb du b\u00e2timent, a ajout\u00e9 le minist\u00e8re. Le port du masque, au d\u00e9part pr\u00e9vu pour ceux qui montraient des sympt\u00f4mes de la maladie, a \u00e9t\u00e9 g\u00e9n\u00e9ralis\u00e9 \u00e0 l&rsquo;ensemble de l&rsquo;\u00e9quipage.<\/p>\n\n\n\n<p>L&rsquo;origine de la contamination reste inconnue. Le navire, actuellement au Portugal, n&rsquo;a pas \u00e9t\u00e9 en contact avec un \u00e9l\u00e9ment ext\u00e9rieur depuis le 15 mars. Trois semaines se sont donc \u00e9coul\u00e9es entre cette escale et l&rsquo;identification des premiers cas, ce qui interroge sur la p\u00e9riode de 14 jours habituellement \u00e9voqu\u00e9e par les scientifiques comme seuil de contamination.<\/p>\n\n\n\n<p>\u00ab L&rsquo;objectif est d&rsquo;identifier le circuit de contamination et d&rsquo;appuyer le protocole permettant de limiter la propagation du virus \u00bb, a ajout\u00e9 le minist\u00e8re des Arm\u00e9es pr\u00e9cisant que l&rsquo;\u00e9quipe du SSA \u00e9tait compos\u00e9e de deux \u00e9pid\u00e9miologistes, un expert en bios\u00e9curit\u00e9 et un m\u00e9decin en charge des pr\u00e9l\u00e8vements.<\/p>\n\n\n\n<h2 class=\"wp-block-heading\">Escale \u00e0 Brest mi-mars<\/h2>\n\n\n\n<p>Le porte-avions nucl\u00e9aire, qui croisait dans l&rsquo;Atlantique, avait annonc\u00e9 mercredi avoir d\u00e9cid\u00e9 d&rsquo;anticiper son retour en France apr\u00e8s la d\u00e9couverte \u00e0 son bord de cas suspects. \u00ab L&rsquo;objectif est d&rsquo;identifier le circuit de contamination et d&rsquo;appuyer le protocole permettant de limiter la propagation du virus \u00bb, pr\u00e9cise le minist\u00e8re.<\/p>\n\n\n\n<p>D\u00e8s mercredi, une \u00e9quipe du Service de sant\u00e9 des arm\u00e9es (SSA) avait \u00e9t\u00e9 achemin\u00e9e \u00e0 bord, avec deux \u00e9pid\u00e9miologistes, un expert en bios\u00e9curit\u00e9 et un m\u00e9decin en charge des pr\u00e9l\u00e8vements.<\/p>\n\n\n\n<p>Le \u00ab Charles de Gaulle \u00bb avait fait escale \u00e0 Brest, du 13 au 15 mars dernier, comme l&rsquo;explique notamment&nbsp;<a href=\"https:\/\/www.letelegramme.fr\/france\/covid-19-sur-le-charles-de-gaulle-tout-s-est-joue-a-brest-entre-le-13-et-le-16-mars-08-04-2020-12537049.php\" target=\"_blank\" rel=\"noreferrer noopener\">Le T\u00e9l\u00e9gramme<\/a>. Le confinement n&rsquo;\u00e9tait pas encore d\u00e9clench\u00e9. Les familles n&rsquo;avaient toutefois pas \u00e9t\u00e9 autoris\u00e9es \u00e0 monter \u00e0 bord, mais les marins avaient pu d\u00e9barquer<\/p>\n\n\n\n<p>Apr\u00e8s&nbsp;<a href=\"http:\/\/www.leparisien.fr\/international\/coronavirus-thomas-modly-le-chef-de-l-us-navy-limoge-08-04-2020-8296035.php\" target=\"_blank\" rel=\"noreferrer noopener\">l&rsquo;USS Theodore Roosevelt am\u00e9ricain<\/a>&nbsp;dans le Pacifique, le Charles de Gaulle devient le deuxi\u00e8me porte-avions officiellement contamin\u00e9 par la pand\u00e9mie qui s&rsquo;est abattue depuis d\u00e9cembre sur la plan\u00e8te.<\/p>\n\n\n\n<p><\/p>\n\n\n\n<p><\/p>\n","protected":false},"excerpt":{"rendered":"<p>Cinquante membres de l&rsquo;\u00e9quipage du porte-avions fran\u00e7ais Charles de Gaulle ont \u00e9t\u00e9 test\u00e9s positifs au coronavirus, a annonc\u00e9 vendredi le minist\u00e8re des Arm\u00e9es. Trois marins ont d\u00fb \u00eatre \u00e9vacu\u00e9s \u00ab \u00e0 titre pr\u00e9ventif \u00bb. \u00ab Les r\u00e9sultats des 66 tests r\u00e9alis\u00e9s ont conclu \u00e0 la pr\u00e9sence de 50 cas de Covid-19 \u00e0 bord du Charles [&hellip;]<\/p>\n","protected":false},"author":2,"featured_media":15243,"comment_status":"open","ping_status":"open","sticky":false,"template":"","format":"standard","meta":{"_jetpack_memberships_contains_paid_content":false,"footnotes":"","jetpack_publicize_message":"","jetpack_publicize_feature_enabled":true,"jetpack_social_post_already_shared":true,"jetpack_social_options":{"image_generator_settings":{"template":"highway","default_image_id":0,"font":"","enabled":false},"version":2},"_wpas_customize_per_network":false},"categories":[405],"tags":[2771],"class_list":["post-15242","post","type-post","status-publish","format-standard","has-post-thumbnail","hentry","category-actu-france-monde","tag-50-cas-de-contamination-a-bord-du-charles-de-gaulle"],"jetpack_publicize_connections":[],"jetpack_featured_media_url":"https:\/\/i0.wp.com\/www.iceagetv.com\/radiosite\/wp-content\/uploads\/2020\/04\/Charles-de-Gaulle.jpg?fit=932%2C582&ssl=1","jetpack_sharing_enabled":true,"_links":{"self":[{"href":"https:\/\/www.iceagetv.com\/radiosite\/wp-json\/wp\/v2\/posts\/15242","targetHints":{"allow":["GET"]}}],"collection":[{"href":"https:\/\/www.iceagetv.com\/radiosite\/wp-json\/wp\/v2\/posts"}],"about":[{"href":"https:\/\/www.iceagetv.com\/radiosite\/wp-json\/wp\/v2\/types\/post"}],"author":[{"embeddable":true,"href":"https:\/\/www.iceagetv.com\/radiosite\/wp-json\/wp\/v2\/users\/2"}],"replies":[{"embeddable":true,"href":"https:\/\/www.iceagetv.com\/radiosite\/wp-json\/wp\/v2\/comments?post=15242"}],"version-history":[{"count":1,"href":"https:\/\/www.iceagetv.com\/radiosite\/wp-json\/wp\/v2\/posts\/15242\/revisions"}],"predecessor-version":[{"id":15244,"href":"https:\/\/www.iceagetv.com\/radiosite\/wp-json\/wp\/v2\/posts\/15242\/revisions\/15244"}],"wp:featuredmedia":[{"embeddable":true,"href":"https:\/\/www.iceagetv.com\/radiosite\/wp-json\/wp\/v2\/media\/15243"}],"wp:attachment":[{"href":"https:\/\/www.iceagetv.com\/radiosite\/wp-json\/wp\/v2\/media?parent=15242"}],"wp:term":[{"taxonomy":"category","embeddable":true,"href":"https:\/\/www.iceagetv.com\/radiosite\/wp-json\/wp\/v2\/categories?post=15242"},{"taxonomy":"post_tag","embeddable":true,"href":"https:\/\/www.iceagetv.com\/radiosite\/wp-json\/wp\/v2\/tags?post=15242"}],"curies":[{"name":"wp","href":"https:\/\/api.w.org\/{rel}","templated":true}]}}