{"id":15262,"date":"2020-04-13T14:06:26","date_gmt":"2020-04-13T14:06:26","guid":{"rendered":"http:\/\/www.iceagetv.com\/radiosite\/?p=15262"},"modified":"2020-04-13T14:06:26","modified_gmt":"2020-04-13T14:06:26","slug":"surprise-le-gouvernement-va-autoriser-la-reouverture-des-jardineries-car-considerees-comme-de-premiere-necessite","status":"publish","type":"post","link":"https:\/\/www.iceagetv.com\/radiosite\/surprise-le-gouvernement-va-autoriser-la-reouverture-des-jardineries-car-considerees-comme-de-premiere-necessite\/","title":{"rendered":"Surprise, le gouvernement va autoriser la r\u00e9ouverture des \u00ab\u00a0jardineries car consid\u00e9r\u00e9es comme de premi\u00e8re n\u00e9cessit\u00e9\u00a0\u00bb"},"content":{"rendered":"\n<p>Alors qu&rsquo;elles \u00e9taient ferm\u00e9es depuis la mise en place du confinement il y a pr\u00e8s d&rsquo;un mois, les jardineries vont pouvoir rouvrir. Selon&nbsp;<a href=\"https:\/\/www.rtl.fr\/actu\/debats-societe\/coronavirus-et-confinement-pourquoi-les-jardineries-pourront-bientot-rouvrir-7800392276\" target=\"_blank\" rel=\"noreferrer noopener\">RTL<\/a>, il y a quelques jours, le gouvernement a inform\u00e9 les professionnels qu&rsquo;ils pouvaient recommencer \u00e0 vendre des plants potagers, des semences, des graines pour pr\u00e9parer les r\u00e9coltes. Des produits consid\u00e9r\u00e9s comme de premi\u00e8re n\u00e9cessit\u00e9.<\/p>\n\n\n\n<p>Les \u00e9tablissements devront respecter un cahier des charges strict. \u00ab\u00a0Pas d\u2019ouverture le dimanche,&nbsp;pas de familles en promenade dans les rayons, un nombre limit\u00e9 de personnes en fonction de la surface\u00a0\u00bb, indiquent nos confr\u00e8res.<\/p>\n\n\n\n<p>Interrog\u00e9 par&nbsp;<a href=\"https:\/\/www.francebleu.fr\/infos\/economie-social\/la-reouverture-des-jardineries-ne-suffira-pas-a-sauver-la-filiere-horticole-selon-etienne-bodin-1586757351\" target=\"_blank\" rel=\"noreferrer noopener\">France Bleu<\/a>&nbsp;ce matin, Etienne Bodin, le d\u00e9l\u00e9gu\u00e9 g\u00e9n\u00e9ral de la F\u00e9d\u00e9ration des jardineries, expliquait que le confinement a entrain\u00e9 \u00ab\u00a0entre 90 et 95 % de perte de chiffres d&rsquo;affaires\u00a0\u00bb pour les jardineries. Cette autorisation \u00ab\u00a0offre des opportunit\u00e9s\u00a0\u00bb aux horticulteurs, \u00ab\u00a0qui souffrent \u00e9norm\u00e9ment de ne pas avoir de d\u00e9bouch\u00e9s pour leurs plantes et leurs produits\u00a0\u00bb.<\/p>\n","protected":false},"excerpt":{"rendered":"<p>Alors qu&rsquo;elles \u00e9taient ferm\u00e9es depuis la mise en place du confinement il y a pr\u00e8s d&rsquo;un mois, les jardineries vont pouvoir rouvrir. Selon&nbsp;RTL, il y a quelques jours, le gouvernement a inform\u00e9 les professionnels qu&rsquo;ils pouvaient recommencer \u00e0 vendre des plants potagers, des semences, des graines pour pr\u00e9parer les r\u00e9coltes. Des produits consid\u00e9r\u00e9s comme de [&hellip;]<\/p>\n","protected":false},"author":2,"featured_media":15263,"comment_status":"open","ping_status":"open","sticky":false,"template":"","format":"standard","meta":{"_jetpack_memberships_contains_paid_content":false,"footnotes":"","jetpack_publicize_message":"","jetpack_publicize_feature_enabled":true,"jetpack_social_post_already_shared":true,"jetpack_social_options":{"image_generator_settings":{"template":"highway","default_image_id":0,"font":"","enabled":false},"version":2},"_wpas_customize_per_network":false},"categories":[405],"tags":[],"class_list":["post-15262","post","type-post","status-publish","format-standard","has-post-thumbnail","hentry","category-actu-france-monde"],"jetpack_publicize_connections":[],"jetpack_featured_media_url":"https:\/\/i0.wp.com\/www.iceagetv.com\/radiosite\/wp-content\/uploads\/2020\/04\/le-gouvernement-va-autoriser-la-r%C3%A9ouverture-des-jardineries.png?fit=636%2C278&ssl=1","jetpack_sharing_enabled":true,"_links":{"self":[{"href":"https:\/\/www.iceagetv.com\/radiosite\/wp-json\/wp\/v2\/posts\/15262","targetHints":{"allow":["GET"]}}],"collection":[{"href":"https:\/\/www.iceagetv.com\/radiosite\/wp-json\/wp\/v2\/posts"}],"about":[{"href":"https:\/\/www.iceagetv.com\/radiosite\/wp-json\/wp\/v2\/types\/post"}],"author":[{"embeddable":true,"href":"https:\/\/www.iceagetv.com\/radiosite\/wp-json\/wp\/v2\/users\/2"}],"replies":[{"embeddable":true,"href":"https:\/\/www.iceagetv.com\/radiosite\/wp-json\/wp\/v2\/comments?post=15262"}],"version-history":[{"count":1,"href":"https:\/\/www.iceagetv.com\/radiosite\/wp-json\/wp\/v2\/posts\/15262\/revisions"}],"predecessor-version":[{"id":15264,"href":"https:\/\/www.iceagetv.com\/radiosite\/wp-json\/wp\/v2\/posts\/15262\/revisions\/15264"}],"wp:featuredmedia":[{"embeddable":true,"href":"https:\/\/www.iceagetv.com\/radiosite\/wp-json\/wp\/v2\/media\/15263"}],"wp:attachment":[{"href":"https:\/\/www.iceagetv.com\/radiosite\/wp-json\/wp\/v2\/media?parent=15262"}],"wp:term":[{"taxonomy":"category","embeddable":true,"href":"https:\/\/www.iceagetv.com\/radiosite\/wp-json\/wp\/v2\/categories?post=15262"},{"taxonomy":"post_tag","embeddable":true,"href":"https:\/\/www.iceagetv.com\/radiosite\/wp-json\/wp\/v2\/tags?post=15262"}],"curies":[{"name":"wp","href":"https:\/\/api.w.org\/{rel}","templated":true}]}}