{"id":15275,"date":"2020-04-14T14:47:04","date_gmt":"2020-04-14T14:47:04","guid":{"rendered":"http:\/\/www.iceagetv.com\/radiosite\/?p=15275"},"modified":"2020-04-14T14:47:04","modified_gmt":"2020-04-14T14:47:04","slug":"tf1-deprogramme-the-voice-et-rediffusera-le-concert-des-enfoires","status":"publish","type":"post","link":"https:\/\/www.iceagetv.com\/radiosite\/tf1-deprogramme-the-voice-et-rediffusera-le-concert-des-enfoires\/","title":{"rendered":"TF1 d\u00e9programme The Voice et rediffusera le concert des Enfoir\u00e9s !"},"content":{"rendered":"\n<p>Sans surprise, les primes de The Voice 2020 n&rsquo;auront pas lieu les samedis 2 et 9 mai prochains. Le t\u00e9l\u00e9-crochet de TF1 va donc s&rsquo;absenter plusieurs semaines et laisser place \u00e0 une rediffusion du concert 2017 des Enfoir\u00e9s. \u00c0 bient\u00f4t<a href=\"https:\/\/www.programme-tv.net\/news\/evenement\/the-voice-9\/252483-the-voice-les-primes-en-direct-au-palais-des-sports-pourront-ils-vraiment-avoir-lieu-debut-mai\/\"><em>\u00a0The Voice<\/em><\/a>, re-bonjour\u00a0<a href=\"https:\/\/www.programme-tv.net\/news\/tv\/249867-qui-est-paye-combien-les-enfoires-rapportent-aux-restos-du-coeur-combien-coute-le-concert-la-production-repond\/\"><em>Les Enfoir\u00e9s<\/em><\/a>\u00a0! Sans surprise,\u00a0<a href=\"https:\/\/www.programme-tv.net\/news\/tv\/252975-audiences-lallocution-demmanuel-macron-annoncant-la-date-de-fin-du-confinement-bat-un-nouveau-record\/\">la d\u00e9cision d&rsquo;Emmanuel Macron d&rsquo;allonger la dur\u00e9e du confinement en France jusqu&rsquo;au lundi 11 mai 2020<\/a>\u00a0aura eu raison des \u00e9missions en direct de la neuvi\u00e8me saison du t\u00e9l\u00e9-crochet \u00e0 succ\u00e8s de TF1. Alors que la direction de la cha\u00eene priv\u00e9e attendait l&rsquo;intervention du Pr\u00e9sident de la R\u00e9publique pour prendre une d\u00e9cision, elle est d\u00e9sormais act\u00e9e : les deux primes en direct pr\u00e9vus pour clore la saison 9 sont report\u00e9s \u00e0 une date ult\u00e9rieure. \u00ab\u00a0<em>Soit on est confin\u00e9, soit on ne l&rsquo;est pas.\u00a0<\/em>The Voice<em>\u00a0exige un minimum de qualit\u00e9, on pr\u00e9f\u00e8re attendre plut\u00f4t que de proposer une \u00e9mission d\u00e9grad\u00e9e. On a d\u00e9j\u00e0 nos candidats, nos coachs, on est pr\u00eats ! Si nous n&rsquo;avons pas la possibilit\u00e9 de faire ces deux \u00e9missions en direct en mai, dans la foul\u00e9e de celles d\u00e9j\u00e0 enregistr\u00e9es, on reportera \u00e0 une date o\u00f9 \u00e7a sera possible, en respect de la prudence sanitaire. Quand on pourra les tourner, on les tournera<\/em>\u00ab\u00a0, avait indiqu\u00e9\u00a0<strong>Fabrice Bailly<\/strong>, directeur des programmes et acquisitions du groupe TF1, au\u00a0<em>Parisien<\/em>\u00a0le week-end dernier. Il faut dire que\u00a0<a href=\"https:\/\/www.programme-tv.net\/news\/evenement\/the-voice-9\/246509-the-voice-2020-date-de-diffusion-coachs-nouvelles-regles-tout-ce-quil-faut-savoir-sur-la-9e-saison\/\"><em>The Voice<\/em><\/a>\u00a0reste l&rsquo;un des plus gros barnums de la t\u00e9l\u00e9vision fran\u00e7aise et rassemble des centaines de techniciens (hors public pr\u00e9sent dans la salle du Palais des Sports o\u00f9 devaient se d\u00e9rouler, pour la premi\u00e8re fois, la demi-finale et la finale). <\/p>\n\n\n\n<p>Selon toute vraisemblance, il faudra attendre septembre pour d\u00e9couvrir l&rsquo;identit\u00e9 du talent qui succ\u00e8dera \u00e0&nbsp;<a href=\"https:\/\/bone.prismamedia.com\/news\/evenement\/the-voice-8\/234013-whitney-the-voice-8-a-cause-de-la-douleur-jai-failli-tout-arreter\/\">Whitney, grande gagnante de la 8e saison<\/a>&nbsp;de&nbsp;<a href=\"https:\/\/bone.prismamedia.com\/news\/evenement\/the-voice-9\/246509-the-voice-2020-date-de-diffusion-coachs-nouvelles-regles-tout-ce-quil-faut-savoir-sur-la-9e-saison\/\"><em>The Voice<\/em><\/a>&nbsp;l&rsquo;ann\u00e9e derni\u00e8re. Une date qu&rsquo;avait laiss\u00e9 entendre Lara Fabian dans une interview la semaine derni\u00e8re. \u00ab\u00a0<em>Tout est suspendu et rien n&rsquo;est d\u00e9cid\u00e9. On essaye de trouver des solutions jusqu&rsquo;en septembre, on se parle toutes les semaines. Rien n&rsquo;est \u00e9cart\u00e9<\/em>\u00ab\u00a0, avait expliqu\u00e9 la chanteuse, coach du divertissement.<\/p>\n\n\n\n<p>Le samedi 2 mai d\u00e8s 21h05, en lieu et place de&nbsp;<em>The Voice<\/em>, TF1 rediffusera&nbsp;<a href=\"https:\/\/www.programme-tv.net\/news\/tv\/105789-les-enfoires-2017-michele-laroque-amir-amel-bent-ils-se-sont-tous-eclates-en-coulisses-photos\/\">le concert 2017 des&nbsp;<em>Enfoir\u00e9s<\/em><\/a>. Intitul\u00e9&nbsp;<a href=\"https:\/\/www.programme-tv.net\/news\/tv\/250462-les-enfoires-2020-pourquoi-tf1-ne-diffusera-pas-le-concert-dans-son-integralite-ce-soir\/\"><em>Mission Enfoir\u00e9s<\/em><\/a>, le show avait \u00e9t\u00e9 enregistr\u00e9 au Z\u00e9nith de Toulouse.&nbsp;<a href=\"https:\/\/www.programme-tv.net\/news\/tv\/110113-les-enfoires-2017-a-quoi-ressemble-le-spectacle-sans-jean-jacques-goldman-diffuse-ce-soir-sur-tf1\/\">Il s&rsquo;agissait du premier spectacle sans Jean-Jacques Goldman<\/a>. Cette ann\u00e9e-l\u00e0, l&rsquo;hymne des Enfoir\u00e9s avait \u00e9t\u00e9 compos\u00e9 par Gr\u00e9goire et MC Solaar et s&rsquo;appelait&nbsp;<em>Juste une p&rsquo;tite chanson<\/em>. Parmi les petits nouveaux :&nbsp;<a href=\"https:\/\/www.programme-tv.net\/biographie\/259856-girac-kendji\/\"><strong>Kendji Girac<\/strong><\/a>&nbsp;et&nbsp;<a href=\"https:\/\/www.programme-tv.net\/rechercher?q=Amir\"><strong>Amir<\/strong><\/a>.<\/p>\n\n\n\n<p><\/p>\n","protected":false},"excerpt":{"rendered":"<p>Sans surprise, les primes de The Voice 2020 n&rsquo;auront pas lieu les samedis 2 et 9 mai prochains. Le t\u00e9l\u00e9-crochet de TF1 va donc s&rsquo;absenter plusieurs semaines et laisser place \u00e0 une rediffusion du concert 2017 des Enfoir\u00e9s. \u00c0 bient\u00f4t\u00a0The Voice, re-bonjour\u00a0Les Enfoir\u00e9s\u00a0! Sans surprise,\u00a0la d\u00e9cision d&rsquo;Emmanuel Macron d&rsquo;allonger la dur\u00e9e du confinement en France [&hellip;]<\/p>\n","protected":false},"author":2,"featured_media":15276,"comment_status":"open","ping_status":"open","sticky":false,"template":"","format":"standard","meta":{"_jetpack_memberships_contains_paid_content":false,"footnotes":"","jetpack_publicize_message":"","jetpack_publicize_feature_enabled":true,"jetpack_social_post_already_shared":true,"jetpack_social_options":{"image_generator_settings":{"template":"highway","default_image_id":0,"font":"","enabled":false},"version":2},"_wpas_customize_per_network":false},"categories":[68],"tags":[],"class_list":["post-15275","post","type-post","status-publish","format-standard","has-post-thumbnail","hentry","category-actu-culturelle"],"jetpack_publicize_connections":[],"jetpack_featured_media_url":"https:\/\/i0.wp.com\/www.iceagetv.com\/radiosite\/wp-content\/uploads\/2020\/04\/TF1-d%C3%A9programme-The-Voice-et-rediffusera-le-concert-des-Enfoir%C3%A9s.png?fit=1144%2C444&ssl=1","jetpack_sharing_enabled":true,"_links":{"self":[{"href":"https:\/\/www.iceagetv.com\/radiosite\/wp-json\/wp\/v2\/posts\/15275","targetHints":{"allow":["GET"]}}],"collection":[{"href":"https:\/\/www.iceagetv.com\/radiosite\/wp-json\/wp\/v2\/posts"}],"about":[{"href":"https:\/\/www.iceagetv.com\/radiosite\/wp-json\/wp\/v2\/types\/post"}],"author":[{"embeddable":true,"href":"https:\/\/www.iceagetv.com\/radiosite\/wp-json\/wp\/v2\/users\/2"}],"replies":[{"embeddable":true,"href":"https:\/\/www.iceagetv.com\/radiosite\/wp-json\/wp\/v2\/comments?post=15275"}],"version-history":[{"count":1,"href":"https:\/\/www.iceagetv.com\/radiosite\/wp-json\/wp\/v2\/posts\/15275\/revisions"}],"predecessor-version":[{"id":15277,"href":"https:\/\/www.iceagetv.com\/radiosite\/wp-json\/wp\/v2\/posts\/15275\/revisions\/15277"}],"wp:featuredmedia":[{"embeddable":true,"href":"https:\/\/www.iceagetv.com\/radiosite\/wp-json\/wp\/v2\/media\/15276"}],"wp:attachment":[{"href":"https:\/\/www.iceagetv.com\/radiosite\/wp-json\/wp\/v2\/media?parent=15275"}],"wp:term":[{"taxonomy":"category","embeddable":true,"href":"https:\/\/www.iceagetv.com\/radiosite\/wp-json\/wp\/v2\/categories?post=15275"},{"taxonomy":"post_tag","embeddable":true,"href":"https:\/\/www.iceagetv.com\/radiosite\/wp-json\/wp\/v2\/tags?post=15275"}],"curies":[{"name":"wp","href":"https:\/\/api.w.org\/{rel}","templated":true}]}}