{"id":15283,"date":"2020-04-15T15:39:18","date_gmt":"2020-04-15T15:39:18","guid":{"rendered":"http:\/\/www.iceagetv.com\/radiosite\/?p=15283"},"modified":"2020-04-15T15:39:18","modified_gmt":"2020-04-15T15:39:18","slug":"confinement-le-patron-de-la-sncf-annonce-que-les-passagers-devront-porter-un-masque-a-partir-du-11-mai-sils-veulent-prendre-un-train","status":"publish","type":"post","link":"https:\/\/www.iceagetv.com\/radiosite\/confinement-le-patron-de-la-sncf-annonce-que-les-passagers-devront-porter-un-masque-a-partir-du-11-mai-sils-veulent-prendre-un-train\/","title":{"rendered":"Confinement &#8211; Le patron de la SNCF annonce que les passagers devront porter un masque \u00e0 partir du 11 mai s&rsquo;ils veulent prendre un train"},"content":{"rendered":"\n<p>Tr\u00e8s fortement r\u00e9duit ces derni\u00e8res semaines, le trafic ferroviaire devrait reprendre progressivement d&rsquo;ici l&rsquo;\u00e9t\u00e9 apr\u00e8s le d\u00e9confinement,&nbsp;mais les passagers devront porter des masques, a indiqu\u00e9 mercredi le PDG de la SNCF Jean-Pierre Farandou.&nbsp;<\/p>\n\n\n\n<blockquote class=\"wp-block-quote is-layout-flow wp-block-quote-is-layout-flow\"><p>\u00ab\u00a0Le &lsquo;jour d&rsquo;apr\u00e8s&rsquo;&nbsp;sera progressif. (&#8230;) Nous allons avoir une remont\u00e9e progressive de l&rsquo;offre\u00a0\u00bb pour accompagner \u00ab\u00a0le d\u00e9confinement partiel ou le confinement all\u00e9g\u00e9\u00a0\u00bb \u00e0 partir du 11 mai, a expliqu\u00e9 Jean-Pierre&nbsp;Farandou lors d&rsquo;une audition au S\u00e9nat. Mais cette reprise du trafic doit s&rsquo;accompagner de nouvelles pr\u00e9cautions sanitaires, a-t-il insist\u00e9&nbsp;lors d\u2019une audition au S\u00e9nat.<\/p><p>Pour lui, cela permettrait de lever \u00e0 bord des r\u00e8gles de distanciation qui&nbsp;\u00ab\u00a0paraissent tr\u00e8s, tr\u00e8s compliqu\u00e9es \u00e0 aborder.\u00a0\u00bb<\/p><p>En Ile-de-France par exemple,&nbsp;\u00ab\u00a0si on nous impose de mettre un m\u00e8tre ou un m\u00e8tre et demi entre chaque passager, avec 100 % des trains on ne transporte que 20 % de ce qu\u2019on transporte d\u2019habitude.&nbsp;Donc \u00e7a ne marche pas !\u00a0\u00bb<\/p><p>\u00ab\u00a0Il faut vraiment que le port du masque soit obligatoire pour les transports&nbsp;publics.&nbsp;C\u2019est la demande que fait la SNCF\u00a0\u00bb, a-t-il insist\u00e9.<\/p><p>\u00ab\u00a0La SNCF ne peut pas prendre sur ses \u00e9paules la distribution de masques \u00e0 toute la population fran\u00e7aise\u00a0\u00bb, a toutefois remarqu\u00e9 le dirigeant.<\/p><\/blockquote>\n","protected":false},"excerpt":{"rendered":"<p>Tr\u00e8s fortement r\u00e9duit ces derni\u00e8res semaines, le trafic ferroviaire devrait reprendre progressivement d&rsquo;ici l&rsquo;\u00e9t\u00e9 apr\u00e8s le d\u00e9confinement,&nbsp;mais les passagers devront porter des masques, a indiqu\u00e9 mercredi le PDG de la SNCF Jean-Pierre Farandou.&nbsp; \u00ab\u00a0Le &lsquo;jour d&rsquo;apr\u00e8s&rsquo;&nbsp;sera progressif. (&#8230;) Nous allons avoir une remont\u00e9e progressive de l&rsquo;offre\u00a0\u00bb pour accompagner \u00ab\u00a0le d\u00e9confinement partiel ou le confinement all\u00e9g\u00e9\u00a0\u00bb [&hellip;]<\/p>\n","protected":false},"author":2,"featured_media":0,"comment_status":"open","ping_status":"open","sticky":false,"template":"","format":"standard","meta":{"_jetpack_memberships_contains_paid_content":false,"footnotes":"","jetpack_publicize_message":"","jetpack_publicize_feature_enabled":true,"jetpack_social_post_already_shared":true,"jetpack_social_options":{"image_generator_settings":{"template":"highway","default_image_id":0,"font":"","enabled":false},"version":2},"_wpas_customize_per_network":false},"categories":[405],"tags":[],"class_list":["post-15283","post","type-post","status-publish","format-standard","hentry","category-actu-france-monde"],"jetpack_publicize_connections":[],"jetpack_featured_media_url":"","jetpack_sharing_enabled":true,"_links":{"self":[{"href":"https:\/\/www.iceagetv.com\/radiosite\/wp-json\/wp\/v2\/posts\/15283","targetHints":{"allow":["GET"]}}],"collection":[{"href":"https:\/\/www.iceagetv.com\/radiosite\/wp-json\/wp\/v2\/posts"}],"about":[{"href":"https:\/\/www.iceagetv.com\/radiosite\/wp-json\/wp\/v2\/types\/post"}],"author":[{"embeddable":true,"href":"https:\/\/www.iceagetv.com\/radiosite\/wp-json\/wp\/v2\/users\/2"}],"replies":[{"embeddable":true,"href":"https:\/\/www.iceagetv.com\/radiosite\/wp-json\/wp\/v2\/comments?post=15283"}],"version-history":[{"count":1,"href":"https:\/\/www.iceagetv.com\/radiosite\/wp-json\/wp\/v2\/posts\/15283\/revisions"}],"predecessor-version":[{"id":15284,"href":"https:\/\/www.iceagetv.com\/radiosite\/wp-json\/wp\/v2\/posts\/15283\/revisions\/15284"}],"wp:attachment":[{"href":"https:\/\/www.iceagetv.com\/radiosite\/wp-json\/wp\/v2\/media?parent=15283"}],"wp:term":[{"taxonomy":"category","embeddable":true,"href":"https:\/\/www.iceagetv.com\/radiosite\/wp-json\/wp\/v2\/categories?post=15283"},{"taxonomy":"post_tag","embeddable":true,"href":"https:\/\/www.iceagetv.com\/radiosite\/wp-json\/wp\/v2\/tags?post=15283"}],"curies":[{"name":"wp","href":"https:\/\/api.w.org\/{rel}","templated":true}]}}