{"id":15285,"date":"2020-04-15T18:10:40","date_gmt":"2020-04-15T18:10:40","guid":{"rendered":"http:\/\/www.iceagetv.com\/radiosite\/?p=15285"},"modified":"2020-04-15T18:10:40","modified_gmt":"2020-04-15T18:10:40","slug":"coronavirus-17-167-morts-depuis-le-debut-de-lepidemie-en-france-le-nombre-dhospitalisations-en-baisse","status":"publish","type":"post","link":"https:\/\/www.iceagetv.com\/radiosite\/coronavirus-17-167-morts-depuis-le-debut-de-lepidemie-en-france-le-nombre-dhospitalisations-en-baisse\/","title":{"rendered":"Coronavirus: 17.167 morts depuis le d\u00e9but de l&rsquo;\u00e9pid\u00e9mie en France, le nombre d&rsquo;hospitalisations en baisse"},"content":{"rendered":"\n<h2 class=\"wp-block-heading\">Depuis le 1er mars,&nbsp;au moins 17.167 personnes sont mortes des suites d&rsquo;une contamination au Covid-19, annonce le directeur g\u00e9n\u00e9ral de la Sant\u00e9. Pour la premi\u00e8re fois, le nombre d&rsquo;hospitalisation est en baisse.&nbsp;<\/h2>\n\n\n\n<p>L&rsquo;\u00e9pid\u00e9mie de&nbsp;coronavirus&nbsp;a fait&nbsp;17.167&nbsp;&nbsp;morts en France depuis le d\u00e9but de la pand\u00e9mie, a annonc\u00e9&nbsp;le directeur g\u00e9n\u00e9ral de la Sant\u00e9 ce mercredi lors de son point presse quotidien.&nbsp;<\/p>\n\n\n\n<ul class=\"wp-block-list\"><li>Le nombre d&rsquo;hospitalisations en baisse<\/li><\/ul>\n\n\n\n<p>74.030&nbsp;personnes ont d\u00fb \u00eatre hospitalis\u00e9es depuis le d\u00e9but de l&rsquo;\u00e9pid\u00e9mie. 31.779&nbsp;sont toujours hospitalis\u00e9es pour cause de coronavirus, soit 2415&nbsp;de plus que la veille. Cela repr\u00e9sente, pour la premi\u00e8re fois, une baisse du nombre d&rsquo;hospitalisations.&nbsp;<\/p>\n\n\n\n<blockquote class=\"wp-block-quote is-layout-flow wp-block-quote-is-layout-flow\"><p>\u00ab\u00a0Le solde pr\u00e9sente pour la premi\u00e8re fois une baisse. Les sorties ont \u00e9t\u00e9 nombreuses. Nous avons donc 513 personnes hospitalis\u00e9es en moins par rapport \u00e0 la veille\u00a0\u00bb, a salu\u00e9 J\u00e9r\u00f4me Salomon.<\/p><\/blockquote>\n\n\n\n<ul class=\"wp-block-list\"><li>6467 personnes prises en charge en r\u00e9animation<\/li><\/ul>\n\n\n\n<p>Si 263 personnes y ont \u00e9t\u00e9 admises ces derni\u00e8res&nbsp;24h, le nombre de patients pris en charge en r\u00e9animation baisse pour le septi\u00e8me&nbsp;jour cons\u00e9cutif,&nbsp;selon la direction g\u00e9n\u00e9rale de la Sant\u00e9. Ils sont ce mercredi 6467 patients dans ces services. Parmi eux, un tiers ont moins de 60 ans et 99 ont moins de trente ans.<\/p>\n\n\n\n<p>Au cours des derni\u00e8res 24h, 284 patients ont par ailleurs \u00e9t\u00e9 admis en soins intensifs, un chiffre en hausse par rapport \u00e0 mardi.<\/p>\n\n\n\n<ul class=\"wp-block-list\"><li>7.167 morts depuis le d\u00e9but de la pand\u00e9mie<\/li><\/ul>\n\n\n\n<p>Depuis le 1er mars,&nbsp;au moins 17.167&nbsp;personnes sont mortes des suites d&rsquo;une contamination au Covid-19, dont 6.524&nbsp;dans des Ehpad et autres \u00e9tablissements m\u00e9dico-sociaux, pr\u00e9cise J\u00e9r\u00f4me Salomon lors de son point de presse quotidien li\u00e9 \u00e0 la pand\u00e9mie. Des chiffres en forte hausse sur les derni\u00e8res 24 heures, mais li\u00e9s \u00e0 un \u00ab\u00a0rattrapage\u00a0\u00bb dans les remont\u00e9es de donn\u00e9es, souligne-t-il.&nbsp;<\/p>\n\n\n\n<p><\/p>\n","protected":false},"excerpt":{"rendered":"<p>Depuis le 1er mars,&nbsp;au moins 17.167 personnes sont mortes des suites d&rsquo;une contamination au Covid-19, annonce le directeur g\u00e9n\u00e9ral de la Sant\u00e9. Pour la premi\u00e8re fois, le nombre d&rsquo;hospitalisation est en baisse.&nbsp; L&rsquo;\u00e9pid\u00e9mie de&nbsp;coronavirus&nbsp;a fait&nbsp;17.167&nbsp;&nbsp;morts en France depuis le d\u00e9but de la pand\u00e9mie, a annonc\u00e9&nbsp;le directeur g\u00e9n\u00e9ral de la Sant\u00e9 ce mercredi lors de son [&hellip;]<\/p>\n","protected":false},"author":2,"featured_media":15228,"comment_status":"open","ping_status":"open","sticky":false,"template":"","format":"standard","meta":{"_jetpack_memberships_contains_paid_content":false,"footnotes":"","jetpack_publicize_message":"","jetpack_publicize_feature_enabled":true,"jetpack_social_post_already_shared":true,"jetpack_social_options":{"image_generator_settings":{"template":"highway","default_image_id":0,"font":"","enabled":false},"version":2},"_wpas_customize_per_network":false},"categories":[405],"tags":[],"class_list":["post-15285","post","type-post","status-publish","format-standard","has-post-thumbnail","hentry","category-actu-france-monde"],"jetpack_publicize_connections":[],"jetpack_featured_media_url":"https:\/\/i0.wp.com\/www.iceagetv.com\/radiosite\/wp-content\/uploads\/2020\/04\/7.148-personnes-en-r%C3%A9animation.jpg?fit=633%2C285&ssl=1","jetpack_sharing_enabled":true,"_links":{"self":[{"href":"https:\/\/www.iceagetv.com\/radiosite\/wp-json\/wp\/v2\/posts\/15285","targetHints":{"allow":["GET"]}}],"collection":[{"href":"https:\/\/www.iceagetv.com\/radiosite\/wp-json\/wp\/v2\/posts"}],"about":[{"href":"https:\/\/www.iceagetv.com\/radiosite\/wp-json\/wp\/v2\/types\/post"}],"author":[{"embeddable":true,"href":"https:\/\/www.iceagetv.com\/radiosite\/wp-json\/wp\/v2\/users\/2"}],"replies":[{"embeddable":true,"href":"https:\/\/www.iceagetv.com\/radiosite\/wp-json\/wp\/v2\/comments?post=15285"}],"version-history":[{"count":1,"href":"https:\/\/www.iceagetv.com\/radiosite\/wp-json\/wp\/v2\/posts\/15285\/revisions"}],"predecessor-version":[{"id":15286,"href":"https:\/\/www.iceagetv.com\/radiosite\/wp-json\/wp\/v2\/posts\/15285\/revisions\/15286"}],"wp:featuredmedia":[{"embeddable":true,"href":"https:\/\/www.iceagetv.com\/radiosite\/wp-json\/wp\/v2\/media\/15228"}],"wp:attachment":[{"href":"https:\/\/www.iceagetv.com\/radiosite\/wp-json\/wp\/v2\/media?parent=15285"}],"wp:term":[{"taxonomy":"category","embeddable":true,"href":"https:\/\/www.iceagetv.com\/radiosite\/wp-json\/wp\/v2\/categories?post=15285"},{"taxonomy":"post_tag","embeddable":true,"href":"https:\/\/www.iceagetv.com\/radiosite\/wp-json\/wp\/v2\/tags?post=15285"}],"curies":[{"name":"wp","href":"https:\/\/api.w.org\/{rel}","templated":true}]}}