{"id":15293,"date":"2020-04-16T09:36:26","date_gmt":"2020-04-16T09:36:26","guid":{"rendered":"http:\/\/www.iceagetv.com\/radiosite\/?p=15293"},"modified":"2020-04-16T09:36:26","modified_gmt":"2020-04-16T09:36:26","slug":"france-4-qui-doit-cesser-demettre-le-9-aout-pourrait-finalement-etre-maintenue-compte-tenu-de-ses-programmes-educatifs-pendant-la-crise","status":"publish","type":"post","link":"https:\/\/www.iceagetv.com\/radiosite\/france-4-qui-doit-cesser-demettre-le-9-aout-pourrait-finalement-etre-maintenue-compte-tenu-de-ses-programmes-educatifs-pendant-la-crise\/","title":{"rendered":"France 4, qui doit cesser d&rsquo;\u00e9mettre le 9 ao\u00fbt, pourrait finalement \u00eatre maintenue, compte tenu de ses programmes \u00e9ducatifs pendant la crise"},"content":{"rendered":"\n<p>La cha\u00eene de t\u00e9l\u00e9vision publique France 4, qui doit cesser d&rsquo;\u00e9mettre le 9 ao\u00fbt, pourrait finalement \u00eatre maintenue, compte tenu de l&rsquo;utilit\u00e9 de ses programmes \u00e9ducatifs et jeunesse pendant la crise du coronavirus, selon le ministre de la Culture Franck Riester. \u00ab\u00a0On ne sortira pas de la crise comme nous y sommes rentr\u00e9s\u00a0\u00bb, a estim\u00e9 le ministre jeudi sur France Inter.<\/p>\n\n\n\n<p>\u00ab\u00a0Nous devons assurer que dans l&rsquo;avenir, en lin\u00e9aire, sur le poste de t\u00e9l\u00e9vision\u00a0\u00bb il continue \u00e0 y avoir \u00ab\u00a0des contenus jeunesse, des contenus \u00e9ducatifs\u00a0\u00bb. \u00ab\u00a0J&rsquo;ai demand\u00e9 \u00e0 Delphine Ernotte, la patronne de France T\u00e9l\u00e9visions, de nous dire quel serait le pacte d&rsquo;engagement pour la jeunesse et les contenus \u00e9ducatifs si France 4 \u00e9tait \u00e9teint au mois d&rsquo;ao\u00fbt ou, s&rsquo;il devait y avoir une d\u00e9cision diff\u00e9rente, quelle pourrait \u00eatre la grille si France 4 \u00e9tait maintenue\u00a0\u00bb, a-t-il affirm\u00e9, pr\u00e9cisant qu&rsquo;aucune \u00ab\u00a0d\u00e9cision d\u00e9finitive\u00a0\u00bb ne serait prise avant la r\u00e9ponse du groupe d&rsquo;audiovisuel public.<\/p>\n\n\n\n<p>Depuis le d\u00e9but du confinement, la cha\u00eene France 4 retransmet tous les jours de la semaine des cours enregistr\u00e9s et dispens\u00e9s par des enseignants du primaire, du coll\u00e8ge et du lyc\u00e9e. Plusieurs d\u00e9put\u00e9s LREM r\u00e9clament le maintien de la cha\u00eene. \u00ab\u00a0France 4 a \u00e9t\u00e9 capable de bousculer sa programmation, de cr\u00e9er de nouveaux programmes et d&rsquo;attirer une audience forte\u00a0\u00bb, soulignait mercredi la d\u00e9put\u00e9e et porte-parole LREM Aurore Berg\u00e9.<\/p>\n\n\n\n<p>France T\u00e9l\u00e9visions avait fix\u00e9 au 9 ao\u00fbt la fin des cha\u00eenes publiques France 4 et France O. La fermeture des deux cha\u00eenes \u00e0 l&rsquo;horizon 2020 avait \u00e9t\u00e9 annonc\u00e9e en juin 2018 par la ministre de la Culture de l&rsquo;\u00e9poque, Fran\u00e7oise Nyssen, au nom d&rsquo;une acc\u00e9l\u00e9ration des investissements dans le num\u00e9rique.<\/p>\n","protected":false},"excerpt":{"rendered":"<p>La cha\u00eene de t\u00e9l\u00e9vision publique France 4, qui doit cesser d&rsquo;\u00e9mettre le 9 ao\u00fbt, pourrait finalement \u00eatre maintenue, compte tenu de l&rsquo;utilit\u00e9 de ses programmes \u00e9ducatifs et jeunesse pendant la crise du coronavirus, selon le ministre de la Culture Franck Riester. \u00ab\u00a0On ne sortira pas de la crise comme nous y sommes rentr\u00e9s\u00a0\u00bb, a estim\u00e9 [&hellip;]<\/p>\n","protected":false},"author":2,"featured_media":15294,"comment_status":"open","ping_status":"open","sticky":false,"template":"","format":"standard","meta":{"_jetpack_memberships_contains_paid_content":false,"footnotes":"","jetpack_publicize_message":"","jetpack_publicize_feature_enabled":true,"jetpack_social_post_already_shared":true,"jetpack_social_options":{"image_generator_settings":{"template":"highway","default_image_id":0,"font":"","enabled":false},"version":2},"_wpas_customize_per_network":false},"categories":[68],"tags":[],"class_list":["post-15293","post","type-post","status-publish","format-standard","has-post-thumbnail","hentry","category-actu-culturelle"],"jetpack_publicize_connections":[],"jetpack_featured_media_url":"https:\/\/i0.wp.com\/www.iceagetv.com\/radiosite\/wp-content\/uploads\/2020\/04\/France-4.png?fit=623%2C273&ssl=1","jetpack_sharing_enabled":true,"_links":{"self":[{"href":"https:\/\/www.iceagetv.com\/radiosite\/wp-json\/wp\/v2\/posts\/15293","targetHints":{"allow":["GET"]}}],"collection":[{"href":"https:\/\/www.iceagetv.com\/radiosite\/wp-json\/wp\/v2\/posts"}],"about":[{"href":"https:\/\/www.iceagetv.com\/radiosite\/wp-json\/wp\/v2\/types\/post"}],"author":[{"embeddable":true,"href":"https:\/\/www.iceagetv.com\/radiosite\/wp-json\/wp\/v2\/users\/2"}],"replies":[{"embeddable":true,"href":"https:\/\/www.iceagetv.com\/radiosite\/wp-json\/wp\/v2\/comments?post=15293"}],"version-history":[{"count":1,"href":"https:\/\/www.iceagetv.com\/radiosite\/wp-json\/wp\/v2\/posts\/15293\/revisions"}],"predecessor-version":[{"id":15295,"href":"https:\/\/www.iceagetv.com\/radiosite\/wp-json\/wp\/v2\/posts\/15293\/revisions\/15295"}],"wp:featuredmedia":[{"embeddable":true,"href":"https:\/\/www.iceagetv.com\/radiosite\/wp-json\/wp\/v2\/media\/15294"}],"wp:attachment":[{"href":"https:\/\/www.iceagetv.com\/radiosite\/wp-json\/wp\/v2\/media?parent=15293"}],"wp:term":[{"taxonomy":"category","embeddable":true,"href":"https:\/\/www.iceagetv.com\/radiosite\/wp-json\/wp\/v2\/categories?post=15293"},{"taxonomy":"post_tag","embeddable":true,"href":"https:\/\/www.iceagetv.com\/radiosite\/wp-json\/wp\/v2\/tags?post=15293"}],"curies":[{"name":"wp","href":"https:\/\/api.w.org\/{rel}","templated":true}]}}