{"id":15299,"date":"2020-04-17T16:45:56","date_gmt":"2020-04-17T16:45:56","guid":{"rendered":"http:\/\/www.iceagetv.com\/radiosite\/?p=15299"},"modified":"2020-04-17T16:45:56","modified_gmt":"2020-04-17T16:45:56","slug":"comment-le-gouvernement-prepare-le-plan-de-levee-progressive-du-confinement","status":"publish","type":"post","link":"https:\/\/www.iceagetv.com\/radiosite\/comment-le-gouvernement-prepare-le-plan-de-levee-progressive-du-confinement\/","title":{"rendered":"Comment le gouvernement pr\u00e9pare le plan de lev\u00e9e progressive du confinement"},"content":{"rendered":"\n<ul class=\"wp-block-list\"><li>e 13 avril, Emmanuel Macron a annonc\u00e9 la lev\u00e9e progressive du confinement \u00e0 partir du 11&nbsp;mai. Le pr\u00e9sident a charg\u00e9 le gouvernement de pr\u00e9senter sous deux semaines un plan de d\u00e9confinement.<\/li><li>Depuis, Matignon a charg\u00e9 les membres du gouvernement de lister les questions que pose le d\u00e9confinement, secteur par secteur.<\/li><li>Une fois ces questions centralis\u00e9es, \u00c9douard Philippe et Jean Castex devront s\u2019assurer d\u2019apporter des r\u00e9ponses coordonn\u00e9es, avant la pr\u00e9sentation du plan fin avril.<\/li><\/ul>\n\n\n\n<p>Moins d\u2019un mois pour d\u00e9confiner. C\u2019est la mission du gouvernement, apr\u00e8s qu\u2019Emmanuel Macron a annonc\u00e9 lundi aux Fran\u00e7ais la lev\u00e9e progressive du&nbsp;<a href=\"https:\/\/www.20minutes.fr\/societe\/confinement\/\">confinement<\/a>&nbsp;d\u00e8s le 11&nbsp;mai. Dans sa troisi\u00e8me allocution depuis le d\u00e9but de la crise du&nbsp;<a href=\"https:\/\/www.20minutes.fr\/dossier\/coronavirus\">coronavirus<\/a>, le chef de l\u2019Etat a fix\u00e9 un calendrier serr\u00e9, en chargeant le gouvernement de \u00ab&nbsp;pr\u00e9senter&nbsp;d\u2019ici 15 jours le plan de l\u2019apr\u00e8s&nbsp;11&nbsp;mai&nbsp;et les d\u00e9tails d\u2019organisation de notre vie quotidienne&nbsp;\u00bb. \u00ab&nbsp;C\u2019est chaud&nbsp;\u00bb, souffle un conseiller minist\u00e9riel. Le gouvernement dispose donc de deux semaines pour&nbsp;<a href=\"https:\/\/www.20minutes.fr\/societe\/2760303-20200414-coronavirus-depistage-masques-vacances-questions-restent-suspens-apres-allocution-emmanuel-macron\">pr\u00e9ciser les annonces du pr\u00e9sident de la R\u00e9publique<\/a>, notamment sur la r\u00e9ouverture des \u00e9coles, le \u00ab&nbsp;retour&nbsp;\u00bb au travail du \u00ab&nbsp;plus grand nombre&nbsp;\u00bb ou le maintien du confinement pour les personnes \u00ab&nbsp;les plus vuln\u00e9rables&nbsp;\u00bb.<\/p>\n\n\n\n<h2 class=\"wp-block-heading\">Faire remonter les questions, minist\u00e8re par minist\u00e8re<\/h2>\n\n\n\n<p>Pour \u00e9laborer ce plan, Edouard Philippe a dans un premier temps demand\u00e9&nbsp;\u00e0 chaque ministre de recenser les questions que pose le d\u00e9confinement dans leur champ de comp\u00e9tences respectif. \u00ab&nbsp;Il souhaite que chaque ministre transmette les interrogations de leurs administrations.&nbsp;Les remont\u00e9es sont en cours&nbsp;\u00bb, nous pr\u00e9cise Matignon. De nombreux sujets font d\u00e9bat, et inqui\u00e8tent les administrations, et les Fran\u00e7ais. Comment rouvrir les \u00e9tablissements scolaires tout en garantissant la s\u00e9curit\u00e9 sanitaire de tous&nbsp;?&nbsp;A partir de quel \u00e2ge sera-t-on consid\u00e9r\u00e9 comme \u00ab&nbsp;vuln\u00e9rable&nbsp;\u00bb, et sur quels crit\u00e8res de sant\u00e9&nbsp;?&nbsp;<a href=\"https:\/\/www.20minutes.fr\/societe\/2760631-20200414-coronavirus-services-renseignements-redoutent-fin-confinement\">Les manifestations seront-elles autoris\u00e9es ?<\/a>&nbsp;Comment les d\u00e9pistages seront-ils men\u00e9s&nbsp;?<\/p>\n\n\n\n<p>Par exemple, le ministre de l\u2019Economie s\u2019est vu confier \u00ab&nbsp;deux sujets, assurer la reprise du travail dans les entreprises, avec Muriel P\u00e9nicaud [ministre du Travail] et accompagner les secteurs concern\u00e9s touch\u00e9s par le prolongement du&nbsp;confinement, dans le tourisme, la restauration, l\u2019h\u00f4tellerie, avec G\u00e9rald Darmanin [aux Comptes publics]&nbsp;\u00bb, explique-t-on dans son cabinet. \u00ab&nbsp;On a relev\u00e9 beaucoup de&nbsp;questionnements, l\u2019id\u00e9e c\u2019est d\u2019\u00eatre exhaustif et de se poser les bonnes questions pour ensuite prendre les bonnes d\u00e9cisions&nbsp;\u00bb.<\/p>\n\n\n\n<p>Le Premier ministre devrait \u00e9voquer ce travail en cours,&nbsp;<a href=\"https:\/\/www.20minutes.fr\/politique\/2762691-20200417-coronavirus-edouard-philippe-oliver-veran-prendront-parole-dimanche-apres-midi\">dimanche, lors de la conf\u00e9rence pr\u00e9vue<\/a>&nbsp;avec le ministre de la Sant\u00e9 Olivier V\u00e9ran. Cette prise de parole sera essentiellement consacr\u00e9e au bilan sanitaire de l\u2019\u00e9pid\u00e9mie, et le chef du gouvernement&nbsp;abordera aussi \u00ab&nbsp;les enjeux, les nombreuses questions que les ministres se posent, pour associer les Fran\u00e7ais&nbsp;\u00bb, indique son entourage. L\u2019id\u00e9e \u00e9tant de faire preuve de transparence sur la complexit\u00e9 du d\u00e9confinement, dans le contexte o\u00f9 l\u2019\u00e9pid\u00e9mie n\u2019est pas sous contr\u00f4le.<\/p>\n\n\n\n<h2 class=\"wp-block-heading\">Philippe et Castex \u00e0 la coordination<\/h2>\n\n\n\n<p>Une fois que chaque ministre aura rendu sa copie, les visioconf\u00e9rences minist\u00e9rielles s\u2019encha\u00eeneront, \u00ab&nbsp;tous les deux, trois jours&nbsp;\u00bb afin \u00ab&nbsp;d\u2019\u00e9laborer des r\u00e9ponses coordonn\u00e9es \u00e0 toutes ces questions. Car on ne peut pas r\u00e9fl\u00e9chir \u00e0 la reprise du travail, sans se poser la question des transports publics, par exemple en Ile-de-France. Et on ne peut pas se poser la question de la reprise des transports publics sans se poser celle de l\u2019usage de masques pour le grand public&nbsp;\u00bb, illustre-t-on \u00e0 Matignon.<\/p>\n\n\n\n<p>\u00ab&nbsp;Il faut aussi regarder ce qui se passe dans les autres pays, \u00e7a va nous servir d\u2019enseignement&nbsp;\u00bb, confie un proche du chef de l\u2019Etat, soucieux de ne pas \u00ab&nbsp;refaire le sc\u00e9nario des masques avec les d\u00e9pistages&nbsp;\u00bb.<\/p>\n\n\n\n<p>La coordination de ce plan est confi\u00e9e \u00e0&nbsp;Edouard Philippe&nbsp;et Jean Castex,&nbsp;<a href=\"https:\/\/www.20minutes.fr\/politique\/2756995-20200408-coronavirus-jean-castex-monsieur-deconfinement-gouvernement\">charg\u00e9 de la d\u00e9licate mission du d\u00e9confinement<\/a>. En attendant la pr\u00e9sentation du plan, les&nbsp;ministres ont pour consigne de limiter leur communication \u00ab&nbsp;aux prises de paroles n\u00e9cessaires&nbsp;\u00bb uniquement. Alors que la d\u00e9fiance \u00e0 l\u2019\u00e9gard de la gestion de cette crise sanitaire se maintient, selon plusieurs sondages, la r\u00e9ussite du&nbsp;d\u00e9confinement s\u2019annonce capitale pour l\u2019ex\u00e9cutif.<\/p>\n","protected":false},"excerpt":{"rendered":"<p>e 13 avril, Emmanuel Macron a annonc\u00e9 la lev\u00e9e progressive du confinement \u00e0 partir du 11&nbsp;mai. Le pr\u00e9sident a charg\u00e9 le gouvernement de pr\u00e9senter sous deux semaines un plan de d\u00e9confinement. Depuis, Matignon a charg\u00e9 les membres du gouvernement de lister les questions que pose le d\u00e9confinement, secteur par secteur. Une fois ces questions centralis\u00e9es, [&hellip;]<\/p>\n","protected":false},"author":2,"featured_media":15300,"comment_status":"open","ping_status":"open","sticky":false,"template":"","format":"standard","meta":{"_jetpack_memberships_contains_paid_content":false,"footnotes":"","jetpack_publicize_message":"","jetpack_publicize_feature_enabled":true,"jetpack_social_post_already_shared":true,"jetpack_social_options":{"image_generator_settings":{"template":"highway","default_image_id":0,"font":"","enabled":false},"version":2},"_wpas_customize_per_network":false},"categories":[405],"tags":[],"class_list":["post-15299","post","type-post","status-publish","format-standard","has-post-thumbnail","hentry","category-actu-france-monde"],"jetpack_publicize_connections":[],"jetpack_featured_media_url":"https:\/\/i0.wp.com\/www.iceagetv.com\/radiosite\/wp-content\/uploads\/2020\/04\/Comment-le-gouvernement-pr%C3%A9pare-le-plan-de-lev%C3%A9e-progressive-du-confinement.png?fit=630%2C422&ssl=1","jetpack_sharing_enabled":true,"_links":{"self":[{"href":"https:\/\/www.iceagetv.com\/radiosite\/wp-json\/wp\/v2\/posts\/15299","targetHints":{"allow":["GET"]}}],"collection":[{"href":"https:\/\/www.iceagetv.com\/radiosite\/wp-json\/wp\/v2\/posts"}],"about":[{"href":"https:\/\/www.iceagetv.com\/radiosite\/wp-json\/wp\/v2\/types\/post"}],"author":[{"embeddable":true,"href":"https:\/\/www.iceagetv.com\/radiosite\/wp-json\/wp\/v2\/users\/2"}],"replies":[{"embeddable":true,"href":"https:\/\/www.iceagetv.com\/radiosite\/wp-json\/wp\/v2\/comments?post=15299"}],"version-history":[{"count":1,"href":"https:\/\/www.iceagetv.com\/radiosite\/wp-json\/wp\/v2\/posts\/15299\/revisions"}],"predecessor-version":[{"id":15301,"href":"https:\/\/www.iceagetv.com\/radiosite\/wp-json\/wp\/v2\/posts\/15299\/revisions\/15301"}],"wp:featuredmedia":[{"embeddable":true,"href":"https:\/\/www.iceagetv.com\/radiosite\/wp-json\/wp\/v2\/media\/15300"}],"wp:attachment":[{"href":"https:\/\/www.iceagetv.com\/radiosite\/wp-json\/wp\/v2\/media?parent=15299"}],"wp:term":[{"taxonomy":"category","embeddable":true,"href":"https:\/\/www.iceagetv.com\/radiosite\/wp-json\/wp\/v2\/categories?post=15299"},{"taxonomy":"post_tag","embeddable":true,"href":"https:\/\/www.iceagetv.com\/radiosite\/wp-json\/wp\/v2\/tags?post=15299"}],"curies":[{"name":"wp","href":"https:\/\/api.w.org\/{rel}","templated":true}]}}