{"id":15306,"date":"2020-04-18T07:01:58","date_gmt":"2020-04-18T07:01:58","guid":{"rendered":"http:\/\/www.iceagetv.com\/radiosite\/?p=15306"},"modified":"2020-04-18T07:01:58","modified_gmt":"2020-04-18T07:01:58","slug":"finalement-il-ny-aura-pas-dinterdiction-de-circuler-pour-les-plus-de-65-ou-70-ans-en-france-a-partir-de-11-mai-il-ny-aura-pas-de-discrimination-emmanuel-macron","status":"publish","type":"post","link":"https:\/\/www.iceagetv.com\/radiosite\/finalement-il-ny-aura-pas-dinterdiction-de-circuler-pour-les-plus-de-65-ou-70-ans-en-france-a-partir-de-11-mai-il-ny-aura-pas-de-discrimination-emmanuel-macron\/","title":{"rendered":"Finalement, il n&rsquo;y aura pas d&rsquo;interdiction de circuler pour les plus de 65 ou 70 ans en France \u00e0 partir de 11 Mai : \u00ab\u00a0Il n&rsquo;y aura pas de discrimination \u00a0\u00bb (Emmanuel Macron)"},"content":{"rendered":"\n<p>Lundi, le pr\u00e9sident de la R\u00e9publique a annonc\u00e9 lors de son allocution un d\u00e9confinement progressif \u00e0 partir du 11 mai. Cependant, il avait pr\u00e9cis\u00e9 que les personnes affrontant les plus grands risques face au coronavirus, \u00e0 commencer par les seniors ne seraient pas \u00ab\u00a0lib\u00e9r\u00e9es\u00a0\u00bb ce jour l\u00e0: \u00ab\u00a0Pour leur protection, nous demanderons aux personnes les plus vuln\u00e9rables, aux personnes \u00e2g\u00e9es, en situation de handicap s\u00e9v\u00e8re, aux personnes atteintes de maladies chroniques, de rester, m\u00eame apr\u00e8s le 11 mai, confin\u00e9es, tout au moins dans un premier temps.\u00a0\u00bb<\/p>\n\n\n\n<p>Mais hier soir, nouveau rebondissement avec Emmanuel Macron qui a annonc\u00e9 qu&rsquo;il \u00ab\u00a0ne souhaite pas de discrimination\u00a0\u00bb des personnes \u00e2g\u00e9es dans le cadre du d\u00e9confinement progressif annonc\u00e9 apr\u00e8s le 11 mai et donc \u00ab\u00a0en appellera \u00e0 la responsabilit\u00e9 individuelle\u00a0\u00bb de chacun. Le chef de l&rsquo;Etat a souhait\u00e9 faire cette mise au point en voyant \u00ab\u00a0monter le d\u00e9bat sur la situation de nos a\u00een\u00e9s, apr\u00e8s les d\u00e9clarations du professeur Jean-Fran\u00e7ois Delfraissy\u00a0\u00bb. Celui-ci avait dit mercredi au S\u00e9nat que \u00ab\u00a0pour les personnes d&rsquo;un certain \u00e2ge, de 65 ou 70 ans, (&#8230;) on continuera le confinement\u00a0\u00bb.<\/p>\n\n\n\n<p>En fait, le pr\u00e9sident de la R\u00e9publique a finalement fait conna\u00eetre sa position lors d&rsquo;une r\u00e9union interne vendredi matin \u00e0 l\u2019Elys\u00e9e. Le prolongement du confinement, instaur\u00e9 pour lutter contre l&rsquo;expansion du coronavirus, pour les personnes \u00e2g\u00e9es est une position qui est \u00ab\u00a0socialement intenable\u00a0\u00bb, a fait valoir Emmanuel Macron, selon les propos recueillis par le service politique de France T\u00e9l\u00e9visions.<\/p>\n\n\n\n<p>\u00ab\u00a0Pour le pr\u00e9sident, ce qui doit pr\u00e9valoir, ce sont les libert\u00e9s publiques\u00a0\u00bb, explique&rsquo;Elys\u00e9e, qui pr\u00e9cise que le Premier ministre aura l\u2019occasion de s&rsquo;exprimer sur le sujet dimanche, lors de sa conf\u00e9rence de presse. \u00ab\u00a0L&rsquo;assignation administrative prolong\u00e9e de personnes fragiles, \u00e2g\u00e9es comme atteintes de cancers ou d&rsquo;autres affection, risque d&rsquo;engendrer une grande souffrance physique et psychique, elle peut conduire \u00e0 la perte du go\u00fbt de vivre. Nous saluons les pr\u00e9cisions apport\u00e9es ce jour par le Pr\u00e9sident de la R\u00e9publique\u00a0\u00bb, a r\u00e9agi Axel Kahn, le pr\u00e9sident de La Ligue contre le cancer, apr\u00e8s cette annonce.<\/p>\n","protected":false},"excerpt":{"rendered":"<p>Lundi, le pr\u00e9sident de la R\u00e9publique a annonc\u00e9 lors de son allocution un d\u00e9confinement progressif \u00e0 partir du 11 mai. Cependant, il avait pr\u00e9cis\u00e9 que les personnes affrontant les plus grands risques face au coronavirus, \u00e0 commencer par les seniors ne seraient pas \u00ab\u00a0lib\u00e9r\u00e9es\u00a0\u00bb ce jour l\u00e0: \u00ab\u00a0Pour leur protection, nous demanderons aux personnes les [&hellip;]<\/p>\n","protected":false},"author":2,"featured_media":15307,"comment_status":"open","ping_status":"open","sticky":false,"template":"","format":"standard","meta":{"_jetpack_memberships_contains_paid_content":false,"footnotes":"","jetpack_publicize_message":"","jetpack_publicize_feature_enabled":true,"jetpack_social_post_already_shared":true,"jetpack_social_options":{"image_generator_settings":{"template":"highway","default_image_id":0,"font":"","enabled":false},"version":2},"_wpas_customize_per_network":false},"categories":[405],"tags":[],"class_list":["post-15306","post","type-post","status-publish","format-standard","has-post-thumbnail","hentry","category-actu-france-monde"],"jetpack_publicize_connections":[],"jetpack_featured_media_url":"https:\/\/i0.wp.com\/www.iceagetv.com\/radiosite\/wp-content\/uploads\/2020\/04\/il-ny-aura-pas-dinterdiction-de-circuler-pour-les-plus-de-65-ou-70-ans-en-France-%C3%A0-partir-de-11-Mai.png?fit=863%2C384&ssl=1","jetpack_sharing_enabled":true,"_links":{"self":[{"href":"https:\/\/www.iceagetv.com\/radiosite\/wp-json\/wp\/v2\/posts\/15306","targetHints":{"allow":["GET"]}}],"collection":[{"href":"https:\/\/www.iceagetv.com\/radiosite\/wp-json\/wp\/v2\/posts"}],"about":[{"href":"https:\/\/www.iceagetv.com\/radiosite\/wp-json\/wp\/v2\/types\/post"}],"author":[{"embeddable":true,"href":"https:\/\/www.iceagetv.com\/radiosite\/wp-json\/wp\/v2\/users\/2"}],"replies":[{"embeddable":true,"href":"https:\/\/www.iceagetv.com\/radiosite\/wp-json\/wp\/v2\/comments?post=15306"}],"version-history":[{"count":1,"href":"https:\/\/www.iceagetv.com\/radiosite\/wp-json\/wp\/v2\/posts\/15306\/revisions"}],"predecessor-version":[{"id":15308,"href":"https:\/\/www.iceagetv.com\/radiosite\/wp-json\/wp\/v2\/posts\/15306\/revisions\/15308"}],"wp:featuredmedia":[{"embeddable":true,"href":"https:\/\/www.iceagetv.com\/radiosite\/wp-json\/wp\/v2\/media\/15307"}],"wp:attachment":[{"href":"https:\/\/www.iceagetv.com\/radiosite\/wp-json\/wp\/v2\/media?parent=15306"}],"wp:term":[{"taxonomy":"category","embeddable":true,"href":"https:\/\/www.iceagetv.com\/radiosite\/wp-json\/wp\/v2\/categories?post=15306"},{"taxonomy":"post_tag","embeddable":true,"href":"https:\/\/www.iceagetv.com\/radiosite\/wp-json\/wp\/v2\/tags?post=15306"}],"curies":[{"name":"wp","href":"https:\/\/api.w.org\/{rel}","templated":true}]}}