{"id":15315,"date":"2020-04-19T08:09:04","date_gmt":"2020-04-19T08:09:04","guid":{"rendered":"http:\/\/www.iceagetv.com\/radiosite\/?p=15315"},"modified":"2020-04-19T08:09:04","modified_gmt":"2020-04-19T08:09:04","slug":"artisans-du-btp-fleuristes-libraires-restaurateurs-ces-professionnels-qui-amorcent-une-reprise-avant-le-11-mai","status":"publish","type":"post","link":"https:\/\/www.iceagetv.com\/radiosite\/artisans-du-btp-fleuristes-libraires-restaurateurs-ces-professionnels-qui-amorcent-une-reprise-avant-le-11-mai\/","title":{"rendered":"Artisans du BTP, fleuristes, libraires, restaurateurs&#8230; Ces professionnels qui amorcent une reprise avant le 11 mai"},"content":{"rendered":"\n<p> n plus du lourd tribut humain, le bilan \u00e9conomique de la crise due \u00e0\u00a0l&rsquo;\u00e9pid\u00e9mie de<a href=\"https:\/\/www.francetvinfo.fr\/sante\/maladie\/coronavirus\/\">\u00a0coronavirus<\/a>\u00a0s&rsquo;annonce dramatique, avec une r\u00e9cession de 9% en 2020, selon le gouvernement.\u00a0Plus d&rsquo;une entreprise sur deux a ainsi d\u00e9pos\u00e9 une demande pour b\u00e9n\u00e9ficier du ch\u00f4mage partiel, et la barre des 9\u00a0millions de salari\u00e9s concern\u00e9s a \u00e9t\u00e9 franchie.\u00a0Mais en attendant les modalit\u00e9s pr\u00e9cises du d\u00e9confinement annonc\u00e9 pour le 11 mai, certaines petites entreprises, qui avaient jusque-l\u00e0 suspendu leur activit\u00e9, reprennent peu \u00e0 peu le travail. En voici quelques exemples.\u00a0 <\/p>\n\n\n\n<h2 class=\"wp-block-heading\">BTP : 25 \u00e0 30% des petites entreprises auraient repris le travail<\/h2>\n\n\n\n<p>Dans le secteur du b\u00e2timent et des travaux publics, la profession a mis au point un&nbsp;<a href=\"https:\/\/telechargement.preventionbtp.fr\/\">guide de pr\u00e9conisations sanitaires&nbsp;<\/a>pour la continuit\u00e9 des activit\u00e9s malgr\u00e9 l&rsquo;\u00e9pid\u00e9mie. Des pr\u00e9cautions difficiles \u00e0 appliquer, notamment sur les grands chantiers, qui sont toujours \u00e0 l&rsquo;arr\u00eat. Mais, pris \u00e0 la gorge par l&rsquo;urgence \u00e9conomique, les plus petites entreprises ont souvent repris le travail, signale&nbsp;<em><a href=\"https:\/\/www.liberation.fr\/france\/2020\/04\/16\/dans-le-btp-les-chantiers-peinent-a-redemarrer_1785353\">Lib\u00e9ration<\/a>,&nbsp;<\/em>en citant&nbsp;Patrick Li\u00e9bus, pr\u00e9sident de la Conf\u00e9d\u00e9ration de l\u2019artisanat et des petites entreprises du b\u00e2timent (Capeb).<em>&nbsp;&nbsp;\u00ab\u00a0Les chantiers red\u00e9marrent tr\u00e8s doucement. 25% \u00e0&nbsp;30% des bo\u00eetes ont recommenc\u00e9 \u00e0 travailler, surtout quand les artisans sont seuls\u00a0\u00bb<\/em>, affirme-t-il.<\/p>\n\n\n\n<p>Certaines sp\u00e9cialit\u00e9s s&rsquo;en sortent mieux que d&rsquo;autres. C&rsquo;est le cas, semble-t-il, des plombiers, qui arriveraient par endroits \u00e0 compenser tout ou partie des pertes des chantiers par les interventions \u00e0 domicile. Dans le Gers,\u00a0<a href=\"https:\/\/www.ladepeche.fr\/2020\/04\/10\/artisan-le-plombier-nest-pas-au-chomage,8840561.php\"><em>La D\u00e9p\u00eache<\/em><\/a>\u00a0fait ainsi le portrait de Laurent Saubesto, \u00ab\u00a0<em>artisan plombier au carnet de commandes bien garni\u00a0\u00bb<\/em>\u00a0qui, certains jours,\u00a0<em>\u00ab\u00a0ne sait pas par o\u00f9 commencer\u00a0\u00bb<\/em>. Il intervient surtout, raconte le quotidien r\u00e9gional,\u00a0<em>\u00ab\u00a0chez des personnes \u00e2g\u00e9es\u00a0\u00bb<\/em>\u00a0ou des personnes en situation difficile qui sont confront\u00e9es \u00e0 des\u00a0<em>\u00ab\u00a0fuites d&rsquo;eau\u00a0\u00bbou\u00a0<\/em>des\u00a0<em>\u00ab\u00a0WC bouch\u00e9s<\/em>\u00ab\u00a0. Des d\u00e9pannages d&rsquo;autant plus urgents \u00e0 r\u00e9soudre que les habitants sont oblig\u00e9s de rester chez eux.\u00a0<\/p>\n\n\n\n<h2 class=\"wp-block-heading\">Fleurs : 20% des fleuristes se sont r\u00e9invent\u00e9s en livreurs<\/h2>\n\n\n\n<p>Comme d&rsquo;autres commer\u00e7ants aux activit\u00e9s jug\u00e9es non indispensables, les fleuristes ont \u00e9t\u00e9 contraints de fermer leurs boutiques. Mais face \u00e0 la demande qui explose, en ce mois d&rsquo;avril radieux, un certain nombre ont repris le travail&nbsp;en livrant \u00e0 domicile.&nbsp;<em>\u00ab\u00a0<\/em><em>Il y a beaucoup de gens qui veulent des fleurs, on n&rsquo;arrive pas \u00e0 suivre les commandes\u00a0\u00bb<\/em>, t\u00e9moignent ainsi deux fleuristes parisiens,&nbsp;Ylva Nygren et Antoine Lannegrand, cit\u00e9s par l&rsquo;AFP.<\/p>\n\n\n\n<p>Comme eux, pr\u00e8s de 20% des 1000 fleuristes fran\u00e7ais se sont r\u00e9invent\u00e9s en livreurs, indique la F\u00e9d\u00e9ration fran\u00e7aise des artisans fleuristes (FFAF). Et la client\u00e8le suit, apparemment.&nbsp;<em>\u00ab\u00a0Apr\u00e8s un mois d&rsquo;arr\u00eat, nous sentons depuis cette semaine que les Fran\u00e7ais ont besoin de reprendre un semblant de vie normale, ce n&rsquo;\u00e9tait pas le cas il y a 10 jours et c&rsquo;est tr\u00e8s encourageant\u00a0\u00bb,<\/em>&nbsp;d\u00e9clare \u00e0 l&rsquo;AFP Florent Moreau, le pr\u00e9sident de la FFAF.&nbsp;La plateforme Interflora, de son c\u00f4t\u00e9,&nbsp;a r\u00e9cemment averti ses clients que des fleuristes volontaires assuraient d\u00e9sormais des livraisons dans Paris et dans les d\u00e9partements de la petite couronne.<\/p>\n\n\n\n<h2 class=\"wp-block-heading\">Librairies : l&rsquo;ouverture de guichets pour retirer un livre est d\u00e9sormais autoris\u00e9e<\/h2>\n\n\n\n<p>Victimes du confinement, les ventes de livres ont chut\u00e9 de 58,5% en nombre d&rsquo;exemplaires du 16 mars au 12 avril,, selon les donn\u00e9es de l&rsquo;institut GfK pour le magazine professionnel&nbsp;<em>Livres Hebdo.<\/em>&nbsp;Mais en attendant de savoir si les librairies seront ou non autoris\u00e9es \u00e0 rouvrir le 11 mai, \u00ab\u00a0<em>une fen\u00eatre vient de s&rsquo;entrouvrir\u00a0\u00bb<\/em>, signalent&nbsp;<em><a href=\"https:\/\/www.lesechos.fr\/tech-medias\/medias\/les-librairies-incitees-a-vendre-via-le-click-collect-1195573?hsamp_network=twitter&amp;hsamp=aEa9H3whsDr-0\">Les Echos<\/a>.<\/em>&nbsp;<em>\u00ab\u00a0Propos\u00e9e par la rue de Valois, la d\u00e9cision d&rsquo;autoriser les librairies \u00e0 vendre des livres par guichet, via un syst\u00e8me de Click &amp; Collect, a re\u00e7u l&rsquo;aval de Bercy puis de la place Beauvau. (&#8230;)&nbsp;La mesure permettra de commander son livre par t\u00e9l\u00e9phone ou internet \u00e0 la librairie de son choix et de le retirer \u00e0 un guichet, en cochant la case &lsquo;d\u00e9placement pour effectuer des achats de premi\u00e8re n\u00e9cessit\u00e9'\u00a0\u00bb<\/em>.<\/p>\n\n\n\n<p>Les librairies n&rsquo;avaient d&rsquo;ailleurs pas attendu cette d\u00e9cision pour tenter de maintenir leur activit\u00e9. De la Corse \u00e0 la Bretagne, plusieurs d&rsquo;entre elles avaient d\u00e9j\u00e0 mis en place, par exemple, des syst\u00e8mes de commande par drive. \u00ab\u00a0<em>Quand je faisais mes courses, je croisais des clients de la librairie, qui avaient un vrai d\u00e9sir de livres et de s&rsquo;\u00e9vader dans la lecture pendant cette p\u00e9riode de confinement<\/em>\u00ab\u00a0, a confi\u00e9 le directeur d&rsquo;une librairie de Quimper (Finist\u00e8re), Jean-Michel Blanc, \u00e0&nbsp;<a href=\"https:\/\/www.francebleu.fr\/infos\/culture-loisirs\/coronavirus-une-librairie-quimperoise-met-en-place-un-drive-pendant-le-confinement-1586704292\">France Bleu<\/a>&nbsp;\u00ab\u00a0<em>Je me suis dit que la situation allait durer et qu&rsquo;il fallait essayer de trouver des solutions<\/em>\u00ab\u00a0, poursuit-il. Bon nombre de librairies livrent aussi les ouvrages \u00e0 domicile, \u00e0 en croire les initiatives recens\u00e9es par le site&nbsp;<a href=\"https:\/\/soutenirmalibrairie.wixsite.com\/site\/toutes-les-actions\">Je soutiens ma librairie<\/a>.<\/p>\n\n\n\n<h2 class=\"wp-block-heading\">Restauration : des \u00e9tablissements se tournent vers la vente \u00e0 emporter<\/h2>\n\n\n\n<p>Pour les restaurants, la situation est critique : apr\u00e8s des semaines de fermeture durant lesquelles les dettes se sont accumul\u00e9es, l&rsquo;activit\u00e9 ne devrait red\u00e9marrer (\u00e0 une date inconnue) que lentement, du fait de la distance sanitaire impos\u00e9e entre les convives. Mais l\u00e0 encore, des timides reprises se font jour.&nbsp;<em>\u00ab\u00a0A Poitiers&nbsp;<\/em>[Vienne]<em>, des restaurateurs relancent depuis peu leur activit\u00e9s\u00a0\u00bb<\/em>&nbsp;en proposant des&nbsp;<em>\u00ab\u00a0espaces de vente \u00e0 emporter\u00a0\u00bb<\/em>, signale ainsi&nbsp;<a href=\"https:\/\/france3-regions.francetvinfo.fr\/nouvelle-aquitaine\/vienne\/poitiers\/coronavirus-poitiers-entre-travaux-reprise-activite-emporter-restaurateurs-s-activent-1817134.html\">France 3 Aquitaine<\/a>. M\u00eame ph\u00e9nom\u00e8ne dans l&rsquo;H\u00e9rault, selon&nbsp;<a href=\"https:\/\/www.francebleu.fr\/infos\/societe\/la-vente-a-emporter-a-le-vent-en-poupe-dans-la-restauration-1587043829\">France Bleu Occitanie.<\/a>&nbsp;La radio cite ainsi un restaurateur de B\u00e9ziers qui essaie&nbsp;<em>\u00ab\u00a0tant bien que&nbsp;mal de faire tourner son \u00e9tablissement, ouvert 7 jours sur 7\u00a0\u00bb.&nbsp;<\/em>Mais la situation est difficile :<em>&nbsp;\u00ab\u00a0Une cinquantaine de commandes en moyenne quotidiennement. Il en faudrait au moins 40\u202f% de plus pour s&rsquo;en sortir<\/em>\u00ab\u00a0. &nbsp;<\/p>\n\n\n\n<p><\/p>\n\n\n\n<p><\/p>\n","protected":false},"excerpt":{"rendered":"<p>n plus du lourd tribut humain, le bilan \u00e9conomique de la crise due \u00e0\u00a0l&rsquo;\u00e9pid\u00e9mie de\u00a0coronavirus\u00a0s&rsquo;annonce dramatique, avec une r\u00e9cession de 9% en 2020, selon le gouvernement.\u00a0Plus d&rsquo;une entreprise sur deux a ainsi d\u00e9pos\u00e9 une demande pour b\u00e9n\u00e9ficier du ch\u00f4mage partiel, et la barre des 9\u00a0millions de salari\u00e9s concern\u00e9s a \u00e9t\u00e9 franchie.\u00a0Mais en attendant les modalit\u00e9s [&hellip;]<\/p>\n","protected":false},"author":2,"featured_media":15316,"comment_status":"open","ping_status":"open","sticky":false,"template":"","format":"standard","meta":{"_jetpack_memberships_contains_paid_content":false,"footnotes":"","jetpack_publicize_message":"","jetpack_publicize_feature_enabled":true,"jetpack_social_post_already_shared":true,"jetpack_social_options":{"image_generator_settings":{"template":"highway","default_image_id":0,"font":"","enabled":false},"version":2},"_wpas_customize_per_network":false},"categories":[405],"tags":[],"class_list":["post-15315","post","type-post","status-publish","format-standard","has-post-thumbnail","hentry","category-actu-france-monde"],"jetpack_publicize_connections":[],"jetpack_featured_media_url":"https:\/\/i0.wp.com\/www.iceagetv.com\/radiosite\/wp-content\/uploads\/2020\/04\/Artisans-du-BTP.jpg?fit=1197%2C450&ssl=1","jetpack_sharing_enabled":true,"_links":{"self":[{"href":"https:\/\/www.iceagetv.com\/radiosite\/wp-json\/wp\/v2\/posts\/15315","targetHints":{"allow":["GET"]}}],"collection":[{"href":"https:\/\/www.iceagetv.com\/radiosite\/wp-json\/wp\/v2\/posts"}],"about":[{"href":"https:\/\/www.iceagetv.com\/radiosite\/wp-json\/wp\/v2\/types\/post"}],"author":[{"embeddable":true,"href":"https:\/\/www.iceagetv.com\/radiosite\/wp-json\/wp\/v2\/users\/2"}],"replies":[{"embeddable":true,"href":"https:\/\/www.iceagetv.com\/radiosite\/wp-json\/wp\/v2\/comments?post=15315"}],"version-history":[{"count":1,"href":"https:\/\/www.iceagetv.com\/radiosite\/wp-json\/wp\/v2\/posts\/15315\/revisions"}],"predecessor-version":[{"id":15317,"href":"https:\/\/www.iceagetv.com\/radiosite\/wp-json\/wp\/v2\/posts\/15315\/revisions\/15317"}],"wp:featuredmedia":[{"embeddable":true,"href":"https:\/\/www.iceagetv.com\/radiosite\/wp-json\/wp\/v2\/media\/15316"}],"wp:attachment":[{"href":"https:\/\/www.iceagetv.com\/radiosite\/wp-json\/wp\/v2\/media?parent=15315"}],"wp:term":[{"taxonomy":"category","embeddable":true,"href":"https:\/\/www.iceagetv.com\/radiosite\/wp-json\/wp\/v2\/categories?post=15315"},{"taxonomy":"post_tag","embeddable":true,"href":"https:\/\/www.iceagetv.com\/radiosite\/wp-json\/wp\/v2\/tags?post=15315"}],"curies":[{"name":"wp","href":"https:\/\/api.w.org\/{rel}","templated":true}]}}