{"id":15321,"date":"2020-04-19T18:43:03","date_gmt":"2020-04-19T18:43:03","guid":{"rendered":"http:\/\/www.iceagetv.com\/radiosite\/?p=15321"},"modified":"2020-04-19T18:43:03","modified_gmt":"2020-04-19T18:43:03","slug":"edouard-philippe-estime-probable-lobligation-du-port-du-masque-dans-les-transports-publics-a-partir-du-11-mai","status":"publish","type":"post","link":"https:\/\/www.iceagetv.com\/radiosite\/edouard-philippe-estime-probable-lobligation-du-port-du-masque-dans-les-transports-publics-a-partir-du-11-mai\/","title":{"rendered":"Edouard Philippe estime \u00ab\u00a0probable\u00a0\u00bb l&rsquo;obligation du port du masque dans les transports publics \u00e0 partir du 11 mai"},"content":{"rendered":"\n<p><em>Nous allons devoir apprendre \u00e0 vivre avec le virus\u00a0\u00bb<\/em>&nbsp;y compris apr\u00e8s la sortie du confinement, a pr\u00e9venu Edouard Philippe, dimanche 19 avril lors d&rsquo;une conf\u00e9rence de presse sur le&nbsp;<a href=\"https:\/\/www.francetvinfo.fr\/sante\/maladie\/coronavirus\/\" target=\"_blank\" rel=\"noreferrer noopener\">coronavirus<\/a>&nbsp;\u00e0 Matignon. Faisant le constat que la population n&rsquo;\u00e9tait&nbsp;<em>\u00ab\u00a0pas immunis\u00e9e\u00a0\u00bb<\/em>&nbsp;et que ni vaccin ni traitement efficace ne seraient disponibles dans un futur proche, le Premier ministre a \u00e9voqu\u00e9 une sortie du confinement qui reposera sur \u00ab\u00a0trois \u00e9l\u00e9ments essentiels\u00a0\u00bb : la poursuite des gestes barri\u00e8re, des tests virologiques massifs et une politique d&rsquo;isolement des porteurs du virus. Il a par ailleurs estim\u00e9 \u00ab\u00a0probable\u00a0\u00bb la mise en place de l&rsquo;obligation de port du masque dans les transports publics \u00e0 partir du 11 mai.<\/p>\n\n\n\n<p><strong>&nbsp;Un d\u00e9confinement \u00ab\u00a0progressif\u00a0\u00bb.<\/strong>&nbsp;La mise en oeuvre du d\u00e9confinement&nbsp;<em>\u00ab\u00a0ne peut pas \u00eatre autre chose que progressive\u00a0\u00bb,<\/em>&nbsp;a pr\u00e9venu Edouard Philippe. A partir du 11 mai, le t\u00e9l\u00e9travail devra continuer \u00e0 \u00eatre privil\u00e9gi\u00e9, et si les commerces pourront progressivement rouvrir, ce ne sera pas le cas des caf\u00e9s et restaurants dans un premier temps. Concernant les \u00e9coles, le Premier ministre a conc\u00e9d\u00e9 qu&rsquo;elles ne rouvriront pas partout dans les m\u00eames&nbsp;conditions&nbsp;qu&rsquo;avant le confinement. Il a ainsi sugg\u00e9r\u00e9&nbsp;<em>\u00ab\u00a0des sc\u00e9narios diff\u00e9renci\u00e9s selon les territoires\u00a0\u00bb<\/em>&nbsp;ou la possibilit\u00e9 d&rsquo;ouvrir des les classes par moiti\u00e9, une semaine sur deux.<\/p>\n\n\n\n<p><strong>&nbsp;Des visites dans les Ehpad \u00e0 partir de lundi.&nbsp;<\/strong>Les familles vont pouvoir visiter leurs proches h\u00e9berg\u00e9s dans un Ehpad ou un \u00e9tablissement pour personnes handicap\u00e9es, sous des conditions tr\u00e8s strictes \u00e0 partir de lundi, a annonc\u00e9 le ministre de la Sant\u00e9, Olivier V\u00e9ran. Ces visites ne devront pas \u00eatre faites \u00e0 plus de deux personnes et avec impossibilit\u00e9 d&rsquo;avoir un contact physique avec la personne visit\u00e9e. Elles seront autoris\u00e9es au cas par cas par les directeurs d&rsquo;\u00e9tablissements.<\/p>\n\n\n\n<p><strong>&nbsp;\u00ab\u00a0Nous ne sommes pas sortis de la crise sanitaire.\u00a0\u00bb&nbsp;<\/strong>Les Fran\u00e7ais ne retrouveront&nbsp;<em>\u00ab\u00a0pas tout de suite et probablement pas avant longtemps\u00a0\u00bb<\/em>&nbsp;leur&nbsp;<em>\u00ab\u00a0vie d&rsquo;avant\u00a0\u00bb<\/em>&nbsp;la crise du coronavirus, a averti Edouard Philippe en pr\u00e9sentant&nbsp;<em>\u00ab\u00a0les grandes r\u00e8gles\u00a0\u00bb<\/em>&nbsp;qui devraient conduire au d\u00e9confinement \u00e0 partir du 11 mai.&nbsp;<em>\u00ab\u00a0Nous ne sommes pas sortis de la crise sanitaire\u00a0\u00bb,<\/em>&nbsp;a&nbsp;\u00e9galement pr\u00e9venu le Premier ministre, tout en admettant que&nbsp;<em>\u00ab\u00a0nous marquons des points contre l&rsquo;\u00e9pid\u00e9mie\u00a0\u00bb<\/em>&nbsp;et que&nbsp;<em>\u00ab\u00a0la situation s&rsquo;am\u00e9liore progressivement, lentement mais s\u00fbrement\u00a0\u00bb<\/em>.<\/p>\n\n\n\n<p><strong>&nbsp;395 morts suppl\u00e9mentaires en 24 heures.&nbsp;<\/strong>La France d\u00e9nombre d\u00e9sormais 19 718 morts du coronavirus depuis le d\u00e9but de l&rsquo;\u00e9pid\u00e9mie, qui continue sa&nbsp;<em>\u00ab\u00a0tr\u00e8s lente d\u00e9crue\u00a0\u00bb,<\/em>&nbsp;selon le directeur g\u00e9n\u00e9ral de la sant\u00e9, J\u00e9r\u00f4me Salomon.&nbsp;Le nombre de personnes hospitalis\u00e9es&nbsp;(30 610) est en l\u00e9g\u00e8re baisse par rapport \u00e0 hier (-29). Par ailleurs, 5 744 personnes sont en r\u00e9animation (-89 par rapport \u00e0 la veille).<\/p>\n\n\n\n<p><strong>&nbsp;Un avion-cargo avec huit millions de masques se pose \u00e0 Vatry.&nbsp;<\/strong>Le plus gros avion-cargo du monde, l&rsquo;Antonov An-225 Mriya, s&rsquo;est pos\u00e9 dimanche \u00e0 l&rsquo;a\u00e9roport de Paris-Vatry (Marne) avec \u00e0 son bord quelque huit millions de masques m\u00e9dicaux&nbsp;pour lutter&nbsp;contre l&rsquo;\u00e9pid\u00e9mie de&nbsp;<a href=\"https:\/\/www.francetvinfo.fr\/sante\/maladie\/coronavirus\/\">coronavirus<\/a>. En provenance de Tianjin (Chine),&nbsp;l&rsquo;avion a d\u00e9pos\u00e9<em>&nbsp;\u00ab\u00a0150 tonnes de fret (masques, gants, charlottes, blouses&#8230;)\u00a0\u00bb<\/em>. Il ne s&rsquo;agit pas d&rsquo;une commande du gouvernement, mais d&rsquo;une commande d&rsquo;une soci\u00e9t\u00e9 priv\u00e9e fran\u00e7aise dont le nom n&rsquo;a pas \u00e9t\u00e9 communiqu\u00e9.&nbsp;Son \u00ab\u00a0petit fr\u00e8re\u00a0\u00bb, l&rsquo;Antonov-124, est attendu dimanche apr\u00e8s-midi \u00e0 Vatry avec \u00e0 son bord quelque 10 millions de masques.&nbsp;<\/p>\n\n\n\n<p><strong>&nbsp;Une \u00e9claircie en Espagne.<\/strong>&nbsp;Le pays a enregistr\u00e9 410 d\u00e9c\u00e8s dus au nouveau coronavirus au cours des derni\u00e8res 24 heures, en forte baisse par rapport aux 565 recens\u00e9s la veille, a annonc\u00e9 dimanche 19 avril le minist\u00e8re de la Sant\u00e9. Le bilan total de la pand\u00e9mie de Covid-19, dans le pays le plus frapp\u00e9 au monde derri\u00e8re les Etats-Unis et l&rsquo;Italie, s&rsquo;\u00e9l\u00e8ve \u00e0 20 453 morts. Le nombre de cas confirm\u00e9s se monte \u00e0 195 344, avec 4 218 nouveaux cas en 24 heures.<\/p>\n\n\n\n<p><strong>&nbsp;596 morts en 24 heures au Royaume-Uni.&nbsp;<\/strong>Le gouvernement britannique a annonc\u00e9 596 morts suppl\u00e9mentaires \u00e0 l&rsquo;h\u00f4pital, ce qui porte \u00e0 plus de 16 060 le nombre total de d\u00e9c\u00e8s dus au virus dans le pays.<em>&nbsp;\u00ab\u00a0Les donn\u00e9es montrent que les taux d&rsquo;infection et de mortalit\u00e9 ont atteint un plateau mais rien ne nous permet de dire que nous sommes sur une pente descendante\u00a0\u00bb,&nbsp;<\/em>a indiqu\u00e9 Michael Gove,&nbsp;&nbsp;ministre du bureau du cabinet<em>.<\/em><\/p>\n","protected":false},"excerpt":{"rendered":"<p>Nous allons devoir apprendre \u00e0 vivre avec le virus\u00a0\u00bb&nbsp;y compris apr\u00e8s la sortie du confinement, a pr\u00e9venu Edouard Philippe, dimanche 19 avril lors d&rsquo;une conf\u00e9rence de presse sur le&nbsp;coronavirus&nbsp;\u00e0 Matignon. Faisant le constat que la population n&rsquo;\u00e9tait&nbsp;\u00ab\u00a0pas immunis\u00e9e\u00a0\u00bb&nbsp;et que ni vaccin ni traitement efficace ne seraient disponibles dans un futur proche, le Premier ministre a [&hellip;]<\/p>\n","protected":false},"author":2,"featured_media":15228,"comment_status":"open","ping_status":"open","sticky":false,"template":"","format":"standard","meta":{"_jetpack_memberships_contains_paid_content":false,"footnotes":"","jetpack_publicize_message":"","jetpack_publicize_feature_enabled":true,"jetpack_social_post_already_shared":true,"jetpack_social_options":{"image_generator_settings":{"template":"highway","default_image_id":0,"font":"","enabled":false},"version":2},"_wpas_customize_per_network":false},"categories":[405],"tags":[],"class_list":["post-15321","post","type-post","status-publish","format-standard","has-post-thumbnail","hentry","category-actu-france-monde"],"jetpack_publicize_connections":[],"jetpack_featured_media_url":"https:\/\/i0.wp.com\/www.iceagetv.com\/radiosite\/wp-content\/uploads\/2020\/04\/7.148-personnes-en-r%C3%A9animation.jpg?fit=633%2C285&ssl=1","jetpack_sharing_enabled":true,"_links":{"self":[{"href":"https:\/\/www.iceagetv.com\/radiosite\/wp-json\/wp\/v2\/posts\/15321","targetHints":{"allow":["GET"]}}],"collection":[{"href":"https:\/\/www.iceagetv.com\/radiosite\/wp-json\/wp\/v2\/posts"}],"about":[{"href":"https:\/\/www.iceagetv.com\/radiosite\/wp-json\/wp\/v2\/types\/post"}],"author":[{"embeddable":true,"href":"https:\/\/www.iceagetv.com\/radiosite\/wp-json\/wp\/v2\/users\/2"}],"replies":[{"embeddable":true,"href":"https:\/\/www.iceagetv.com\/radiosite\/wp-json\/wp\/v2\/comments?post=15321"}],"version-history":[{"count":1,"href":"https:\/\/www.iceagetv.com\/radiosite\/wp-json\/wp\/v2\/posts\/15321\/revisions"}],"predecessor-version":[{"id":15322,"href":"https:\/\/www.iceagetv.com\/radiosite\/wp-json\/wp\/v2\/posts\/15321\/revisions\/15322"}],"wp:featuredmedia":[{"embeddable":true,"href":"https:\/\/www.iceagetv.com\/radiosite\/wp-json\/wp\/v2\/media\/15228"}],"wp:attachment":[{"href":"https:\/\/www.iceagetv.com\/radiosite\/wp-json\/wp\/v2\/media?parent=15321"}],"wp:term":[{"taxonomy":"category","embeddable":true,"href":"https:\/\/www.iceagetv.com\/radiosite\/wp-json\/wp\/v2\/categories?post=15321"},{"taxonomy":"post_tag","embeddable":true,"href":"https:\/\/www.iceagetv.com\/radiosite\/wp-json\/wp\/v2\/tags?post=15321"}],"curies":[{"name":"wp","href":"https:\/\/api.w.org\/{rel}","templated":true}]}}