{"id":15326,"date":"2020-04-20T06:11:45","date_gmt":"2020-04-20T06:11:45","guid":{"rendered":"http:\/\/www.iceagetv.com\/radiosite\/?p=15326"},"modified":"2020-04-20T06:11:45","modified_gmt":"2020-04-20T06:11:45","slug":"en-plein-confinement-nouveaux-incidents-cette-nuit-avec-les-forces-de-lordre-a-villeneuve-la-garenne-et-a-aulnay-sous-bois-plusieurs-incendies-ont-ete-declenches-notamment-sur-des-vehicules","status":"publish","type":"post","link":"https:\/\/www.iceagetv.com\/radiosite\/en-plein-confinement-nouveaux-incidents-cette-nuit-avec-les-forces-de-lordre-a-villeneuve-la-garenne-et-a-aulnay-sous-bois-plusieurs-incendies-ont-ete-declenches-notamment-sur-des-vehicules\/","title":{"rendered":"En plein confinement, nouveaux incidents cette nuit avec les forces de l&rsquo;ordre \u00e0 Villeneuve-la-Garenne et \u00e0 Aulnay-sous-Bois &#8211; Plusieurs incendies ont \u00e9t\u00e9 d\u00e9clench\u00e9s, notamment sur des v\u00e9hicules"},"content":{"rendered":"\n<p>De nouvelles tensions avec les forces de l\u2019ordre ont \u00e9clat\u00e9 cette nuit \u00e0 Villeneuve-la-Garenne (Hauts-de-Seine), o\u00f9 un accident de moto impliquant la police avait provoqu\u00e9 la veille de premi\u00e8res \u00e9chauffour\u00e9es avec les habitants. En pleine p\u00e9riode de confinement li\u00e9 au Covid-19, un important dispositif policier a \u00e9t\u00e9 d\u00e9ploy\u00e9 dans la ville o\u00f9 des feux d\u2019artifice \u00e9pars continuaient d\u2019\u00eatre tir\u00e9s vers 1h30 et o\u00f9 du mobilier urbain et des voitures ont \u00e9t\u00e9 incendi\u00e9s.&nbsp;<\/p>\n\n\n\n<p>Selon des riverains, les \u00e9chauffour\u00e9es ont commenc\u00e9 vers minuit et ont dur\u00e9 pendant une heure.&nbsp;Plusieurs incendies ont \u00e9t\u00e9 d\u00e9clench\u00e9s, notamment sur des v\u00e9hicules, et de nombreux feux d\u2019artifices ont \u00e9t\u00e9 tir\u00e9s par plusieurs individus. Les faits ont d\u00e9but\u00e9 aux alentours de minuit. Rapidement, des policiers, ainsi que des pompiers, sont arriv\u00e9s sur place. Les forces de l\u2019ordre ont ripost\u00e9 avec des gaz lacrymog\u00e8nes. Le calme est finalement revenu aux alentours de 2 heures.<\/p>\n\n\n\n<p>Des incidents se sont \u00e9galement produits \u00e0 Aulnay-sous-Bois (Seine-Saint-Denis) o\u00f9 des poubelles ont \u00e9t\u00e9 incendi\u00e9es.<\/p>\n\n\n\n<p>Pour m\u00e9moire, samedi soir, un homme de 30 ans a \u00e9t\u00e9 gri\u00e8vement bless\u00e9 \u00e0 la jambe apr\u00e8s avoir percut\u00e9 la porte ouverte d\u2019une voiture de police banalis\u00e9e, dans des circonstances encore troubles. Du c\u00f4t\u00e9 des autorit\u00e9s, on assure que les policiers ont ouvert la porti\u00e8re pour proc\u00e9der au contr\u00f4le du jeune homme qui roulait \u00e0 vive allure et sans casque et aurait manqu\u00e9 de renverser l\u2019un d\u2019eux avant de percuter leur voiture.<\/p>\n\n\n\n<p>Selon des vid\u00e9os publi\u00e9es sur Twitter juste apr\u00e8s les faits, des habitants ont, eux, affirm\u00e9 que la porti\u00e8re avait \u00e9t\u00e9 d\u00e9lib\u00e9r\u00e9ment ouverte pour stopper le motard. Victime d\u2019une fracture de la jambe gauche, le motard a \u00e9t\u00e9 op\u00e9r\u00e9 avec succ\u00e8s dimanche et entend porter plainte lundi contre les forces de l\u2019ordre, ont indiqu\u00e9 \u00e0 l\u2019AFP sa famille et son avocat. A<\/p>\n\n\n\n<p>pr\u00e8s l\u2019accident, des \u00e9chauffour\u00e9es avaient \u00e9clat\u00e9 entre les forces de l\u2019ordre et une cinquantaine de personnes, selon la pr\u00e9fecture de police de Paris.<\/p>\n\n\n\n<p>Le parquet de Nanterre a ouvert une enqu\u00eate sur \u00ab l\u2019ensemble des faits de l\u2019accident \u00bb et sur les faits d\u2019outrages et menaces de mort sur les policiers, a pr\u00e9cis\u00e9 le parquet.<\/p>\n","protected":false},"excerpt":{"rendered":"<p>De nouvelles tensions avec les forces de l\u2019ordre ont \u00e9clat\u00e9 cette nuit \u00e0 Villeneuve-la-Garenne (Hauts-de-Seine), o\u00f9 un accident de moto impliquant la police avait provoqu\u00e9 la veille de premi\u00e8res \u00e9chauffour\u00e9es avec les habitants. En pleine p\u00e9riode de confinement li\u00e9 au Covid-19, un important dispositif policier a \u00e9t\u00e9 d\u00e9ploy\u00e9 dans la ville o\u00f9 des feux d\u2019artifice [&hellip;]<\/p>\n","protected":false},"author":2,"featured_media":15327,"comment_status":"open","ping_status":"open","sticky":false,"template":"","format":"standard","meta":{"_jetpack_memberships_contains_paid_content":false,"footnotes":"","jetpack_publicize_message":"","jetpack_publicize_feature_enabled":true,"jetpack_social_post_already_shared":true,"jetpack_social_options":{"image_generator_settings":{"template":"highway","default_image_id":0,"font":"","enabled":false},"version":2},"_wpas_customize_per_network":false},"categories":[405],"tags":[2773],"class_list":["post-15326","post","type-post","status-publish","format-standard","has-post-thumbnail","hentry","category-actu-france-monde","tag-en-plein-confinement"],"jetpack_publicize_connections":[],"jetpack_featured_media_url":"https:\/\/i0.wp.com\/www.iceagetv.com\/radiosite\/wp-content\/uploads\/2020\/04\/En-plein-confinement-nouveaux-incidents-cette-nuit-avec-les-forces-de-lordre-%C3%A0-Villeneuve-la-Garenne.png?fit=610%2C264&ssl=1","jetpack_sharing_enabled":true,"_links":{"self":[{"href":"https:\/\/www.iceagetv.com\/radiosite\/wp-json\/wp\/v2\/posts\/15326","targetHints":{"allow":["GET"]}}],"collection":[{"href":"https:\/\/www.iceagetv.com\/radiosite\/wp-json\/wp\/v2\/posts"}],"about":[{"href":"https:\/\/www.iceagetv.com\/radiosite\/wp-json\/wp\/v2\/types\/post"}],"author":[{"embeddable":true,"href":"https:\/\/www.iceagetv.com\/radiosite\/wp-json\/wp\/v2\/users\/2"}],"replies":[{"embeddable":true,"href":"https:\/\/www.iceagetv.com\/radiosite\/wp-json\/wp\/v2\/comments?post=15326"}],"version-history":[{"count":1,"href":"https:\/\/www.iceagetv.com\/radiosite\/wp-json\/wp\/v2\/posts\/15326\/revisions"}],"predecessor-version":[{"id":15328,"href":"https:\/\/www.iceagetv.com\/radiosite\/wp-json\/wp\/v2\/posts\/15326\/revisions\/15328"}],"wp:featuredmedia":[{"embeddable":true,"href":"https:\/\/www.iceagetv.com\/radiosite\/wp-json\/wp\/v2\/media\/15327"}],"wp:attachment":[{"href":"https:\/\/www.iceagetv.com\/radiosite\/wp-json\/wp\/v2\/media?parent=15326"}],"wp:term":[{"taxonomy":"category","embeddable":true,"href":"https:\/\/www.iceagetv.com\/radiosite\/wp-json\/wp\/v2\/categories?post=15326"},{"taxonomy":"post_tag","embeddable":true,"href":"https:\/\/www.iceagetv.com\/radiosite\/wp-json\/wp\/v2\/tags?post=15326"}],"curies":[{"name":"wp","href":"https:\/\/api.w.org\/{rel}","templated":true}]}}