{"id":15329,"date":"2020-04-20T11:36:49","date_gmt":"2020-04-20T11:36:49","guid":{"rendered":"http:\/\/www.iceagetv.com\/radiosite\/?p=15329"},"modified":"2020-04-20T11:36:49","modified_gmt":"2020-04-20T11:36:49","slug":"le-premier-ministre-doute-que-les-sejours-a-lhotel-en-camping-en-france-et-a-letranger-soient-autorises-cet-ete-les-mariages-seront-egalement-sans-doute-impossible","status":"publish","type":"post","link":"https:\/\/www.iceagetv.com\/radiosite\/le-premier-ministre-doute-que-les-sejours-a-lhotel-en-camping-en-france-et-a-letranger-soient-autorises-cet-ete-les-mariages-seront-egalement-sans-doute-impossible\/","title":{"rendered":"Le Premier ministre doute que les s\u00e9jours \u00e0 l&rsquo;h\u00f4tel, en camping en France et \u00e0 l&rsquo;\u00e9tranger soient autoris\u00e9s cet \u00e9t\u00e9 &#8211; Les mariages seront \u00e9galement sans doute impossible"},"content":{"rendered":"\n<p>Le Premier ministre Edouard Philippe a dit craindre que des voyages loin \u00e0 l\u2019\u00e9tranger ne soient pas possibles cet \u00e9t\u00e9. \u00abEst-ce que l\u2019on peut r\u00e9server une maison, une location, une place de camping ou un h\u00f4tel au mois de juillet ou au mois d\u2019ao\u00fbt en France ou \u00e0 l\u2019\u00e9tranger ? Je crains qu\u2019il ne soit pas raisonnable d\u2019imaginer voyager loin \u00e0 l\u2019\u00e9tranger tr\u00e8s vite \u00bb, a d\u00e9clar\u00e9 Edouard Philippe lors de sa conf\u00e9rence de presse.<\/p>\n\n\n\n<p>Le Premier ministre a soulign\u00e9 qu\u2019il n\u2019\u00e9tait \u00ab pas s\u00fbr que le transport a\u00e9rien pourra reprendre dans de bonnes conditions rapidement \u00bb, alors que le trafic a\u00e9rien pour les passagers est quasi suspendu en France. Il a aussi \u00e9mis des doutes sur \u00ab les conditions d\u2019entr\u00e9e ou de r\u00e9-entr\u00e9e sur le territoire national \u00bb qui seront certainement \u00ab assez exigeantes vis-\u00e0-vis de ceux qui arrivent de l\u2019\u00e9tranger \u00bb, dans le contexte d\u2019une pand\u00e9mie. \u00ab Donc \u00e7a me semble \u00e0 ce stade, peut-\u00eatre encore un peu d\u00e9raisonnable \u00bb, a-t-il ajout\u00e9, promettant toutefois d\u2019en dire plus \u00ab le moment venu \u00bb.<\/p>\n\n\n\n<p>Le chef du gouvernement a \u00e9mis les m\u00eames r\u00e9serves vis-\u00e0-vis de l\u2019organisation de mariages, qui conna\u00eet un pic entre le printemps et l\u2019\u00e9t\u00e9. \u00ab Compte tenu de (\u2026) la n\u00e9cessit\u00e9 de continuer \u00e0 faire pr\u00e9valoir les r\u00e8gles de distanciation physique \u00bb, \u00ab il ne me para\u00eet pas compl\u00e8tement raisonnable d\u2019imaginer qu\u2019un mariage qui rassemblerait 200 personnes dans un lieu confin\u00e9 soit imm\u00e9diatement envisageable \u00bb, a-t-il indiqu\u00e9. \u00abPour combien de temps je ne sais pas encore, mais \u00e7a ne me semble pas opportun ou raisonnable d\u2019imaginer que, \u00e0 tr\u00e8s court terme, cela soit possible \u00bb, a soulign\u00e9 Edouard Philippe.<\/p>\n","protected":false},"excerpt":{"rendered":"<p>Le Premier ministre Edouard Philippe a dit craindre que des voyages loin \u00e0 l\u2019\u00e9tranger ne soient pas possibles cet \u00e9t\u00e9. \u00abEst-ce que l\u2019on peut r\u00e9server une maison, une location, une place de camping ou un h\u00f4tel au mois de juillet ou au mois d\u2019ao\u00fbt en France ou \u00e0 l\u2019\u00e9tranger ? Je crains qu\u2019il ne soit [&hellip;]<\/p>\n","protected":false},"author":2,"featured_media":15330,"comment_status":"open","ping_status":"open","sticky":false,"template":"","format":"standard","meta":{"_jetpack_memberships_contains_paid_content":false,"footnotes":"","jetpack_publicize_message":"","jetpack_publicize_feature_enabled":true,"jetpack_social_post_already_shared":true,"jetpack_social_options":{"image_generator_settings":{"template":"highway","default_image_id":0,"font":"","enabled":false},"version":2},"_wpas_customize_per_network":false},"categories":[405],"tags":[],"class_list":["post-15329","post","type-post","status-publish","format-standard","has-post-thumbnail","hentry","category-actu-france-monde"],"jetpack_publicize_connections":[],"jetpack_featured_media_url":"https:\/\/i0.wp.com\/www.iceagetv.com\/radiosite\/wp-content\/uploads\/2020\/04\/Le-Premier-ministre-doute-que-les-s%C3%A9jours-%C3%A0-lh%C3%B4tel.png?fit=902%2C381&ssl=1","jetpack_sharing_enabled":true,"_links":{"self":[{"href":"https:\/\/www.iceagetv.com\/radiosite\/wp-json\/wp\/v2\/posts\/15329","targetHints":{"allow":["GET"]}}],"collection":[{"href":"https:\/\/www.iceagetv.com\/radiosite\/wp-json\/wp\/v2\/posts"}],"about":[{"href":"https:\/\/www.iceagetv.com\/radiosite\/wp-json\/wp\/v2\/types\/post"}],"author":[{"embeddable":true,"href":"https:\/\/www.iceagetv.com\/radiosite\/wp-json\/wp\/v2\/users\/2"}],"replies":[{"embeddable":true,"href":"https:\/\/www.iceagetv.com\/radiosite\/wp-json\/wp\/v2\/comments?post=15329"}],"version-history":[{"count":1,"href":"https:\/\/www.iceagetv.com\/radiosite\/wp-json\/wp\/v2\/posts\/15329\/revisions"}],"predecessor-version":[{"id":15331,"href":"https:\/\/www.iceagetv.com\/radiosite\/wp-json\/wp\/v2\/posts\/15329\/revisions\/15331"}],"wp:featuredmedia":[{"embeddable":true,"href":"https:\/\/www.iceagetv.com\/radiosite\/wp-json\/wp\/v2\/media\/15330"}],"wp:attachment":[{"href":"https:\/\/www.iceagetv.com\/radiosite\/wp-json\/wp\/v2\/media?parent=15329"}],"wp:term":[{"taxonomy":"category","embeddable":true,"href":"https:\/\/www.iceagetv.com\/radiosite\/wp-json\/wp\/v2\/categories?post=15329"},{"taxonomy":"post_tag","embeddable":true,"href":"https:\/\/www.iceagetv.com\/radiosite\/wp-json\/wp\/v2\/tags?post=15329"}],"curies":[{"name":"wp","href":"https:\/\/api.w.org\/{rel}","templated":true}]}}