{"id":15343,"date":"2020-04-21T18:14:23","date_gmt":"2020-04-21T18:14:23","guid":{"rendered":"http:\/\/www.iceagetv.com\/radiosite\/?p=15343"},"modified":"2020-04-21T18:14:23","modified_gmt":"2020-04-21T18:14:23","slug":"en-france-20-796-deces-depuis-le-1er-mars-soit-12-900-deces-en-hopital-et-7-896-deces-en-ehpad-le-covid-19-reconnu-comme-maladie-professionnelle-pour-tous-les-soignants","status":"publish","type":"post","link":"https:\/\/www.iceagetv.com\/radiosite\/en-france-20-796-deces-depuis-le-1er-mars-soit-12-900-deces-en-hopital-et-7-896-deces-en-ehpad-le-covid-19-reconnu-comme-maladie-professionnelle-pour-tous-les-soignants\/","title":{"rendered":"En France, 20.796 d\u00e9c\u00e8s depuis le 1er mars soit 12.900 d\u00e9c\u00e8s en h\u00f4pital et 7.896 d\u00e9c\u00e8s en EHPAD &#8211; Le COVID-19 reconnu comme \u00ab\u00a0maladie professionnelle\u00a0\u00bb pour tous les soignants"},"content":{"rendered":"\n<p> <strong>J\u00e9r\u00f4me Salomon fait son point quotidien sur l&rsquo;\u00e9tat de a crise sanitaire : \u00ab\u00a0117.324 cas sont confirm\u00e9s avec 30.106 personnes hospitalis\u00e9s et 1.885 nouveaux patients. 5.433 patients sont en r\u00e9animation soit 190 nouveaux malades malgr\u00e9 un solde n\u00e9gatif pour le 13e jour cons\u00e9cutif. 12.900 d\u00e9c\u00e8s en h\u00f4pital et 7.896 d\u00e9c\u00e8s depuis le 1er mars. Soit 20.796 d\u00e9c\u00e8s en EHPAD depuis le 1er mars.<\/strong>  <strong>Le COVID-19 sera reconnu pour tous les soignants comme une maladie professionnelle sans avoir \u00e0 prouver o\u00f9 le virus a \u00e9t\u00e9 attrap\u00e9.<\/strong> <\/p>\n\n\n\n<p>Le Danemark, qui l\u00e8ve progressivement les restrictions li\u00e9es \u00e0 la lutte contre le nouveau coronavirus, a annonc\u00e9 mardi qu\u2019il n\u2019autoriserait aucun rassemblement de plus de 500 personnes avant le 1<sup>er<\/sup>&nbsp;septembre.&nbsp;La mise en place de ce plafond fait suite \u00e0 l\u2019interdiction d\u00e9but avril par la cheffe du gouvernement Mette Frederiksen d\u2019organiser des grands \u00e9v\u00e8nements pendant l\u2019\u00e9t\u00e9.&nbsp;&nbsp;<\/p>\n\n\n\n<p>\u00ab&nbsp;On peut voir que les grands \u00e9v\u00e8nements peuvent \u00eatre vecteurs de ce qu\u2019on appelle une \u00ab\u00a0super contamination\u00a0\u00bb, c\u2019est pour cela qu\u2019on peut dire qu\u2019en aucun cas pendant l\u2019\u00e9t\u00e9 on pourra rassembler plus de 500 personnes&nbsp;\u00bb, a-t-elle dit \u00e0 l\u2019issue d\u2019une s\u00e9ance de questions au Parlement mardi apr\u00e8s-midi.<\/p>\n\n\n\n<p>Ce plafond ne signifie pas pour autant que le gouvernement ne prolongera pas le d\u00e9cret actuel, valable jusqu\u2019au 10&nbsp;mai, qui interdit \u00e0 plus de dix personnes de se r\u00e9unir.<\/p>\n\n\n\n<p>\u00ab&nbsp;Nous ne pouvons pas \u00eatre plus pr\u00e9cis maintenant. Nous ne connaissons pas l\u2019\u00e9volution de la maladie&nbsp;\u00bb, a dit la premi\u00e8re ministre.<\/p>\n\n\n\n<p>Cette incertitude sur le nombre limite de personnes pouvant se rassembler fait l\u2019objet de d\u00e9bats dans le pays, comme dans beaucoup d\u2019autres, car il p\u00e8se sur l\u2019organisation de f\u00eates et mariages estivaux.<\/p>\n\n\n\n<p>M<sup>me<\/sup>&nbsp;Frederiksen a appel\u00e9 \u00e0 la patience.<\/p>\n\n\n\n<p>\u00ab&nbsp;Je fais partie de ceux qui ont pr\u00e9vu un mariage d\u2019\u00e9t\u00e9. Mais je ne sais pas non plus s\u2019il va avoir lieu cet \u00e9t\u00e9. On suit l\u2019\u00e9volution&nbsp;\u00bb, a-t-elle dit.<\/p>\n\n\n\n<p>Le royaume scandinave, relativement \u00e9pargn\u00e9 par l\u2019\u00e9pid\u00e9mie de coronavirus avec 7891 cas d\u00e9clar\u00e9s et 370 d\u00e9c\u00e8s depuis fin f\u00e9vrier, avait le 12&nbsp;mars pris des mesures restrictives (fermeture des \u00e9coles puis des lieux publics notamment) qu\u2019il l\u00e8ve peu \u00e0 peu, avec circonspection.<\/p>\n\n\n\n<p>Apr\u00e8s les \u00e9coles et les garderies le 15&nbsp;avril, des petites entreprises tels les salons de coiffure et de tatouage mais aussi les dentistes, ont rouvert lundi. Les coll\u00e8ges, \u00e9coles secondaires, restaurants et bars devraient rouvrir le 11&nbsp;mai.<\/p>\n\n\n\n<p>Pour les autorit\u00e9s, la pierre angulaire de ce retour \u00e0 une normalit\u00e9 encadr\u00e9e est le respect draconien des consignes sanitaires, notamment les distances et les r\u00e8gles d\u2019hygi\u00e8ne.<\/p>\n\n\n\n<p><\/p>\n","protected":false},"excerpt":{"rendered":"<p>J\u00e9r\u00f4me Salomon fait son point quotidien sur l&rsquo;\u00e9tat de a crise sanitaire : \u00ab\u00a0117.324 cas sont confirm\u00e9s avec 30.106 personnes hospitalis\u00e9s et 1.885 nouveaux patients. 5.433 patients sont en r\u00e9animation soit 190 nouveaux malades malgr\u00e9 un solde n\u00e9gatif pour le 13e jour cons\u00e9cutif. 12.900 d\u00e9c\u00e8s en h\u00f4pital et 7.896 d\u00e9c\u00e8s depuis le 1er mars. Soit [&hellip;]<\/p>\n","protected":false},"author":2,"featured_media":15228,"comment_status":"open","ping_status":"open","sticky":false,"template":"","format":"standard","meta":{"_jetpack_memberships_contains_paid_content":false,"footnotes":"","jetpack_publicize_message":"","jetpack_publicize_feature_enabled":true,"jetpack_social_post_already_shared":true,"jetpack_social_options":{"image_generator_settings":{"template":"highway","default_image_id":0,"font":"","enabled":false},"version":2},"_wpas_customize_per_network":false},"categories":[405],"tags":[],"class_list":["post-15343","post","type-post","status-publish","format-standard","has-post-thumbnail","hentry","category-actu-france-monde"],"jetpack_publicize_connections":[],"jetpack_featured_media_url":"https:\/\/i0.wp.com\/www.iceagetv.com\/radiosite\/wp-content\/uploads\/2020\/04\/7.148-personnes-en-r%C3%A9animation.jpg?fit=633%2C285&ssl=1","jetpack_sharing_enabled":true,"_links":{"self":[{"href":"https:\/\/www.iceagetv.com\/radiosite\/wp-json\/wp\/v2\/posts\/15343","targetHints":{"allow":["GET"]}}],"collection":[{"href":"https:\/\/www.iceagetv.com\/radiosite\/wp-json\/wp\/v2\/posts"}],"about":[{"href":"https:\/\/www.iceagetv.com\/radiosite\/wp-json\/wp\/v2\/types\/post"}],"author":[{"embeddable":true,"href":"https:\/\/www.iceagetv.com\/radiosite\/wp-json\/wp\/v2\/users\/2"}],"replies":[{"embeddable":true,"href":"https:\/\/www.iceagetv.com\/radiosite\/wp-json\/wp\/v2\/comments?post=15343"}],"version-history":[{"count":1,"href":"https:\/\/www.iceagetv.com\/radiosite\/wp-json\/wp\/v2\/posts\/15343\/revisions"}],"predecessor-version":[{"id":15344,"href":"https:\/\/www.iceagetv.com\/radiosite\/wp-json\/wp\/v2\/posts\/15343\/revisions\/15344"}],"wp:featuredmedia":[{"embeddable":true,"href":"https:\/\/www.iceagetv.com\/radiosite\/wp-json\/wp\/v2\/media\/15228"}],"wp:attachment":[{"href":"https:\/\/www.iceagetv.com\/radiosite\/wp-json\/wp\/v2\/media?parent=15343"}],"wp:term":[{"taxonomy":"category","embeddable":true,"href":"https:\/\/www.iceagetv.com\/radiosite\/wp-json\/wp\/v2\/categories?post=15343"},{"taxonomy":"post_tag","embeddable":true,"href":"https:\/\/www.iceagetv.com\/radiosite\/wp-json\/wp\/v2\/tags?post=15343"}],"curies":[{"name":"wp","href":"https:\/\/api.w.org\/{rel}","templated":true}]}}