{"id":15349,"date":"2020-04-22T09:28:33","date_gmt":"2020-04-22T09:28:33","guid":{"rendered":"http:\/\/www.iceagetv.com\/radiosite\/?p=15349"},"modified":"2020-04-22T09:28:33","modified_gmt":"2020-04-22T09:28:33","slug":"coronavirus-bars-cafes-et-restaurants-pourraient-rouvrir-a-partir-du-15-juin","status":"publish","type":"post","link":"https:\/\/www.iceagetv.com\/radiosite\/coronavirus-bars-cafes-et-restaurants-pourraient-rouvrir-a-partir-du-15-juin\/","title":{"rendered":"Coronavirus : bars, caf\u00e9s et restaurants pourraient rouvrir \u00e0 partir du 15 juin"},"content":{"rendered":"\n<p>Selon CNews puis Europe 1, \u00e0 compter du 15 juin prochain, les bars, caf\u00e9s, et restaurants pourraient rouvrir leurs portes en France. Une r\u00e9union devrait se tenir vendredi 24 avril, \u00e0 l&rsquo;\u00c9lys\u00e9e.<\/p>\n\n\n\n<p>Plus que 19 jours \u00e0 tenir avant le d\u00e9but du&nbsp;<strong>d\u00e9confinement<\/strong>, un retour progressif \u00e0 la normale qui ne concerne pas, on le sait, les bars, les caf\u00e9s et les restaurants. Au d\u00e9but de l&rsquo;\u00e9t\u00e9 ? En septembre ?&#8230;<\/p>\n\n\n\n<p>Le gouvernement entretient le flou quant \u00e0 l&rsquo;ouverture tant attendue de ces \u00e9tablissements, mais\u00a0une information de CNews donn\u00e9e mardi 21 avril au soir pourrait donner de l&rsquo;espoir \u00e0 ces secteurs d&rsquo;activit\u00e9 qui repr\u00e9sentent pr\u00e8s de 10 % du march\u00e9 du travail en France.<\/p>\n\n\n\n<h2 class=\"wp-block-heading\">Cri de joie des chroniqueurs<\/h2>\n\n\n\n<p>Dans \u00ab\u00a0L&rsquo;Heure des pros 2\u00a0\u00bb, Pascal Praud a ainsi annonc\u00e9 que la r\u00e9ouverture pourrait intervenir d\u00e8s le 15 juin ! \u00ab\u00a0C&rsquo;est une information CNews qu&rsquo;il faut prendre encore avec des pincettes, il faut faire attention, mais le gouvernement travaillerait sur une r\u00e9ouverture des restaurants le 15 juin. (&#8230;) Alors qu&rsquo;on pouvait imaginer ou avoir peur qu&rsquo;aucun restaurant ne rouvre cet \u00e9t\u00e9\u00a0\u00bb, a-t-il balanc\u00e9, provoquant les cris de joie de ses chroniqueurs en plateau.<\/p>\n\n\n\n<h2 class=\"wp-block-heading\">Vers une reprise progressive l\u00e0 aussi<\/h2>\n\n\n\n<p>Un peu plus tard, Europe 1 confirme la rumeur. Cependant, le gouvernement n&rsquo;envisagerait pas une r\u00e9ouverture de l&rsquo;ensemble des \u00e9tablissements d&rsquo;un seul coup. Il s&rsquo;agirait d&rsquo;une reprise d&rsquo;activit\u00e9 tr\u00e8s progressive comme cela a d\u00e9j\u00e0 \u00e9t\u00e9&nbsp;<a href=\"https:\/\/www.midilibre.fr\/2020\/04\/21\/coronavirus-blanquer-evoque-une-rentree-en-trois-etapes-gs-cp-et-cm2-et-par-demi-groupes,8856408.php\" target=\"_blank\" rel=\"noreferrer noopener\">annonc\u00e9 pour les \u00e9coles, \u00e0 partir du 11 mai<\/a>.<\/p>\n\n\n\n<p>Au minist\u00e8re de l&rsquo;\u00c9conomie, on reconna\u00eet que, pour l&rsquo;instant, \u00ab\u00a0on n&rsquo;a pas trouv\u00e9 la r\u00e9ponse, mais il va falloir aller vite pour sauver la saison estivale\u00a0\u00bb. Selon Capital, une r\u00e9union sur le sujet doit avoir lieu vendredi 24 avril.<\/p>\n\n\n\n<p><\/p>\n","protected":false},"excerpt":{"rendered":"<p>Selon CNews puis Europe 1, \u00e0 compter du 15 juin prochain, les bars, caf\u00e9s, et restaurants pourraient rouvrir leurs portes en France. Une r\u00e9union devrait se tenir vendredi 24 avril, \u00e0 l&rsquo;\u00c9lys\u00e9e. Plus que 19 jours \u00e0 tenir avant le d\u00e9but du&nbsp;d\u00e9confinement, un retour progressif \u00e0 la normale qui ne concerne pas, on le sait, [&hellip;]<\/p>\n","protected":false},"author":2,"featured_media":15350,"comment_status":"open","ping_status":"open","sticky":false,"template":"","format":"standard","meta":{"_jetpack_memberships_contains_paid_content":false,"footnotes":"","jetpack_publicize_message":"","jetpack_publicize_feature_enabled":true,"jetpack_social_post_already_shared":true,"jetpack_social_options":{"image_generator_settings":{"template":"highway","default_image_id":0,"font":"","enabled":false},"version":2},"_wpas_customize_per_network":false},"categories":[405],"tags":[],"class_list":["post-15349","post","type-post","status-publish","format-standard","has-post-thumbnail","hentry","category-actu-france-monde"],"jetpack_publicize_connections":[],"jetpack_featured_media_url":"https:\/\/i0.wp.com\/www.iceagetv.com\/radiosite\/wp-content\/uploads\/2020\/04\/restaurants-pourraient-rouvrir-%C3%A0-partir-du-15-juin.jpg?fit=885%2C500&ssl=1","jetpack_sharing_enabled":true,"_links":{"self":[{"href":"https:\/\/www.iceagetv.com\/radiosite\/wp-json\/wp\/v2\/posts\/15349","targetHints":{"allow":["GET"]}}],"collection":[{"href":"https:\/\/www.iceagetv.com\/radiosite\/wp-json\/wp\/v2\/posts"}],"about":[{"href":"https:\/\/www.iceagetv.com\/radiosite\/wp-json\/wp\/v2\/types\/post"}],"author":[{"embeddable":true,"href":"https:\/\/www.iceagetv.com\/radiosite\/wp-json\/wp\/v2\/users\/2"}],"replies":[{"embeddable":true,"href":"https:\/\/www.iceagetv.com\/radiosite\/wp-json\/wp\/v2\/comments?post=15349"}],"version-history":[{"count":1,"href":"https:\/\/www.iceagetv.com\/radiosite\/wp-json\/wp\/v2\/posts\/15349\/revisions"}],"predecessor-version":[{"id":15351,"href":"https:\/\/www.iceagetv.com\/radiosite\/wp-json\/wp\/v2\/posts\/15349\/revisions\/15351"}],"wp:featuredmedia":[{"embeddable":true,"href":"https:\/\/www.iceagetv.com\/radiosite\/wp-json\/wp\/v2\/media\/15350"}],"wp:attachment":[{"href":"https:\/\/www.iceagetv.com\/radiosite\/wp-json\/wp\/v2\/media?parent=15349"}],"wp:term":[{"taxonomy":"category","embeddable":true,"href":"https:\/\/www.iceagetv.com\/radiosite\/wp-json\/wp\/v2\/categories?post=15349"},{"taxonomy":"post_tag","embeddable":true,"href":"https:\/\/www.iceagetv.com\/radiosite\/wp-json\/wp\/v2\/tags?post=15349"}],"curies":[{"name":"wp","href":"https:\/\/api.w.org\/{rel}","templated":true}]}}