{"id":15353,"date":"2020-04-22T18:09:06","date_gmt":"2020-04-22T18:09:06","guid":{"rendered":"http:\/\/www.iceagetv.com\/radiosite\/?p=15353"},"modified":"2020-04-22T18:09:06","modified_gmt":"2020-04-22T18:09:06","slug":"en-france-21-340-deces-au-total-544-en-24h-soit-13-236-morts-dans-les-hopitaux-et-8-104-en-ehpad-lacademie-nationale-de-medecine-recommande-le-port-du-masque-des-maintenant","status":"publish","type":"post","link":"https:\/\/www.iceagetv.com\/radiosite\/en-france-21-340-deces-au-total-544-en-24h-soit-13-236-morts-dans-les-hopitaux-et-8-104-en-ehpad-lacademie-nationale-de-medecine-recommande-le-port-du-masque-des-maintenant\/","title":{"rendered":"En France, 21.340 d\u00e9c\u00e8s au total (+544 en 24h) soit 13.236 morts dans les h\u00f4pitaux et 8.104 en EHPAD &#8211; L&rsquo;Acad\u00e9mie nationale de m\u00e9decine recommande le port du masque d\u00e8s maintenant"},"content":{"rendered":"\n<p><strong>&nbsp;J\u00e9r\u00f4me Salomon, le Directeur G\u00e9n\u00e9ral de la sant\u00e9, fait son point quotidien sur la maladie en France :&nbsp;<\/strong>\u00ab\u00a0Ce soir, 29.741 personnes sont hospitalis\u00e9es et 1.719 nouveaux patients ont \u00e9t\u00e9 admis en 24 mais le solde reste n\u00e9gatif de 365.<\/p>\n\n\n\n<p>5.218 patients sont en r\u00e9animation soit 183 nouveaux patients sur 24h mais avec un solde n\u00e9gatif de 215. Concernant les d\u00e9c\u00e8s,13.236 d\u00e9c\u00e8s depuis le 1er mars dans les h\u00f4pitaux et 8.104 d\u00e9c\u00e8s depuis le d\u00e9but de l&rsquo;\u00e9pid\u00e9mie. Soit 21.340 d\u00e9c\u00e8s li\u00e9s au Covid 19\u00a0 <strong>L\u2019Italie passe le cap des 25.000 d\u00e9c\u00e8s depuis le d\u00e9but de la crise avec 437 nouveaux morts au cours des derni\u00e8res 24 heures<\/strong>  <strong>L\u2019Italie passe le cap des 25.000 d\u00e9c\u00e8s depuis le d\u00e9but de la crise avec 437 nouveaux morts au cours des derni\u00e8res 24 heures<\/strong>  \u00a0Le Pr\u00e9sident Emmanuel Macron est arriv\u00e9 en Bretagne pour une visite de soutien \u00e0 la fili\u00e8re agricole et alimentaire  <strong>Dans un communiqu\u00e9 publi\u00e9 cet apr\u00e8s-midi, l&rsquo;Acad\u00e9mie nationale de m\u00e9decine recommande le port du masque d\u00e8s maintenant et pas seulement dans les transports en commun.<\/strong> <\/p>\n\n\n\n<p>Afin de limiter le risque de transmission directe du virus par les gouttelettes projet\u00e9es \u00e0 l\u2019occasion de la parole, de la toux et de l\u2019\u00e9ternuement, le port d\u2019un masque anti-projections couvant le nez et la bouche, destin\u00e9 \u00e0 retenir ces postillons et \u00e0 \u00e9viter leur dispersion dans l\u2019environnement imm\u00e9diat, a \u00e9t\u00e9 recommand\u00e9 dans un communiqu\u00e9 r\u00e9cent de l\u2019Acad\u00e9mie nationale de m\u00e9decine\u00a0\u00bb, explique le texte.<\/p>\n\n\n\n<p>Et d&rsquo;ajouter : \u00ab\u00a0Pour \u00eatre efficace, le port du masque anti-projections doit \u00eatre g\u00e9n\u00e9ralis\u00e9 dans l\u2019espace public. Cette mesure ne peut avoir un impact \u00e9pid\u00e9miologique sur la circulation du virus que si tout individu s\u2019astreint \u00e0 l\u2019appliquer d\u00e8s qu\u2019il sort de son domicile. Une simple recommandation ne peut suffire, chacun devant se consid\u00e9rer comme potentiellement porteur du virus et contagieux, m\u00eame quand il se sent en bonne sant\u00e9. Veiller \u00e0 ne pas contaminer les autres n\u2019est pas facultatif, c\u2019est une attitude \u00ab citoyenne \u00bb qui doit \u00eatre rendue obligatoire dans l\u2019espace public\u00a0\u00bb.&nbsp;<\/p>\n\n\n\n<p>Pour l&rsquo;Acad\u00e9mie nationale de m\u00e9decine, \u00ab\u00a0restreindre le port du masque dans les seuls transports en commun, c\u2019est n\u00e9gliger tous les espaces publics o\u00f9 le risque demeure. Subordonner cette obligation \u00e0 la fourniture gratuite de masques par l\u2019\u00c9tat, c\u2019est conforter la population dans une situation d\u2019assistance et de d\u00e9responsabilisation\u00a0\u00bb.<\/p>\n\n\n\n<p>\u00ab\u00a0Attendre la date du 11 mai [date du d\u00e9but du d\u00e9confinement, ndlr] pour faire porter le masque aux Fran\u00e7ais, c\u2019est accorder 3 semaines de r\u00e9pit au SARS-CoV-2 pour qu\u2019il continue de se transmettre, c\u2019est accepter plusieurs milliers de nouvelles infections, donc plusieurs centaines d\u2019hospitalisations et plusieurs dizaines de morts suppl\u00e9mentaires\u00a0\u00bb.<\/p>\n\n\n\n<p>Le constructeur automobile Renault a commenc\u00e9 \u00e0 relancer sa production en France, apr\u00e8s une interruption depuis le 16 mars dans le cadre de la lutte contre l&rsquo;\u00e9pid\u00e9mie de Covid-19, a-t-on appris mercredi aupr\u00e8s de la direction.<\/p>\n\n\n\n<p>\u00ab\u00a0La reprise va se faire de mani\u00e8re extr\u00eamement progressive, avec des effectifs limit\u00e9s, qui vont augmenter progressivement\u00a0\u00bb afin de pouvoir v\u00e9rifier la bonne application du protocole sanitaire, a expliqu\u00e9 le directeur des ressources humaines, Tristan Lormeau, lors d&rsquo;une conf\u00e9rence t\u00e9l\u00e9phonique avec des journalistes.<\/p>\n\n\n\n<p>Trois usines du groupe, Cl\u00e9on (Seine-Maritime) qui fabrique des moteurs, Le Mans (Sarthe) qui produit des ch\u00e2ssis, et Choisy-le-Roi (Val-de-Marne) qui produit des pi\u00e8ces d\u00e9tach\u00e9es de r\u00e9emploi, ont d\u00e9j\u00e0 entam\u00e9 une reprise \u00ab\u00a0cette semaine\u00a0\u00bb, a indiqu\u00e9 Patrice Haettel, directeur industriel du groupe pour la France.<\/p>\n\n\n\n<p>La reprise se poursuivra la semaine prochaine, avec l&rsquo;usine de Flins (Yvelines) qui assemble notamment la citadine \u00e9lectrique Zoe.<\/p>\n\n\n\n<p>\u00ab\u00a0Les autres sites suivront jusqu&rsquo;\u00e0 d\u00e9but mai\u00a0\u00bb, a pr\u00e9cis\u00e9 M. Haettel. Il a soulign\u00e9 qu&rsquo;au d\u00e9marrage il n&rsquo;\u00e9tait pas question de faire des volumes importants mais de reprendre avec des effectifs tr\u00e8s limit\u00e9s.<\/p>\n\n\n\n<p>\u00ab\u00a0Aujourd&rsquo;hui, on se pr\u00e9pare. Il faut qu&rsquo;on montre qu&rsquo;on sait travailler avec le protocole sanitaire, et donc cela va demander beaucoup de temps pour \u00eatre pr\u00eat le jour o\u00f9 nos concessions vont rouvrir\u00a0\u00bb, a-t-il expliqu\u00e9.<\/p>\n\n\n\n<p>Il a soulign\u00e9 que cette reprise intervenait apr\u00e8s plusieurs semaines de pr\u00e9paration avec la m\u00e9decine du travail pour pr\u00e9parer ce protocole, en dialogue avec les organisations syndicales.<\/p>\n\n\n\n<p>Les mesures de s\u00e9curit\u00e9 sanitaire incluent notamment la prise de temp\u00e9rature des salari\u00e9s \u00e0 l&rsquo;entr\u00e9e de l&rsquo;usine, le port d&rsquo;\u00e9quipements de protection, le nettoyage et la d\u00e9sinfection des postes de travail et la r\u00e9organisation des salles collectives.<\/p>\n\n\n\n<p>Du c\u00f4t\u00e9 des syndicats, Franck Dao\u00fbt, d\u00e9l\u00e9gu\u00e9 CFDT, joint par l&rsquo;AFP, a expliqu\u00e9 que \u00ab\u00a0les usines devraient red\u00e9marrer avec 25% des salari\u00e9s sur place\u00a0\u00bb, par \u00ab\u00a0demi-\u00e9quipes ou quart d&rsquo;\u00e9quipes\u00a0\u00bb, apr\u00e8s \u00ab\u00a0une formation sur les postes pour respecter les gestes barri\u00e8re\u00a0\u00bb. Concernant le site de Flins, \u00ab\u00a0les carnets de commandes pour Zoe sont pleins, les clients attendent leurs v\u00e9hicules\u00a0\u00bb, a-t-il soulign\u00e9.<\/p>\n\n\n\n<p>Mais la reprise ne fait pas l&rsquo;unanimit\u00e9. Ce que \u00ab\u00a0la direction a mis en place\u00a0\u00bb en mati\u00e8re de protection sanitaire, \u00ab\u00a0ce n&rsquo;est pas grand-chose\u00a0\u00bb, a d\u00e9plor\u00e9 Fabien G\u00e2che, d\u00e9l\u00e9gu\u00e9 CGT, mettant en doute l&rsquo;int\u00e9r\u00eat de reprendre l&rsquo;activit\u00e9 \u00ab\u00a0si c&rsquo;est pour sortir seulement 50 voitures dans la journ\u00e9e\u00a0\u00bb.<\/p>\n\n\n\n<p><strong>14h57:<\/strong>Le prince Albert II de Monaco a d\u00e9cide de diminuer de 40% le budget de fonctionnement du Palais princier face aux&nbsp;\u00ab\u00a0cons\u00e9quences \u00e9conomiques sans pr\u00e9c\u00e9dent\u00a0\u00bb&nbsp;de l&rsquo;\u00e9pid\u00e9mie de coronavirus. Les d\u00e9penses de fonctionnement du Palais passent de 13,2 millions d&rsquo;euros \u00e0 8 millions d&rsquo;euros.<\/p>\n\n\n\n<p><strong>13h29:&nbsp;<\/strong>\u00ab\u00a0On a besoin de temps pour \u00e9laborer les sc\u00e9narios de reprise d&rsquo;activit\u00e9\u00a0\u00bb dans le domaine de la restauration, a d\u00e9clar\u00e9 Sibeth Ndiaye, la porte-parole du gouvernement. \u00ab\u00a0On ne peut pour l&rsquo;heure confirmer la date du 15 juin\u00a0\u00bb.<\/p>\n\n\n\n<p>\u00ab\u00a0Nous avons un dispositif robuste d&rsquo;aide aux personnes d\u00e9favoris\u00e9es\u00a0\u00bb<\/p>\n\n\n\n<p>\u00ab\u00a0Au minimum, notre capacit\u00e9 sera de 500.000 tests par semaine lors du d\u00e9confinement\u00a0\u00bb.<\/p>\n\n\n\n<p>La porte-parole du gouvernement a indiqu\u00e9 que le d\u00e9confinement \u00ab\u00a0se fera de mani\u00e8re progressive\u00a0\u00bb. \u00ab\u00a0Nous avons beaucoup de pain sur la planche\u00a0\u00bb, a pr\u00e9cis\u00e9 Sibeth Ndiaye.<\/p>\n\n\n\n<p><\/p>\n\n\n\n<p><\/p>\n","protected":false},"excerpt":{"rendered":"<p>&nbsp;J\u00e9r\u00f4me Salomon, le Directeur G\u00e9n\u00e9ral de la sant\u00e9, fait son point quotidien sur la maladie en France :&nbsp;\u00ab\u00a0Ce soir, 29.741 personnes sont hospitalis\u00e9es et 1.719 nouveaux patients ont \u00e9t\u00e9 admis en 24 mais le solde reste n\u00e9gatif de 365. 5.218 patients sont en r\u00e9animation soit 183 nouveaux patients sur 24h mais avec un solde n\u00e9gatif [&hellip;]<\/p>\n","protected":false},"author":2,"featured_media":15354,"comment_status":"open","ping_status":"open","sticky":false,"template":"","format":"standard","meta":{"_jetpack_memberships_contains_paid_content":false,"footnotes":"","jetpack_publicize_message":"","jetpack_publicize_feature_enabled":true,"jetpack_social_post_already_shared":true,"jetpack_social_options":{"image_generator_settings":{"template":"highway","default_image_id":0,"font":"","enabled":false},"version":2},"_wpas_customize_per_network":false},"categories":[405],"tags":[],"class_list":["post-15353","post","type-post","status-publish","format-standard","has-post-thumbnail","hentry","category-actu-france-monde"],"jetpack_publicize_connections":[],"jetpack_featured_media_url":"https:\/\/i0.wp.com\/www.iceagetv.com\/radiosite\/wp-content\/uploads\/2020\/04\/21.340-d%C3%A9c%C3%A8s.png?fit=622%2C267&ssl=1","jetpack_sharing_enabled":true,"_links":{"self":[{"href":"https:\/\/www.iceagetv.com\/radiosite\/wp-json\/wp\/v2\/posts\/15353","targetHints":{"allow":["GET"]}}],"collection":[{"href":"https:\/\/www.iceagetv.com\/radiosite\/wp-json\/wp\/v2\/posts"}],"about":[{"href":"https:\/\/www.iceagetv.com\/radiosite\/wp-json\/wp\/v2\/types\/post"}],"author":[{"embeddable":true,"href":"https:\/\/www.iceagetv.com\/radiosite\/wp-json\/wp\/v2\/users\/2"}],"replies":[{"embeddable":true,"href":"https:\/\/www.iceagetv.com\/radiosite\/wp-json\/wp\/v2\/comments?post=15353"}],"version-history":[{"count":1,"href":"https:\/\/www.iceagetv.com\/radiosite\/wp-json\/wp\/v2\/posts\/15353\/revisions"}],"predecessor-version":[{"id":15355,"href":"https:\/\/www.iceagetv.com\/radiosite\/wp-json\/wp\/v2\/posts\/15353\/revisions\/15355"}],"wp:featuredmedia":[{"embeddable":true,"href":"https:\/\/www.iceagetv.com\/radiosite\/wp-json\/wp\/v2\/media\/15354"}],"wp:attachment":[{"href":"https:\/\/www.iceagetv.com\/radiosite\/wp-json\/wp\/v2\/media?parent=15353"}],"wp:term":[{"taxonomy":"category","embeddable":true,"href":"https:\/\/www.iceagetv.com\/radiosite\/wp-json\/wp\/v2\/categories?post=15353"},{"taxonomy":"post_tag","embeddable":true,"href":"https:\/\/www.iceagetv.com\/radiosite\/wp-json\/wp\/v2\/tags?post=15353"}],"curies":[{"name":"wp","href":"https:\/\/api.w.org\/{rel}","templated":true}]}}