{"id":15362,"date":"2020-04-23T18:28:18","date_gmt":"2020-04-23T18:28:18","guid":{"rendered":"http:\/\/www.iceagetv.com\/radiosite\/?p=15362"},"modified":"2020-04-23T18:28:18","modified_gmt":"2020-04-23T18:28:18","slug":"coronavirus-516-nouveaux-morts-en-24-heures-en-france-le-nombre-dhospitalisations-en-baisse","status":"publish","type":"post","link":"https:\/\/www.iceagetv.com\/radiosite\/coronavirus-516-nouveaux-morts-en-24-heures-en-france-le-nombre-dhospitalisations-en-baisse\/","title":{"rendered":"Coronavirus: 516 nouveaux morts en 24 heures en France, le nombre d&rsquo;hospitalisations en baisse"},"content":{"rendered":"\n<h2 class=\"wp-block-heading\">Pour le 15e jour cons\u00e9cutif, le nombre de patients en r\u00e9animation baisse, tout comme les hospitalisations.&nbsp;<\/h2>\n\n\n\n<p>Une fois n&rsquo;est pas coutume, le Directeur g\u00e9n\u00e9ral de la Sant\u00e9, J\u00e9r\u00f4me Salomon, n&rsquo;a pas r\u00e9alis\u00e9 son habituel point presse ce jeudi. Pour autant, les autorit\u00e9s sanitaires nationales ont diffus\u00e9, via un communiqu\u00e9, les derniers chiffres concernant le Covid-19 en France.&nbsp;<\/p>\n\n\n\n<p>Ainsi, on apprend que sur l&rsquo;ensemble du territoire, 516 personnes ont trouv\u00e9 la mort ces derni\u00e8res 24 heures, portant le total \u00e0 21.856&nbsp;morts. Dans le d\u00e9tail, ce chiffre se divise de mani\u00e8re suivante: 13.547&nbsp;morts \u00e0 l&rsquo;h\u00f4pital, et 8309&nbsp;morts dans les Ehpad&nbsp;et \u00e9tablissement sociaux et m\u00e9dico-sociaux.&nbsp;<\/p>\n\n\n\n<h3 class=\"wp-block-heading\">Hospitalisations en baisse<\/h3>\n\n\n\n<p>Toutefois, le nombre de&nbsp;personnes hospitalis\u00e9es est en baisse, pour un total de 29.219&nbsp;personnes, soit 522&nbsp;patients en moins en l&rsquo;espace d&rsquo;une journ\u00e9e.&nbsp;En ce qui concerne les r\u00e9animations, l\u00e0 aussi le solde reste n\u00e9gatif.&nbsp;<\/p>\n\n\n\n<p>Au total, 120.804&nbsp;personnes contamin\u00e9es par le Covid-19 ont \u00e9t\u00e9 recens\u00e9es en France depuis le d\u00e9but de l&rsquo;\u00e9pid\u00e9mie, le 1er mars dernier.&nbsp;<\/p>\n\n\n\n<h3 class=\"wp-block-heading\">Poursuivre les efforts<\/h3>\n\n\n\n<p>En guise de conclusion, le communiqu\u00e9 souligne que \u00ab\u00a0nos efforts commencent \u00e0 payer\u00a0\u00bb, et qu&rsquo;il reste plus important que jamais, de respecter le confinement et les gestes barri\u00e8res.&nbsp;<\/p>\n\n\n\n<blockquote class=\"wp-block-quote is-layout-flow wp-block-quote-is-layout-flow\"><p>De plus, il est \u00e9galement rappel\u00e9 que \u00ab\u00a0les personnes pr\u00e9sentant des maladies chroniques doivent poursuivre leurs suivis et traitements. La t\u00e9l\u00e9m\u00e9decine s\u2019est tr\u00e8s fortement d\u00e9velopp\u00e9e pour r\u00e9pondre \u00e0 cette demande.\u00a0\u00bb<\/p><\/blockquote>\n","protected":false},"excerpt":{"rendered":"<p>Pour le 15e jour cons\u00e9cutif, le nombre de patients en r\u00e9animation baisse, tout comme les hospitalisations.&nbsp; Une fois n&rsquo;est pas coutume, le Directeur g\u00e9n\u00e9ral de la Sant\u00e9, J\u00e9r\u00f4me Salomon, n&rsquo;a pas r\u00e9alis\u00e9 son habituel point presse ce jeudi. Pour autant, les autorit\u00e9s sanitaires nationales ont diffus\u00e9, via un communiqu\u00e9, les derniers chiffres concernant le Covid-19 [&hellip;]<\/p>\n","protected":false},"author":2,"featured_media":15354,"comment_status":"open","ping_status":"open","sticky":false,"template":"","format":"standard","meta":{"_jetpack_memberships_contains_paid_content":false,"footnotes":"","jetpack_publicize_message":"","jetpack_publicize_feature_enabled":true,"jetpack_social_post_already_shared":true,"jetpack_social_options":{"image_generator_settings":{"template":"highway","default_image_id":0,"font":"","enabled":false},"version":2},"_wpas_customize_per_network":false},"categories":[405],"tags":[],"class_list":["post-15362","post","type-post","status-publish","format-standard","has-post-thumbnail","hentry","category-actu-france-monde"],"jetpack_publicize_connections":[],"jetpack_featured_media_url":"https:\/\/i0.wp.com\/www.iceagetv.com\/radiosite\/wp-content\/uploads\/2020\/04\/21.340-d%C3%A9c%C3%A8s.png?fit=622%2C267&ssl=1","jetpack_sharing_enabled":true,"_links":{"self":[{"href":"https:\/\/www.iceagetv.com\/radiosite\/wp-json\/wp\/v2\/posts\/15362","targetHints":{"allow":["GET"]}}],"collection":[{"href":"https:\/\/www.iceagetv.com\/radiosite\/wp-json\/wp\/v2\/posts"}],"about":[{"href":"https:\/\/www.iceagetv.com\/radiosite\/wp-json\/wp\/v2\/types\/post"}],"author":[{"embeddable":true,"href":"https:\/\/www.iceagetv.com\/radiosite\/wp-json\/wp\/v2\/users\/2"}],"replies":[{"embeddable":true,"href":"https:\/\/www.iceagetv.com\/radiosite\/wp-json\/wp\/v2\/comments?post=15362"}],"version-history":[{"count":1,"href":"https:\/\/www.iceagetv.com\/radiosite\/wp-json\/wp\/v2\/posts\/15362\/revisions"}],"predecessor-version":[{"id":15363,"href":"https:\/\/www.iceagetv.com\/radiosite\/wp-json\/wp\/v2\/posts\/15362\/revisions\/15363"}],"wp:featuredmedia":[{"embeddable":true,"href":"https:\/\/www.iceagetv.com\/radiosite\/wp-json\/wp\/v2\/media\/15354"}],"wp:attachment":[{"href":"https:\/\/www.iceagetv.com\/radiosite\/wp-json\/wp\/v2\/media?parent=15362"}],"wp:term":[{"taxonomy":"category","embeddable":true,"href":"https:\/\/www.iceagetv.com\/radiosite\/wp-json\/wp\/v2\/categories?post=15362"},{"taxonomy":"post_tag","embeddable":true,"href":"https:\/\/www.iceagetv.com\/radiosite\/wp-json\/wp\/v2\/tags?post=15362"}],"curies":[{"name":"wp","href":"https:\/\/api.w.org\/{rel}","templated":true}]}}